{"id":30269,"date":"2023-02-03T07:59:48","date_gmt":"2023-02-03T10:59:48","guid":{"rendered":"https:\/\/maranhaotv.com.br\/?p=30269"},"modified":"2023-02-03T07:59:48","modified_gmt":"2023-02-03T10:59:48","slug":"viana-carrinho-vai-gastar-r2-milhoes-no-carnaval-mas-populacao-sofre-com-estradas-na-zona-rural","status":"publish","type":"post","link":"https:\/\/maranhaotv.com.br\/index.php\/2023\/02\/03\/viana-carrinho-vai-gastar-r2-milhoes-no-carnaval-mas-populacao-sofre-com-estradas-na-zona-rural\/","title":{"rendered":"Viana: Carrinho vai gastar R$2 milh\u00f5es no Carnaval, mas popula\u00e7\u00e3o sofre com estradas na zona rural"},"content":{"rendered":"\n<p>O prefeito de Viana parece que ir\u00e1 desobedecer, de fato, o Minist\u00e9rio P\u00fablico. Carrinho Cidreira que pretende gastar uma fortuna na festa carnavalesca, tem deixado a desejar tanto na cidade como na zona rural.<\/p>\n\n\n\n<p>Em v\u00eddeos recentes,  \u00e9 poss\u00edvel ver o sofrimento dos moradores com o b\u00e1sico: o direito de ir e vir. A zona rural da cidade de Viana est\u00e1 intrag\u00e1vel e em algumas localidades \u00e9 imposs\u00edvel se deslocar, j\u00e1 que a estrada rompeu, como \u00e9 o caso de S\u00e3o Domingos. <br>No v\u00eddeo, \u00e9 poss\u00edvel escutar um dos moradores confidenciando: &#8220;cansamos de pedir ao prefeito para fazer essa estrada&#8221;, e ap\u00f3s a humilha\u00e7\u00e3o,.a pr\u00f3pria comunidade resolveu agir e est\u00e1 finalizando o trabalho.<\/p>\n\n\n\n<p>Ainda assim, Carrinho fecha os olhos para a necessidade do vianense, desafia o Minist\u00e9rio P\u00fablico, e gastar\u00e1 uma fortuna dos cofres p\u00fabicos,  mas n\u00e3o resolve as demandas da cidade.<\/p>\n\n\n\n<p><div class=\"jetpack-video-wrapper\"><iframe loading=\"lazy\" title=\"Descaso na administra\u00e7\u00e3o Carrinho Cidreira em Viana\" width=\"800\" height=\"450\" src=\"https:\/\/www.youtube.com\/embed\/KC6gvIT5GP0?feature=oembed\" frameborder=\"0\" allow=\"accelerometer; autoplay; clipboard-write; encrypted-media; gyroscope; picture-in-picture; web-share\" referrerpolicy=\"strict-origin-when-cross-origin\" allowfullscreen><\/iframe><\/div><\/p>\n\n\n\n<figure class=\"wp-block-video\"><video controls src=\"https:\/\/maranhaotv.com.br\/wp-content\/uploads\/2023\/02\/VID-20230203-WA0011.mp4\"><\/video><\/figure>\n","protected":false},"excerpt":{"rendered":"<p>O prefeito de Viana parece que ir\u00e1 desobedecer, de fato, o Minist\u00e9rio P\u00fablico. Carrinho Cidreira que pretende gastar uma fortuna<\/p>\n","protected":false},"author":2,"featured_media":30268,"comment_status":"open","ping_status":"open","sticky":false,"template":"","format":"standard","meta":{"colormag_page_container_layout":"default_layout","colormag_page_sidebar_layout":"default_layout","_jetpack_memberships_contains_paid_content":false,"footnotes":""},"categories":[23],"tags":[],"class_list":["post-30269","post","type-post","status-publish","format-standard","has-post-thumbnail","hentry","category-denuncia"],"magazineBlocksPostFeaturedMedia":{"thumbnail":false,"medium":false,"medium_large":false,"large":false,"1536x1536":false,"2048x2048":false,"colormag-highlighted-post":false,"colormag-featured-post-medium":false,"colormag-featured-post-small":false,"colormag-featured-image":false,"colormag-default-news":false,"colormag-featured-image-large":false},"magazineBlocksPostAuthor":{"name":"maranhaotv","avatar":"https:\/\/secure.gravatar.com\/avatar\/8fadbca458d4cb68b1dd399ae9a40618d747bb1af65ac9fad21c89220a143eb4?s=96&d=mm&r=g"},"magazineBlocksPostCommentsNumber":"0","magazineBlocksPostExcerpt":"O prefeito de Viana parece que ir\u00e1 desobedecer, de fato, o Minist\u00e9rio P\u00fablico. Carrinho Cidreira que pretende gastar uma fortuna","magazineBlocksPostCategories":["den\u00fancia"],"magazineBlocksPostViewCount":256,"magazineBlocksPostReadTime":1,"magazine_blocks_featured_image_url":{"full":false,"medium":false,"thumbnail":false},"magazine_blocks_author":{"display_name":"maranhaotv","author_link":"https:\/\/maranhaotv.com.br\/index.php\/author\/maranhaotv\/"},"magazine_blocks_comment":0,"magazine_blocks_author_image":"https:\/\/secure.gravatar.com\/avatar\/8fadbca458d4cb68b1dd399ae9a40618d747bb1af65ac9fad21c89220a143eb4?s=96&d=mm&r=g","magazine_blocks_category":"<a href=\"#\" class=\"category-link category-link-23\">den\u00fancia<\/a>","jetpack_featured_media_url":"","jetpack_sharing_enabled":true,"_links":{"self":[{"href":"https:\/\/maranhaotv.com.br\/index.php\/wp-json\/wp\/v2\/posts\/30269","targetHints":{"allow":["GET"]}}],"collection":[{"href":"https:\/\/maranhaotv.com.br\/index.php\/wp-json\/wp\/v2\/posts"}],"about":[{"href":"https:\/\/maranhaotv.com.br\/index.php\/wp-json\/wp\/v2\/types\/post"}],"author":[{"embeddable":true,"href":"https:\/\/maranhaotv.com.br\/index.php\/wp-json\/wp\/v2\/users\/2"}],"replies":[{"embeddable":true,"href":"https:\/\/maranhaotv.com.br\/index.php\/wp-json\/wp\/v2\/comments?post=30269"}],"version-history":[{"count":0,"href":"https:\/\/maranhaotv.com.br\/index.php\/wp-json\/wp\/v2\/posts\/30269\/revisions"}],"wp:featuredmedia":[{"embeddable":true,"href":"https:\/\/maranhaotv.com.br\/index.php\/wp-json\/"}],"wp:attachment":[{"href":"https:\/\/maranhaotv.com.br\/index.php\/wp-json\/wp\/v2\/media?parent=30269"}],"wp:term":[{"taxonomy":"category","embeddable":true,"href":"https:\/\/maranhaotv.com.br\/index.php\/wp-json\/wp\/v2\/categories?post=30269"},{"taxonomy":"post_tag","embeddable":true,"href":"https:\/\/maranhaotv.com.br\/index.php\/wp-json\/wp\/v2\/tags?post=30269"}],"curies":[{"name":"wp","href":"https:\/\/api.w.org\/{rel}","templated":true}]}}