{"id":30278,"date":"2023-02-03T18:14:37","date_gmt":"2023-02-03T21:14:37","guid":{"rendered":"https:\/\/maranhaotv.com.br\/?p=30278"},"modified":"2023-02-03T18:14:37","modified_gmt":"2023-02-03T21:14:37","slug":"sessao-solene-da-inicio-aos-trabalhos-legislativos-em-paco-do-lumiar","status":"publish","type":"post","link":"https:\/\/maranhaotv.com.br\/index.php\/2023\/02\/03\/sessao-solene-da-inicio-aos-trabalhos-legislativos-em-paco-do-lumiar\/","title":{"rendered":"Sess\u00e3o solene d\u00e1 in\u00edcio aos trabalhos legislativos em Pa\u00e7o do Lumiar"},"content":{"rendered":"\n<p>A solenidade realizada na manh\u00e3 de hoje (03), deu in\u00edcio ao 1\u00ba Per\u00edodo da 3\u00aa Sess\u00e3o Legislativa, e contou com a participa\u00e7\u00e3o dos vereadores que comp\u00f5em o Plen\u00e1rio, da prefeita de Pa\u00e7o do Lumiar, Paula Azevedo, e do deputado Estadual, Carlos Lula, representando a Assembleia Legislativa do Maranh\u00e3o (ALEMA).<\/p>\n\n\n\n<p>Os vereadores voltam do recesso parlamentar e dever\u00e3o se reunir semanalmente atrav\u00e9s de sess\u00f5es ordin\u00e1rias, extraordin\u00e1rias, audi\u00eancias e eventos oficiais, sob o comando da Mesa Diretora (2023-2024), presidida pelo vereador Jorge Mar\u00fa.<\/p>\n\n\n\n<p>O evento foi marcado, tamb\u00e9m, pela presen\u00e7a em grande n\u00famero, de personalidades pol\u00edticas luminenses, como ex-prefeito Gilberto Aroso, ex \u2013 vereadores e suplentes, secretariado municipal e representantes da sociedade civil.<\/p>\n\n\n\n<p>Em discurso, o deputado Estadual Carlos Lula enfatizou que \u201cal\u00e9m da celebra\u00e7\u00e3o do in\u00edcio dos trabalhos do Legislativo, o momento representa a exist\u00eancia e a continuidade do Estado Democr\u00e1tico de Direito\u201d. Lula citou ainda, os equipamentos entregues a Pa\u00e7o do Lumiar, como a Maternidade e a UPA, quando secret\u00e1rio de Estado da Sa\u00fade, reiterando que, como deputado, as parcerias com munic\u00edpio ir\u00e3o continuar.<\/p>\n\n\n\n<p>A prefeita Paula Azevedo falou da satisfa\u00e7\u00e3o em participar do in\u00edcio das atividades do Legislativo e da certeza que continuar\u00e3o fazendo um grande trabalho. Aproveitou para reconhecer o apoio de todos os vereadores, independente de posi\u00e7\u00e3o pol\u00edtica, na aprova\u00e7\u00e3o de proposi\u00e7\u00f5es do Executivo, e do apoio do Governo do Estado, para o desenvolvimento da cidade nas \u00e1reas da Infraestrutura e Sa\u00fade. \u201cEstarei sempre buscando apoio e mecanismos para solucionar problemas do munic\u00edpio e garantir qualidade de vida \u00e0 nossa popula\u00e7\u00e3o\u201d, refor\u00e7ou.<\/p>\n\n\n\n<p>O presidente da Casa, vereador Jorge Mar\u00fa, discursou destacando a sua trajet\u00f3ria pol\u00edtica e confian\u00e7a durante suas legislaturas, perante o Plen\u00e1rio e ao Executivo. \u201cContinuarei legislando com foco, determina\u00e7\u00e3o e trabalho, representado meus nobres colegas que confiaram o comando da Mesa Diretora, bem como os interesses da popula\u00e7\u00e3o luminense\u201d, concluiu.<\/p>\n\n\n\n<p>Os vereadores Wellington Sousa (Vice-Presidente), Ana L\u00facia (1\u00aa Secret\u00e1ria), Mi\u00e9rcio Martins (3\u00ba Secret\u00e1rio), Rafael Neves e Fernando Feitosa, usaram a tribuna desejando que o per\u00edodo seja de extensa produ\u00e7\u00e3o legislativa, com o apoio do Executivo Municipal, e dos Governos Estadual e Federal.<\/p>\n","protected":false},"excerpt":{"rendered":"<p>A solenidade realizada na manh\u00e3 de hoje (03), deu in\u00edcio ao 1\u00ba Per\u00edodo da 3\u00aa Sess\u00e3o Legislativa, e contou com<\/p>\n","protected":false},"author":2,"featured_media":30277,"comment_status":"open","ping_status":"open","sticky":false,"template":"","format":"standard","meta":{"colormag_page_container_layout":"default_layout","colormag_page_sidebar_layout":"default_layout","_jetpack_memberships_contains_paid_content":false,"footnotes":""},"categories":[2],"tags":[],"class_list":["post-30278","post","type-post","status-publish","format-standard","has-post-thumbnail","hentry","category-noticias"],"magazineBlocksPostFeaturedMedia":{"thumbnail":false,"medium":false,"medium_large":false,"large":false,"1536x1536":false,"2048x2048":false,"colormag-highlighted-post":false,"colormag-featured-post-medium":false,"colormag-featured-post-small":false,"colormag-featured-image":false,"colormag-default-news":false,"colormag-featured-image-large":false},"magazineBlocksPostAuthor":{"name":"maranhaotv","avatar":"https:\/\/secure.gravatar.com\/avatar\/8fadbca458d4cb68b1dd399ae9a40618d747bb1af65ac9fad21c89220a143eb4?s=96&d=mm&r=g"},"magazineBlocksPostCommentsNumber":"0","magazineBlocksPostExcerpt":"A solenidade realizada na manh\u00e3 de hoje (03), deu in\u00edcio ao 1\u00ba Per\u00edodo da 3\u00aa Sess\u00e3o Legislativa, e contou com","magazineBlocksPostCategories":["not\u00edcias"],"magazineBlocksPostViewCount":173,"magazineBlocksPostReadTime":2,"magazine_blocks_featured_image_url":{"full":false,"medium":false,"thumbnail":false},"magazine_blocks_author":{"display_name":"maranhaotv","author_link":"https:\/\/maranhaotv.com.br\/index.php\/author\/maranhaotv\/"},"magazine_blocks_comment":0,"magazine_blocks_author_image":"https:\/\/secure.gravatar.com\/avatar\/8fadbca458d4cb68b1dd399ae9a40618d747bb1af65ac9fad21c89220a143eb4?s=96&d=mm&r=g","magazine_blocks_category":"<a href=\"#\" class=\"category-link category-link-2\">not\u00edcias<\/a>","jetpack_featured_media_url":"","jetpack_sharing_enabled":true,"_links":{"self":[{"href":"https:\/\/maranhaotv.com.br\/index.php\/wp-json\/wp\/v2\/posts\/30278","targetHints":{"allow":["GET"]}}],"collection":[{"href":"https:\/\/maranhaotv.com.br\/index.php\/wp-json\/wp\/v2\/posts"}],"about":[{"href":"https:\/\/maranhaotv.com.br\/index.php\/wp-json\/wp\/v2\/types\/post"}],"author":[{"embeddable":true,"href":"https:\/\/maranhaotv.com.br\/index.php\/wp-json\/wp\/v2\/users\/2"}],"replies":[{"embeddable":true,"href":"https:\/\/maranhaotv.com.br\/index.php\/wp-json\/wp\/v2\/comments?post=30278"}],"version-history":[{"count":0,"href":"https:\/\/maranhaotv.com.br\/index.php\/wp-json\/wp\/v2\/posts\/30278\/revisions"}],"wp:featuredmedia":[{"embeddable":true,"href":"https:\/\/maranhaotv.com.br\/index.php\/wp-json\/"}],"wp:attachment":[{"href":"https:\/\/maranhaotv.com.br\/index.php\/wp-json\/wp\/v2\/media?parent=30278"}],"wp:term":[{"taxonomy":"category","embeddable":true,"href":"https:\/\/maranhaotv.com.br\/index.php\/wp-json\/wp\/v2\/categories?post=30278"},{"taxonomy":"post_tag","embeddable":true,"href":"https:\/\/maranhaotv.com.br\/index.php\/wp-json\/wp\/v2\/tags?post=30278"}],"curies":[{"name":"wp","href":"https:\/\/api.w.org\/{rel}","templated":true}]}}