{"id":30311,"date":"2023-02-07T07:45:08","date_gmt":"2023-02-07T10:45:08","guid":{"rendered":"https:\/\/maranhaotv.com.br\/?p=30311"},"modified":"2023-02-07T07:45:08","modified_gmt":"2023-02-07T10:45:08","slug":"viana-pressionado-pelo-mp-carrinho-faz-distrato-de-contratos-do-carnaval","status":"publish","type":"post","link":"https:\/\/maranhaotv.com.br\/index.php\/2023\/02\/07\/viana-pressionado-pelo-mp-carrinho-faz-distrato-de-contratos-do-carnaval\/","title":{"rendered":"Viana: Pressionado pelo MP, Carrinho faz distrato de contratos do carnaval"},"content":{"rendered":"\n<p><strong><em>Os referidos contratos beiravam os absurdos valores de R$2 m<\/em><\/strong>ilh\u00f5es de reais<\/p>\n\n\n\n<p>Ap\u00f3s ser chamado no gabinete de Eduardo Nicolau, Procuradora Geral de Justi\u00e7a do Estado do Maranh\u00e3o, sobre valores exorbitantes que seriam gastos com carnaval 2023, o prefeito de Viana, publicou no di\u00e1rio oficial, o distrato de tr\u00eas contratos referentes a empresas que prestariam servi\u00e7os para o evento na cidade.<\/p>\n\n\n\n<p>Acontece que os gastos com apenas esses tr\u00eas contratos beiravam os valores de R$2 milh\u00f5es de reais, quando na verdade, a ordem do Minist\u00e9rio P\u00fablico, que foi claramente dada ao prefeito era a de que, os gastos n\u00e3o deveriam superar a casa de R$400 mil reais.<br \/>Caso a orienta\u00e7\u00e3o fosse descumprida o prefeito seria investigado.<br \/>O que se sabe \u00e9 que apoiadores ferrenhos do prefeito, deixaram de divulgar o carnaval, e agora sem empresas contratadas pata a realiza\u00e7\u00e3o do evento, fica a pergunta: como Carrinho conseguir\u00e1 realizar seu milion\u00e1rio evento?<br \/>Buscando a artimanha da  &#8220;iniciativa privada&#8221;, como ele j\u00e1 fez por diversas vezes,  inclusive para ludibriar \u00f3rg\u00e3os fiscalizadores? <br \/>Sabemos que o pr\u00f3prio Procurador Geral, Dr\u2070 Eduardo Nicolau,  decidiu acompanhar de perto o caso de Viana e o que se sabe \u00e9 que o alerta sob a cidade da Baixada j\u00e1 est\u00e1 aceso e Carrinho est\u00e1 na mira da fiscaliza\u00e7\u00e3o.<\/p>\n\n\n\n<figure class=\"wp-block-image\"><img decoding=\"async\" src=\"https:\/\/maranhaotv.com.br\/wp-content\/uploads\/2023\/02\/IMG-20230206-WA0667-300x263.jpg\" alt=\"\" class=\"wp-image-30309\"\/><\/figure>\n\n\n\n<figure class=\"wp-block-image\"><img decoding=\"async\" src=\"https:\/\/maranhaotv.com.br\/wp-content\/uploads\/2023\/02\/IMG-20230206-WA0668-300x232.jpg\" alt=\"\" class=\"wp-image-30308\"\/><\/figure>\n\n\n\n<figure class=\"wp-block-image size-large\"><img decoding=\"async\" src=\"https:\/\/maranhaotv.com.br\/wp-content\/uploads\/2023\/02\/IMG-20230206-WA0669-300x222.jpg\" alt=\"\" class=\"wp-image-30307\"\/><\/figure>\n\n\n\n<p><strong>Os contratos feito distrato, respectivamente <\/strong>s\u00e3o:<\/p>\n\n\n\n<figure class=\"wp-block-image\"><img decoding=\"async\" src=\"https:\/\/maranhaotv.com.br\/wp-content\/uploads\/2023\/02\/IMG-20230203-WA0269-250x300.jpg\" alt=\"\" class=\"wp-image-30324\"\/><\/figure>\n\n\n\n<figure class=\"wp-block-image\"><img decoding=\"async\" src=\"https:\/\/maranhaotv.com.br\/wp-content\/uploads\/2023\/02\/IMG-20230203-WA0268-255x300.jpg\" alt=\"\" class=\"wp-image-30323\"\/><\/figure>\n\n\n\n<figure class=\"wp-block-image size-large\"><img decoding=\"async\" src=\"https:\/\/maranhaotv.com.br\/wp-content\/uploads\/2023\/02\/IMG-20230203-WA0270-891x1024.jpg\" alt=\"\" class=\"wp-image-30326\"\/><\/figure>\n\n\n\n<figure class=\"wp-block-image\"><img decoding=\"async\" src=\"https:\/\/maranhaotv.com.br\/wp-content\/uploads\/2023\/02\/IMG-20230203-WA0265-1006x1024.jpg\" alt=\"\" class=\"wp-image-30325\"\/><\/figure>\n","protected":false},"excerpt":{"rendered":"<p>Os referidos contratos beiravam os absurdos valores de R$2 milh\u00f5es de reais Ap\u00f3s ser chamado no gabinete de Eduardo Nicolau,<\/p>\n","protected":false},"author":2,"featured_media":30310,"comment_status":"open","ping_status":"open","sticky":false,"template":"","format":"standard","meta":{"colormag_page_container_layout":"default_layout","colormag_page_sidebar_layout":"default_layout","_jetpack_memberships_contains_paid_content":false,"footnotes":""},"categories":[23,2],"tags":[4,42],"class_list":["post-30311","post","type-post","status-publish","format-standard","has-post-thumbnail","hentry","category-denuncia","category-noticias","tag-carrinho-cidreira","tag-prefeitura-de-viana"],"magazineBlocksPostFeaturedMedia":{"thumbnail":false,"medium":false,"medium_large":false,"large":false,"1536x1536":false,"2048x2048":false,"colormag-highlighted-post":false,"colormag-featured-post-medium":false,"colormag-featured-post-small":false,"colormag-featured-image":false,"colormag-default-news":false,"colormag-featured-image-large":false},"magazineBlocksPostAuthor":{"name":"maranhaotv","avatar":"https:\/\/secure.gravatar.com\/avatar\/8fadbca458d4cb68b1dd399ae9a40618d747bb1af65ac9fad21c89220a143eb4?s=96&d=mm&r=g"},"magazineBlocksPostCommentsNumber":"0","magazineBlocksPostExcerpt":"Os referidos contratos beiravam os absurdos valores de R$2 milh\u00f5es de reais Ap\u00f3s ser chamado no gabinete de Eduardo Nicolau,","magazineBlocksPostCategories":["den\u00fancia","not\u00edcias"],"magazineBlocksPostViewCount":255,"magazineBlocksPostReadTime":2,"magazine_blocks_featured_image_url":{"full":false,"medium":false,"thumbnail":false},"magazine_blocks_author":{"display_name":"maranhaotv","author_link":"https:\/\/maranhaotv.com.br\/index.php\/author\/maranhaotv\/"},"magazine_blocks_comment":0,"magazine_blocks_author_image":"https:\/\/secure.gravatar.com\/avatar\/8fadbca458d4cb68b1dd399ae9a40618d747bb1af65ac9fad21c89220a143eb4?s=96&d=mm&r=g","magazine_blocks_category":"<a href=\"#\" class=\"category-link category-link-23\">den\u00fancia<\/a> <a href=\"#\" class=\"category-link category-link-2\">not\u00edcias<\/a>","jetpack_featured_media_url":"","jetpack_sharing_enabled":true,"_links":{"self":[{"href":"https:\/\/maranhaotv.com.br\/index.php\/wp-json\/wp\/v2\/posts\/30311","targetHints":{"allow":["GET"]}}],"collection":[{"href":"https:\/\/maranhaotv.com.br\/index.php\/wp-json\/wp\/v2\/posts"}],"about":[{"href":"https:\/\/maranhaotv.com.br\/index.php\/wp-json\/wp\/v2\/types\/post"}],"author":[{"embeddable":true,"href":"https:\/\/maranhaotv.com.br\/index.php\/wp-json\/wp\/v2\/users\/2"}],"replies":[{"embeddable":true,"href":"https:\/\/maranhaotv.com.br\/index.php\/wp-json\/wp\/v2\/comments?post=30311"}],"version-history":[{"count":0,"href":"https:\/\/maranhaotv.com.br\/index.php\/wp-json\/wp\/v2\/posts\/30311\/revisions"}],"wp:featuredmedia":[{"embeddable":true,"href":"https:\/\/maranhaotv.com.br\/index.php\/wp-json\/"}],"wp:attachment":[{"href":"https:\/\/maranhaotv.com.br\/index.php\/wp-json\/wp\/v2\/media?parent=30311"}],"wp:term":[{"taxonomy":"category","embeddable":true,"href":"https:\/\/maranhaotv.com.br\/index.php\/wp-json\/wp\/v2\/categories?post=30311"},{"taxonomy":"post_tag","embeddable":true,"href":"https:\/\/maranhaotv.com.br\/index.php\/wp-json\/wp\/v2\/tags?post=30311"}],"curies":[{"name":"wp","href":"https:\/\/api.w.org\/{rel}","templated":true}]}}