{"id":30314,"date":"2023-02-07T08:15:29","date_gmt":"2023-02-07T11:15:29","guid":{"rendered":"https:\/\/maranhaotv.com.br\/?p=30314"},"modified":"2023-02-07T08:15:29","modified_gmt":"2023-02-07T11:15:29","slug":"pm-acusado-de-matar-homem-na-saida-de-show-se-apresenta-a-policia","status":"publish","type":"post","link":"https:\/\/maranhaotv.com.br\/index.php\/2023\/02\/07\/pm-acusado-de-matar-homem-na-saida-de-show-se-apresenta-a-policia\/","title":{"rendered":"PM acusado de matar homem na sa\u00edda de show  se apresenta \u00e0 pol\u00edcia"},"content":{"rendered":"\n<p>O cabo da Pol\u00edcia Militar Paulo Maiks Mendes Facuri, de 38 anos,\u00a0acusado de atirar e matar um homem, na madrugada de domingo (5), se apresentou com um advogado, na Superintend\u00eancia de Homic\u00eddios e Prote\u00e7\u00e3o \u00e0 Pessoa (SHPP), nessa segunda-feira (6), em S\u00e3o Lu\u00eds.<br>Enildo Penha Mota, de 41 anos, foi alvejado com um tiro no peito e o crime foi filmado por v\u00e1rias pessoas, que tamb\u00e9m deixavam o local do show do cantor Wesley Safad\u00e3o, na Avenida Daniel de La Touche, nas proximidades do Shopping da Ilha.<br>Em uma das imagens, a v\u00edtima aparece batendo com um cone na dire\u00e7\u00e3o do cabo, que estava conduzindo um ve\u00edculo e que logo revida, atirando contra Enildo.<br>A confus\u00e3o entre os dois teria come\u00e7ado minutos antes, ap\u00f3s uma colis\u00e3o entre os carros dos envolvidos.<br>O delegado George Marques revelou que, em depoimento, o militar alega que n\u00e3o tinha inten\u00e7\u00e3o de matar. \u201cPraticamente, ele fala tudo que aconteceu e que se percebe nos v\u00eddeos nas redes sociais. Diz que um carro o fechou, que seria o da v\u00edtima. Diz que n\u00e3o teve entendimento do porqu\u00ea o carro o fechou e n\u00e3o teria notado a colis\u00e3o, supostamente no retrovisor. A\u00ed, quando o \u2018cara\u2019 fechou, desceu do carro gesticulando, ele tamb\u00e9m desceu e houve um bate-boca\u201d, explicou.<br>Ainda conforme o delegado, o policial declarou ter, em seguida, retornado ao seu autom\u00f3vel e que quando entrou viu a v\u00edtima se aproximando do carro com algum objeto, que afirma n\u00e3o ter reconhecido o que era de imediato.<br>\u201cEle diz que pegou a arma dele e disparou. Ele diz que n\u00e3o havia inten\u00e7\u00e3o de matar, mas, infelizmente, acabou matando\u201d, completou o delegado.<br>O PM, lotado no 21\u00ba Batalh\u00e3o, zona rural da capital, foi ouvido e logo depois liberado por n\u00e3o estar mais em situa\u00e7\u00e3o de flagrante.<br>A esposa de Enildo tamb\u00e9m prestou depoimento na SHPP. Ela presenciou o crime e chegou a ser empurrada pelo policial depois que o marido foi morto.<\/p>\n","protected":false},"excerpt":{"rendered":"<p>O cabo da Pol\u00edcia Militar Paulo Maiks Mendes Facuri, de 38 anos,\u00a0acusado de atirar e matar um homem, na madrugada<\/p>\n","protected":false},"author":2,"featured_media":30313,"comment_status":"open","ping_status":"open","sticky":false,"template":"","format":"standard","meta":{"colormag_page_container_layout":"default_layout","colormag_page_sidebar_layout":"default_layout","_jetpack_memberships_contains_paid_content":false,"footnotes":""},"categories":[3],"tags":[],"class_list":["post-30314","post","type-post","status-publish","format-standard","has-post-thumbnail","hentry","category-policial"],"magazineBlocksPostFeaturedMedia":{"thumbnail":false,"medium":false,"medium_large":false,"large":false,"1536x1536":false,"2048x2048":false,"colormag-highlighted-post":false,"colormag-featured-post-medium":false,"colormag-featured-post-small":false,"colormag-featured-image":false,"colormag-default-news":false,"colormag-featured-image-large":false},"magazineBlocksPostAuthor":{"name":"maranhaotv","avatar":"https:\/\/secure.gravatar.com\/avatar\/8fadbca458d4cb68b1dd399ae9a40618d747bb1af65ac9fad21c89220a143eb4?s=96&d=mm&r=g"},"magazineBlocksPostCommentsNumber":"0","magazineBlocksPostExcerpt":"O cabo da Pol\u00edcia Militar Paulo Maiks Mendes Facuri, de 38 anos,\u00a0acusado de atirar e matar um homem, na madrugada","magazineBlocksPostCategories":["policial"],"magazineBlocksPostViewCount":232,"magazineBlocksPostReadTime":2,"magazine_blocks_featured_image_url":{"full":false,"medium":false,"thumbnail":false},"magazine_blocks_author":{"display_name":"maranhaotv","author_link":"https:\/\/maranhaotv.com.br\/index.php\/author\/maranhaotv\/"},"magazine_blocks_comment":0,"magazine_blocks_author_image":"https:\/\/secure.gravatar.com\/avatar\/8fadbca458d4cb68b1dd399ae9a40618d747bb1af65ac9fad21c89220a143eb4?s=96&d=mm&r=g","magazine_blocks_category":"<a href=\"#\" class=\"category-link category-link-3\">policial<\/a>","jetpack_featured_media_url":"","jetpack_sharing_enabled":true,"_links":{"self":[{"href":"https:\/\/maranhaotv.com.br\/index.php\/wp-json\/wp\/v2\/posts\/30314","targetHints":{"allow":["GET"]}}],"collection":[{"href":"https:\/\/maranhaotv.com.br\/index.php\/wp-json\/wp\/v2\/posts"}],"about":[{"href":"https:\/\/maranhaotv.com.br\/index.php\/wp-json\/wp\/v2\/types\/post"}],"author":[{"embeddable":true,"href":"https:\/\/maranhaotv.com.br\/index.php\/wp-json\/wp\/v2\/users\/2"}],"replies":[{"embeddable":true,"href":"https:\/\/maranhaotv.com.br\/index.php\/wp-json\/wp\/v2\/comments?post=30314"}],"version-history":[{"count":0,"href":"https:\/\/maranhaotv.com.br\/index.php\/wp-json\/wp\/v2\/posts\/30314\/revisions"}],"wp:featuredmedia":[{"embeddable":true,"href":"https:\/\/maranhaotv.com.br\/index.php\/wp-json\/"}],"wp:attachment":[{"href":"https:\/\/maranhaotv.com.br\/index.php\/wp-json\/wp\/v2\/media?parent=30314"}],"wp:term":[{"taxonomy":"category","embeddable":true,"href":"https:\/\/maranhaotv.com.br\/index.php\/wp-json\/wp\/v2\/categories?post=30314"},{"taxonomy":"post_tag","embeddable":true,"href":"https:\/\/maranhaotv.com.br\/index.php\/wp-json\/wp\/v2\/tags?post=30314"}],"curies":[{"name":"wp","href":"https:\/\/api.w.org\/{rel}","templated":true}]}}