{"id":30320,"date":"2023-02-07T08:35:09","date_gmt":"2023-02-07T11:35:09","guid":{"rendered":"https:\/\/maranhaotv.com.br\/?p=30320"},"modified":"2023-02-07T08:35:09","modified_gmt":"2023-02-07T11:35:09","slug":"iracema-vale-repudia-suposto-crime-de-estupro-em-barra-do-corda","status":"publish","type":"post","link":"https:\/\/maranhaotv.com.br\/index.php\/2023\/02\/07\/iracema-vale-repudia-suposto-crime-de-estupro-em-barra-do-corda\/","title":{"rendered":"Iracema Vale repudia suposto crime de estupro em Barra do Corda"},"content":{"rendered":"\n<p>Deputada Iracema Vale durante a sess\u00e3o plen\u00e1ria extraordin\u00e1ria realizada na tarde desta segunda-feira<br>A presidente da Assembleia Legislativa do Maranh\u00e3o, deputada Iracema Vale (PSB), manifestou rep\u00fadio em rela\u00e7\u00e3o a um suposto estupro ocorrido no munic\u00edpio de Barra do Corda tendo como v\u00edtima um beb\u00ea de quatro meses.<br><br>O caso foi relatado pela deputada Abigail (PL) durante a sess\u00e3o plen\u00e1ria extraordin\u00e1ria realizada na tarde desta segunda-feira (6). O principal suspeito do crime, segundo o relato da parlamentar, \u00e9 o pr\u00f3prio pai da crian\u00e7a, que est\u00e1 preso.<br><br><em>\u201cN\u00f3s faremos o que estiver ao nosso alcance para defender as nossas crian\u00e7as, adolescentes e as mulheres maranhenses\u201d, disse a presidente, referindo-se ao relato da colega de plen\u00e1rio.<\/em><br><br>Inaugura\u00e7\u00e3o de obras<br><br>Durante a sess\u00e3o plen\u00e1ria extraordin\u00e1ria, Iracema Vale tamb\u00e9m destacou o reconhecimento dos parlamentares ao trabalho realizado pelo governador Carlos Brand\u00e3o (PSB), que est\u00e1 inaugurando diversas obras no interior do Estado.<br><br>\u201cIsto muito nos alegra, pois n\u00f3s, a cada dia, percebemos que o governador Carlos Brand\u00e3o \u00e9 um pol\u00edtico municipalista. E ele contempla a Assembleia quando, acompanhado dos colegas deputados, percorre as diversas cidades maranhenses inaugurando obras\u201d, afirmou Iracema Vale.<\/p>\n","protected":false},"excerpt":{"rendered":"<p>Deputada Iracema Vale durante a sess\u00e3o plen\u00e1ria extraordin\u00e1ria realizada na tarde desta segunda-feiraA presidente da Assembleia Legislativa do Maranh\u00e3o, deputada<\/p>\n","protected":false},"author":2,"featured_media":30319,"comment_status":"open","ping_status":"open","sticky":false,"template":"","format":"standard","meta":{"colormag_page_container_layout":"default_layout","colormag_page_sidebar_layout":"default_layout","_jetpack_memberships_contains_paid_content":false,"footnotes":""},"categories":[6],"tags":[],"class_list":["post-30320","post","type-post","status-publish","format-standard","has-post-thumbnail","hentry","category-politica"],"magazineBlocksPostFeaturedMedia":{"thumbnail":false,"medium":false,"medium_large":false,"large":false,"1536x1536":false,"2048x2048":false,"colormag-highlighted-post":false,"colormag-featured-post-medium":false,"colormag-featured-post-small":false,"colormag-featured-image":false,"colormag-default-news":false,"colormag-featured-image-large":false},"magazineBlocksPostAuthor":{"name":"maranhaotv","avatar":"https:\/\/secure.gravatar.com\/avatar\/8fadbca458d4cb68b1dd399ae9a40618d747bb1af65ac9fad21c89220a143eb4?s=96&d=mm&r=g"},"magazineBlocksPostCommentsNumber":"0","magazineBlocksPostExcerpt":"Deputada Iracema Vale durante a sess\u00e3o plen\u00e1ria extraordin\u00e1ria realizada na tarde desta segunda-feiraA presidente da Assembleia Legislativa do Maranh\u00e3o, deputada","magazineBlocksPostCategories":["pol\u00edtica"],"magazineBlocksPostViewCount":162,"magazineBlocksPostReadTime":2,"magazine_blocks_featured_image_url":{"full":false,"medium":false,"thumbnail":false},"magazine_blocks_author":{"display_name":"maranhaotv","author_link":"https:\/\/maranhaotv.com.br\/index.php\/author\/maranhaotv\/"},"magazine_blocks_comment":0,"magazine_blocks_author_image":"https:\/\/secure.gravatar.com\/avatar\/8fadbca458d4cb68b1dd399ae9a40618d747bb1af65ac9fad21c89220a143eb4?s=96&d=mm&r=g","magazine_blocks_category":"<a href=\"#\" class=\"category-link category-link-6\">pol\u00edtica<\/a>","jetpack_featured_media_url":"","jetpack_sharing_enabled":true,"_links":{"self":[{"href":"https:\/\/maranhaotv.com.br\/index.php\/wp-json\/wp\/v2\/posts\/30320","targetHints":{"allow":["GET"]}}],"collection":[{"href":"https:\/\/maranhaotv.com.br\/index.php\/wp-json\/wp\/v2\/posts"}],"about":[{"href":"https:\/\/maranhaotv.com.br\/index.php\/wp-json\/wp\/v2\/types\/post"}],"author":[{"embeddable":true,"href":"https:\/\/maranhaotv.com.br\/index.php\/wp-json\/wp\/v2\/users\/2"}],"replies":[{"embeddable":true,"href":"https:\/\/maranhaotv.com.br\/index.php\/wp-json\/wp\/v2\/comments?post=30320"}],"version-history":[{"count":0,"href":"https:\/\/maranhaotv.com.br\/index.php\/wp-json\/wp\/v2\/posts\/30320\/revisions"}],"wp:featuredmedia":[{"embeddable":true,"href":"https:\/\/maranhaotv.com.br\/index.php\/wp-json\/"}],"wp:attachment":[{"href":"https:\/\/maranhaotv.com.br\/index.php\/wp-json\/wp\/v2\/media?parent=30320"}],"wp:term":[{"taxonomy":"category","embeddable":true,"href":"https:\/\/maranhaotv.com.br\/index.php\/wp-json\/wp\/v2\/categories?post=30320"},{"taxonomy":"post_tag","embeddable":true,"href":"https:\/\/maranhaotv.com.br\/index.php\/wp-json\/wp\/v2\/tags?post=30320"}],"curies":[{"name":"wp","href":"https:\/\/api.w.org\/{rel}","templated":true}]}}