{"id":30332,"date":"2023-02-07T09:39:47","date_gmt":"2023-02-07T12:39:47","guid":{"rendered":"https:\/\/maranhaotv.com.br\/?p=30332"},"modified":"2023-02-07T09:39:47","modified_gmt":"2023-02-07T12:39:47","slug":"deputada-janaina-se-posiciona-contra-o-crime-de-estupro-ocorrido-em-barra-do-corda","status":"publish","type":"post","link":"https:\/\/maranhaotv.com.br\/index.php\/2023\/02\/07\/deputada-janaina-se-posiciona-contra-o-crime-de-estupro-ocorrido-em-barra-do-corda\/","title":{"rendered":"Deputada Janaina se posiciona contra o crime de estupro ocorrido em Barra do Corda"},"content":{"rendered":"\n<p>Deputada Janaina Ramos , manifestou rep\u00fadio em rela\u00e7\u00e3o a um suposto estupro ocorrido no munic\u00edpio de Barra do Corda tendo como v\u00edtima um beb\u00ea de quatro meses.<br><br>O caso foi relatado pela deputada Abigail (PL) durante a sess\u00e3o plen\u00e1ria extraordin\u00e1ria realizada na tarde desta segunda-feira (6). O principal suspeito do crime, segundo o relato da parlamentar, \u00e9 o pr\u00f3prio pai da crian\u00e7a, que est\u00e1 preso.<br><br><strong><em>&#8220;Como m\u00e3e fiquei indignada e muito abalada com a not\u00edcia de que um beb\u00ea de apenas quatro meses teria sido v\u00edtima de estupro,  vindo a \u00f3bito no s\u00e1bado (04), no povoado de Anapurus, munic\u00edpio de Barra do Corda (MA)&#8221;, disse a deputada, referindo-se ao relato da colega de plen\u00e1rio.<\/em><\/strong><\/p>\n\n\n\n<p class=\"has-text-align-left\"><strong>Entenda o crime<\/strong><br><br>A Pol\u00edcia Civil do Maranh\u00e3o est\u00e1 investigando se uma beb\u00ea de apenas 4 meses morreu em decorr\u00eancia de um estupro ocorrido no povoado de Anapurus, situado na cidade de Barra do Corda, a 462 km de S\u00e3o Lu\u00eds. O pai da crian\u00e7a, que \u00e9 apontado como principal suspeito, est\u00e1 preso.<br>Segundo a delegada da Delegacia da Mulher de Barra do Corda, Ana Marisa Barbat, que investiga o caso, a beb\u00ea morreu no \u00faltimo s\u00e1bado (4). Ela deu entrada em uma Unidade de Pronto Atendimento (UPA) de Barra do Corda, e logo em seguida foi levada para um hospital da cidade de Imperatriz, onde morreu.<br><br>De acordo com a declara\u00e7\u00e3o de \u00f3bito, a beb\u00ea morreu por conta de uma infec\u00e7\u00e3o. \u201cO que n\u00f3s temos \u00e9 a declara\u00e7\u00e3o de \u00f3bito, que \u00e9 um documento simples, utilizado no translado, onde diz ali que a causa direta da morte foi uma infec\u00e7\u00e3o. Isso j\u00e1 era previs\u00edvel. A menina foi estuprada, estava num hospital e morreu de infec\u00e7\u00e3o\u201d, revelou a delegada.<br>A delegada acrescentou que crian\u00e7a passou por um exame detalhado, onde foi constatado o per\u00edodo ocorrido do estupro dela. \u201cEssa sim fez o exame detalhado e foi constatado um estupro inclusive com um per\u00edodo de dias que o estupro teria acontecido. Ent\u00e3o n\u00e3o existe esse laudo apontando que n\u00e3o houve estupro\u201d.<\/p>\n\n\n\n<figure class=\"wp-block-image size-large\"><img decoding=\"async\" src=\"https:\/\/maranhaotv.com.br\/wp-content\/uploads\/2023\/02\/Screenshot_20230207_091719-1024x1018.jpg\" alt=\"\" class=\"wp-image-30330\"\/><\/figure>\n","protected":false},"excerpt":{"rendered":"<p>Deputada Janaina Ramos , manifestou rep\u00fadio em rela\u00e7\u00e3o a um suposto estupro ocorrido no munic\u00edpio de Barra do Corda tendo<\/p>\n","protected":false},"author":2,"featured_media":30331,"comment_status":"open","ping_status":"open","sticky":false,"template":"","format":"standard","meta":{"colormag_page_container_layout":"default_layout","colormag_page_sidebar_layout":"default_layout","_jetpack_memberships_contains_paid_content":false,"footnotes":""},"categories":[2],"tags":[395],"class_list":["post-30332","post","type-post","status-publish","format-standard","has-post-thumbnail","hentry","category-noticias","tag-deputada-janaina"],"magazineBlocksPostFeaturedMedia":{"thumbnail":false,"medium":false,"medium_large":false,"large":false,"1536x1536":false,"2048x2048":false,"colormag-highlighted-post":false,"colormag-featured-post-medium":false,"colormag-featured-post-small":false,"colormag-featured-image":false,"colormag-default-news":false,"colormag-featured-image-large":false},"magazineBlocksPostAuthor":{"name":"maranhaotv","avatar":"https:\/\/secure.gravatar.com\/avatar\/8fadbca458d4cb68b1dd399ae9a40618d747bb1af65ac9fad21c89220a143eb4?s=96&d=mm&r=g"},"magazineBlocksPostCommentsNumber":"0","magazineBlocksPostExcerpt":"Deputada Janaina Ramos , manifestou rep\u00fadio em rela\u00e7\u00e3o a um suposto estupro ocorrido no munic\u00edpio de Barra do Corda tendo","magazineBlocksPostCategories":["not\u00edcias"],"magazineBlocksPostViewCount":288,"magazineBlocksPostReadTime":2,"magazine_blocks_featured_image_url":{"full":false,"medium":false,"thumbnail":false},"magazine_blocks_author":{"display_name":"maranhaotv","author_link":"https:\/\/maranhaotv.com.br\/index.php\/author\/maranhaotv\/"},"magazine_blocks_comment":0,"magazine_blocks_author_image":"https:\/\/secure.gravatar.com\/avatar\/8fadbca458d4cb68b1dd399ae9a40618d747bb1af65ac9fad21c89220a143eb4?s=96&d=mm&r=g","magazine_blocks_category":"<a href=\"#\" class=\"category-link category-link-2\">not\u00edcias<\/a>","jetpack_featured_media_url":"","jetpack_sharing_enabled":true,"_links":{"self":[{"href":"https:\/\/maranhaotv.com.br\/index.php\/wp-json\/wp\/v2\/posts\/30332","targetHints":{"allow":["GET"]}}],"collection":[{"href":"https:\/\/maranhaotv.com.br\/index.php\/wp-json\/wp\/v2\/posts"}],"about":[{"href":"https:\/\/maranhaotv.com.br\/index.php\/wp-json\/wp\/v2\/types\/post"}],"author":[{"embeddable":true,"href":"https:\/\/maranhaotv.com.br\/index.php\/wp-json\/wp\/v2\/users\/2"}],"replies":[{"embeddable":true,"href":"https:\/\/maranhaotv.com.br\/index.php\/wp-json\/wp\/v2\/comments?post=30332"}],"version-history":[{"count":0,"href":"https:\/\/maranhaotv.com.br\/index.php\/wp-json\/wp\/v2\/posts\/30332\/revisions"}],"wp:featuredmedia":[{"embeddable":true,"href":"https:\/\/maranhaotv.com.br\/index.php\/wp-json\/"}],"wp:attachment":[{"href":"https:\/\/maranhaotv.com.br\/index.php\/wp-json\/wp\/v2\/media?parent=30332"}],"wp:term":[{"taxonomy":"category","embeddable":true,"href":"https:\/\/maranhaotv.com.br\/index.php\/wp-json\/wp\/v2\/categories?post=30332"},{"taxonomy":"post_tag","embeddable":true,"href":"https:\/\/maranhaotv.com.br\/index.php\/wp-json\/wp\/v2\/tags?post=30332"}],"curies":[{"name":"wp","href":"https:\/\/api.w.org\/{rel}","templated":true}]}}