{"id":30390,"date":"2023-02-10T12:43:54","date_gmt":"2023-02-10T15:43:54","guid":{"rendered":"https:\/\/maranhaotv.com.br\/?p=30390"},"modified":"2023-02-10T12:43:54","modified_gmt":"2023-02-10T15:43:54","slug":"pt-realiza-i-edicao-do-premio-manoel-da-conceicao-em-homenagem-aos-43-anos-de-partido","status":"publish","type":"post","link":"https:\/\/maranhaotv.com.br\/index.php\/2023\/02\/10\/pt-realiza-i-edicao-do-premio-manoel-da-conceicao-em-homenagem-aos-43-anos-de-partido\/","title":{"rendered":"PT realiza I edi\u00e7\u00e3o do Pr\u00eamio Manoel da Concei\u00e7\u00e3o, em homenagem aos 43 anos de partido"},"content":{"rendered":"\n<p><br><br>O Partido dos Trabalhadores e das Trabalhadoras completa, neste m\u00eas de fevereiro, 43 anos de Funda\u00e7\u00e3o. No Maranh\u00e3o, o Diret\u00f3rio Estadual preparou uma programa\u00e7\u00e3o com atividades pol\u00edticas, sociais, formativas e culturais, dentre elas, o lan\u00e7amento do Pr\u00eamio Manoel da Concei\u00e7\u00e3o, em homenagem ao petista hist\u00f3rico que figura como um dos fundadores do Partido e l\u00edder da organiza\u00e7\u00e3o da resist\u00eancia camponesa popular. <br><br>O lan\u00e7amento e I edi\u00e7\u00e3o do pr\u00eamio ocorrer\u00e3o na noite desta sexta-feira (10), a partir das 19h, no audit\u00f3rio Pedro Neiva, na Assembleia Legislativa do Maranh\u00e3o. O vice-governador do Estado, Felipe Camar\u00e3o, ser\u00e1 um dos homenageados e foi indicado para receber a premia\u00e7\u00e3o na categoria Educa\u00e7\u00e3o e Cultura.<br><br>O Pr\u00eamio que acontecer\u00e1 anualmente tem como principal objetivo o reconhecimento daqueles se dedicam ou dedicaram na luta democr\u00e1tica e popular no Maranh\u00e3o, e se divide em 5 categorias: Direitos Humanos e Democracia; Educa\u00e7\u00e3o e Cultura; Agr\u00e1rio e Meio Ambiente; Comunica\u00e7\u00e3o; e Atua\u00e7\u00e3o Partid\u00e1ria. Para essa I Edi\u00e7\u00e3o do Pr\u00eamio Manoel da Concei\u00e7\u00e3o foi criada uma Comiss\u00e3o que analisou os crit\u00e9rios para a indica\u00e7\u00e3o dos seguintes homenageados:<br><br>\u2022\tCategoria Direitos Humanos e Democracia: <br>1. Chico Gon\u00e7alves, 2. Eriveth Silva Teixeira, 3. Fl\u00e1vio Dino, 4. Maria Denise Barbosa Leal, 5. MNU \u2013 Movimento Negro Unificado.<br><br>\u2022      Categoria Educa\u00e7\u00e3o e Cultura:<br>1. Claudia Lobo (p\u00f3stuma), 2. Felipe Camar\u00e3o, 3. Joan Botelho (p\u00f3stuma).<br><br>\u2022\t*Categoria Agr\u00e1rio e Meio Ambiente*:<br>1. Dolores Farias, 2. Nice Machado<br><br>\u2022\t*Categoria Comunica\u00e7\u00e3o*: <br>1. Edwilson Ara\u00fajo, 2. Lu\u00eds Pedro (p\u00f3stuma)<br><br>\u2022\t*Categoria Atua\u00e7\u00e3o Partid\u00e1ria*:<br>1.\tHelena Barros Helluy, 2. Ieda Batista (p\u00f3stuma), 3. Salvador Fernandes (p\u00f3stuma), 4. Washington Lu\u00eds, 5. Z\u00e9 Carlos, 6. Z\u00e9 In\u00e1cio<br>Servi\u00e7o:<br><br>*O que*: Solenidade de Anivers\u00e1rio do PT e I Edi\u00e7\u00e3o Pr\u00eamio Manoel da Concei\u00e7\u00e3o.<br>*Quando*: nesta sexta-feira (10).<br>*Onde*: audit\u00f3rio Pedro Neiva, da Assembleia Legislativa do Maranh\u00e3o.<\/p>\n\n\n\n<figure class=\"wp-block-image size-large\"><img decoding=\"async\" src=\"https:\/\/maranhaotv.com.br\/wp-content\/uploads\/2023\/02\/IMG-20230210-WA0165-300x300.jpg\" alt=\"\" class=\"wp-image-30388\"\/><\/figure>\n\n\n\n<figure class=\"wp-block-image\"><img decoding=\"async\" src=\"https:\/\/maranhaotv.com.br\/wp-content\/uploads\/2023\/02\/IMG-20230210-WA0163-1024x682.jpg\" alt=\"\" class=\"wp-image-30386\"\/><\/figure>\n\n\n\n<figure class=\"wp-block-image\"><img decoding=\"async\" src=\"https:\/\/maranhaotv.com.br\/wp-content\/uploads\/2023\/02\/IMG-20230210-WA0166-1024x682.jpg\" alt=\"\" class=\"wp-image-30387\"\/><\/figure>\n","protected":false},"excerpt":{"rendered":"<p>O Partido dos Trabalhadores e das Trabalhadoras completa, neste m\u00eas de fevereiro, 43 anos de Funda\u00e7\u00e3o. No Maranh\u00e3o, o Diret\u00f3rio<\/p>\n","protected":false},"author":2,"featured_media":30389,"comment_status":"open","ping_status":"open","sticky":false,"template":"","format":"standard","meta":{"colormag_page_container_layout":"default_layout","colormag_page_sidebar_layout":"default_layout","_jetpack_memberships_contains_paid_content":false,"footnotes":""},"categories":[2],"tags":[],"class_list":["post-30390","post","type-post","status-publish","format-standard","has-post-thumbnail","hentry","category-noticias"],"magazineBlocksPostFeaturedMedia":{"thumbnail":false,"medium":false,"medium_large":false,"large":false,"1536x1536":false,"2048x2048":false,"colormag-highlighted-post":false,"colormag-featured-post-medium":false,"colormag-featured-post-small":false,"colormag-featured-image":false,"colormag-default-news":false,"colormag-featured-image-large":false},"magazineBlocksPostAuthor":{"name":"maranhaotv","avatar":"https:\/\/secure.gravatar.com\/avatar\/8fadbca458d4cb68b1dd399ae9a40618d747bb1af65ac9fad21c89220a143eb4?s=96&d=mm&r=g"},"magazineBlocksPostCommentsNumber":"0","magazineBlocksPostExcerpt":"O Partido dos Trabalhadores e das Trabalhadoras completa, neste m\u00eas de fevereiro, 43 anos de Funda\u00e7\u00e3o. No Maranh\u00e3o, o Diret\u00f3rio","magazineBlocksPostCategories":["not\u00edcias"],"magazineBlocksPostViewCount":191,"magazineBlocksPostReadTime":2,"magazine_blocks_featured_image_url":{"full":false,"medium":false,"thumbnail":false},"magazine_blocks_author":{"display_name":"maranhaotv","author_link":"https:\/\/maranhaotv.com.br\/index.php\/author\/maranhaotv\/"},"magazine_blocks_comment":0,"magazine_blocks_author_image":"https:\/\/secure.gravatar.com\/avatar\/8fadbca458d4cb68b1dd399ae9a40618d747bb1af65ac9fad21c89220a143eb4?s=96&d=mm&r=g","magazine_blocks_category":"<a href=\"#\" class=\"category-link category-link-2\">not\u00edcias<\/a>","jetpack_featured_media_url":"","jetpack_sharing_enabled":true,"_links":{"self":[{"href":"https:\/\/maranhaotv.com.br\/index.php\/wp-json\/wp\/v2\/posts\/30390","targetHints":{"allow":["GET"]}}],"collection":[{"href":"https:\/\/maranhaotv.com.br\/index.php\/wp-json\/wp\/v2\/posts"}],"about":[{"href":"https:\/\/maranhaotv.com.br\/index.php\/wp-json\/wp\/v2\/types\/post"}],"author":[{"embeddable":true,"href":"https:\/\/maranhaotv.com.br\/index.php\/wp-json\/wp\/v2\/users\/2"}],"replies":[{"embeddable":true,"href":"https:\/\/maranhaotv.com.br\/index.php\/wp-json\/wp\/v2\/comments?post=30390"}],"version-history":[{"count":0,"href":"https:\/\/maranhaotv.com.br\/index.php\/wp-json\/wp\/v2\/posts\/30390\/revisions"}],"wp:featuredmedia":[{"embeddable":true,"href":"https:\/\/maranhaotv.com.br\/index.php\/wp-json\/"}],"wp:attachment":[{"href":"https:\/\/maranhaotv.com.br\/index.php\/wp-json\/wp\/v2\/media?parent=30390"}],"wp:term":[{"taxonomy":"category","embeddable":true,"href":"https:\/\/maranhaotv.com.br\/index.php\/wp-json\/wp\/v2\/categories?post=30390"},{"taxonomy":"post_tag","embeddable":true,"href":"https:\/\/maranhaotv.com.br\/index.php\/wp-json\/wp\/v2\/tags?post=30390"}],"curies":[{"name":"wp","href":"https:\/\/api.w.org\/{rel}","templated":true}]}}