{"id":30403,"date":"2023-02-11T13:38:12","date_gmt":"2023-02-11T16:38:12","guid":{"rendered":"https:\/\/maranhaotv.com.br\/?p=30403"},"modified":"2023-02-11T13:38:12","modified_gmt":"2023-02-11T16:38:12","slug":"vice-governador-felipe-camarao-recebe-premio-manoel-da-conceicao-na-categoria-educacao-e-cultura","status":"publish","type":"post","link":"https:\/\/maranhaotv.com.br\/index.php\/2023\/02\/11\/vice-governador-felipe-camarao-recebe-premio-manoel-da-conceicao-na-categoria-educacao-e-cultura\/","title":{"rendered":"Vice-governador Felipe Camar\u00e3o recebe Pr\u00eamio Manoel da Concei\u00e7\u00e3o, na categoria Educa\u00e7\u00e3o e Cultura"},"content":{"rendered":"\n<p><br>\u201cO Pr\u00eamio Manoel da Concei\u00e7\u00e3o \u00e9 um pr\u00eamio que eterniza o nome do nosso Man\u00e9 e reconhece a contribui\u00e7\u00e3o de v\u00e1rias pessoas. E para mim \u00e9 uma honra receber hoje essa premia\u00e7\u00e3o que leva o nome desse petista hist\u00f3rico, s\u00edmbolo da resist\u00eancia e da luta. Recebo-o com muita humildade e com muita responsabilidade para trabalhar cada vez mais pelo Maranh\u00e3o, em especial por aqueles que mais precisam\u201d, destacou o vice-governador Felipe Camar\u00e3o, ao receber a premia\u00e7\u00e3o em sua 1\u00aa edi\u00e7\u00e3o realizada na noite desta sexta-feira (10).<br><br>O Pr\u00eamio Manoel da Concei\u00e7\u00e3o foi lan\u00e7ado durante as comemora\u00e7\u00f5es de 43 anos de funda\u00e7\u00e3o do Partido dos Trabalhadores e das Trabalhadoras e a partir de agora, ser\u00e1 realizado anualmente com objetivo de reconhecer aqueles que se dedicam ou se dedicaram \u00e0 luta democr\u00e1tica e popular no Maranh\u00e3o. A homenagem ao Man\u00e9, como carinhosamente era conhecido por todos, d\u00e1-se por sua import\u00e2ncia hist\u00f3rica, como um dos fundadores do Partido e por ser s\u00edmbolo da luta e resist\u00eancia camponesa popular. <br><br>&#8220;A 1\u00aa Edi\u00e7\u00e3o do Pr\u00eamio Manoel da Concei\u00e7\u00e3o marcou os 43 anos do PT no Maranh\u00e3o.  Man\u00e9 \u00e9 s\u00edmbolo de luta e resist\u00eancia, e em nome dele homenageamos companheiros, companheiras e entidades,  que contribu\u00edram para a classe trabalhadora, que lutaram pela Democracia e que constru\u00edram um Maranh\u00e3o mais digno e justo.&#8221; , declarou o presidente estadual do PT-MA, Francimar Melo.<br><br>A premia\u00e7\u00e3o se divide em 5 categorias, sendo elas: Direitos Humanos e Democracia; Educa\u00e7\u00e3o e Cultura; Agr\u00e1rio e Meio Ambiente; Comunica\u00e7\u00e3o; e Atua\u00e7\u00e3o Partid\u00e1ria. Ao todo, 18 pessoas ou entidades foram premiadas nesta noite, dentre elas a vi\u00fava de Manoel da Concei\u00e7\u00e3o, o ministro Fl\u00e1vio Dino, dentre outros nomes.<\/p>\n\n\n\n<figure class=\"wp-block-image size-large\"><img decoding=\"async\" src=\"https:\/\/maranhaotv.com.br\/wp-content\/uploads\/2023\/02\/IMG-20230211-WA0121-1024x682.jpg\" alt=\"\" class=\"wp-image-30400\"\/><\/figure>\n\n\n\n<figure class=\"wp-block-image\"><img decoding=\"async\" src=\"https:\/\/maranhaotv.com.br\/wp-content\/uploads\/2023\/02\/IMG-20230211-WA0122-1024x682.jpg\" alt=\"\" class=\"wp-image-30401\"\/><\/figure>\n","protected":false},"excerpt":{"rendered":"<p>\u201cO Pr\u00eamio Manoel da Concei\u00e7\u00e3o \u00e9 um pr\u00eamio que eterniza o nome do nosso Man\u00e9 e reconhece a contribui\u00e7\u00e3o de<\/p>\n","protected":false},"author":2,"featured_media":30402,"comment_status":"open","ping_status":"open","sticky":false,"template":"","format":"standard","meta":{"colormag_page_container_layout":"default_layout","colormag_page_sidebar_layout":"default_layout","_jetpack_memberships_contains_paid_content":false,"footnotes":""},"categories":[2],"tags":[],"class_list":["post-30403","post","type-post","status-publish","format-standard","has-post-thumbnail","hentry","category-noticias"],"magazineBlocksPostFeaturedMedia":{"thumbnail":false,"medium":false,"medium_large":false,"large":false,"1536x1536":false,"2048x2048":false,"colormag-highlighted-post":false,"colormag-featured-post-medium":false,"colormag-featured-post-small":false,"colormag-featured-image":false,"colormag-default-news":false,"colormag-featured-image-large":false},"magazineBlocksPostAuthor":{"name":"maranhaotv","avatar":"https:\/\/secure.gravatar.com\/avatar\/8fadbca458d4cb68b1dd399ae9a40618d747bb1af65ac9fad21c89220a143eb4?s=96&d=mm&r=g"},"magazineBlocksPostCommentsNumber":"0","magazineBlocksPostExcerpt":"\u201cO Pr\u00eamio Manoel da Concei\u00e7\u00e3o \u00e9 um pr\u00eamio que eterniza o nome do nosso Man\u00e9 e reconhece a contribui\u00e7\u00e3o de","magazineBlocksPostCategories":["not\u00edcias"],"magazineBlocksPostViewCount":255,"magazineBlocksPostReadTime":2,"magazine_blocks_featured_image_url":{"full":false,"medium":false,"thumbnail":false},"magazine_blocks_author":{"display_name":"maranhaotv","author_link":"https:\/\/maranhaotv.com.br\/index.php\/author\/maranhaotv\/"},"magazine_blocks_comment":0,"magazine_blocks_author_image":"https:\/\/secure.gravatar.com\/avatar\/8fadbca458d4cb68b1dd399ae9a40618d747bb1af65ac9fad21c89220a143eb4?s=96&d=mm&r=g","magazine_blocks_category":"<a href=\"#\" class=\"category-link category-link-2\">not\u00edcias<\/a>","jetpack_featured_media_url":"","jetpack_sharing_enabled":true,"_links":{"self":[{"href":"https:\/\/maranhaotv.com.br\/index.php\/wp-json\/wp\/v2\/posts\/30403","targetHints":{"allow":["GET"]}}],"collection":[{"href":"https:\/\/maranhaotv.com.br\/index.php\/wp-json\/wp\/v2\/posts"}],"about":[{"href":"https:\/\/maranhaotv.com.br\/index.php\/wp-json\/wp\/v2\/types\/post"}],"author":[{"embeddable":true,"href":"https:\/\/maranhaotv.com.br\/index.php\/wp-json\/wp\/v2\/users\/2"}],"replies":[{"embeddable":true,"href":"https:\/\/maranhaotv.com.br\/index.php\/wp-json\/wp\/v2\/comments?post=30403"}],"version-history":[{"count":0,"href":"https:\/\/maranhaotv.com.br\/index.php\/wp-json\/wp\/v2\/posts\/30403\/revisions"}],"wp:featuredmedia":[{"embeddable":true,"href":"https:\/\/maranhaotv.com.br\/index.php\/wp-json\/"}],"wp:attachment":[{"href":"https:\/\/maranhaotv.com.br\/index.php\/wp-json\/wp\/v2\/media?parent=30403"}],"wp:term":[{"taxonomy":"category","embeddable":true,"href":"https:\/\/maranhaotv.com.br\/index.php\/wp-json\/wp\/v2\/categories?post=30403"},{"taxonomy":"post_tag","embeddable":true,"href":"https:\/\/maranhaotv.com.br\/index.php\/wp-json\/wp\/v2\/tags?post=30403"}],"curies":[{"name":"wp","href":"https:\/\/api.w.org\/{rel}","templated":true}]}}