{"id":30643,"date":"2023-03-01T13:59:36","date_gmt":"2023-03-01T16:59:36","guid":{"rendered":"https:\/\/maranhaotv.com.br\/?p=30643"},"modified":"2023-03-01T13:59:36","modified_gmt":"2023-03-01T16:59:36","slug":"agricultura-familiar-de-paco-do-lumiar-ja-responde-por-metade-da-alimentacao-servida-nas-escolas-do-municipio","status":"publish","type":"post","link":"https:\/\/maranhaotv.com.br\/index.php\/2023\/03\/01\/agricultura-familiar-de-paco-do-lumiar-ja-responde-por-metade-da-alimentacao-servida-nas-escolas-do-municipio\/","title":{"rendered":"Agricultura familiar de Pa\u00e7o do Lumiar j\u00e1 responde por metade da alimenta\u00e7\u00e3o servida nas escolas do munic\u00edpio"},"content":{"rendered":"\n<p><br>Este ano, quase metade da alimenta\u00e7\u00e3o oferecida diariamente na rede escolar de Pa\u00e7o do Lumiar ter\u00e1 como base produtos agr\u00edcolas cultivados e adquiridos de cooperativas de agricultores familiares do pr\u00f3prio munic\u00edpio. Os n\u00fameros foram anunciados nesta ter\u00e7a-feira (28) pela prefeita Paula Azevedo durante evento de apresenta\u00e7\u00e3o de produtos hortifrutigranjeiros a serem fornecidos \u00e0s escolas luminenses por meio do Programa Nacional de Alimenta\u00e7\u00e3o Escolar (PNAE).<br><br>Cerca de 200 produtores da agricultura familiar s\u00e3o beneficiados atualmente pelo programa. \u00c9 por meio dos recursos do PNAE que os munic\u00edpios brasileiros compram os alimentos servidos aos estudantes das escolas p\u00fablicas. Por for\u00e7a da lei 11.947, no m\u00ednimo 30% dessas compras devem ser feitas diretamente das m\u00e3os de pequenos e m\u00e9dios produtores.<br><br>\u201cEm 2002, superamos com folga o limite m\u00ednimo estabelecido pela lei, atingindo 45% de participa\u00e7\u00e3o da agricultura familiar nas compras de produtos para a nossa rede de ensino. Este ano, daremos um novo impulso ao PNAE e pretendemos elevar esse \u00edndice de participa\u00e7\u00e3o para 50%\u201d, projeta a prefeita de Pa\u00e7o do Lumiar, Paula Azevedo.<br><br>Al\u00e9m de abastecer a cozinha das escolas p\u00fablicas com produtos agr\u00edcolas de boa proced\u00eancia e qualidade nutricional, o PNAE, de maneira simult\u00e2nea, ajuda a fortalecer a agricultura familiar de Pa\u00e7o do Lumiar, garantindo aos produtores que aderem ao programa a comercializa\u00e7\u00e3o segura de tudo que \u00e9 plantado em suas terras.<br><br>\u201cPa\u00e7o do Lumiar \u00e9 hoje, reconhecidamente, um dos principais fornecedores de produtos hortifrutigranjeiros do Estado. Com o incentivo \u00e0 participa\u00e7\u00e3o dos pequenos agricultores em programas como o PNAE, estamos ampliando esse potencial, al\u00e9m de gerar renda de forma sustent\u00e1vel \u00e0s fam\u00edlias deles\u201d, refor\u00e7a o secret\u00e1rio adjunto de Agricultura, Pesca e Abastecimento de Pa\u00e7o, Genilson Sousa Ramos.<br><br>Para a secret\u00e1ria interina de Educa\u00e7\u00e3o, Monique Fialho Carmona, o PNAE tem proporcionado uma s\u00e9rie de benef\u00edcios \u00e0 comunidade escolar, sendo o principal deles a confian\u00e7a de consumir produtos agr\u00edcolas que sabem exatamente de onde vieram, cultivados at\u00e9 mesmo no quintal de onde moram e isso acaba fazendo uma enorme diferen\u00e7a, aponta Monique Carmona.<br><br>\u201cEm munic\u00edpios carentes como Pa\u00e7o do Lumiar, a alimenta\u00e7\u00e3o escolar \u00e9 um fator determinante para a perman\u00eancia do aluno em sala de aula. Quando o card\u00e1pio dessa alimenta\u00e7\u00e3o \u00e9 composto por produtos agr\u00edcolas que o aluno conhece, o nosso objetivo de fomentar h\u00e1bitos alimentares saud\u00e1veis entre as crian\u00e7as \u00e9 facilitado\u201d, avalia a secret\u00e1ria.<br><br>Atualmente, os recursos do Programa Nacional de Alimenta\u00e7\u00e3o Escolar abastecem a cozinha das 94 escolas da rede municipal de Pa\u00e7o do Lumiar. Por meio do programa de aquisi\u00e7\u00e3o dos produtos, cerca de 200 produtores de Pa\u00e7o do Lumiar, agrupados em quatro cooperativas, s\u00e3o beneficiados pelo programa.<br><br>\u201cMenos de 100 produtores da nossa regi\u00e3o foram beneficiados na \u00faltima edi\u00e7\u00e3o do Programa Alimenta Brasil. Agora, com o aumento dos recursos destinados a Pa\u00e7o, e mais a corre\u00e7\u00e3o dos valores de comercializa\u00e7\u00e3o a serem pagos ao produtor, nossa expectativa para este ano \u00e9 dobrar a participa\u00e7\u00e3o dos pequenos agricultores no programa\u201d, comemora a secret\u00e1ria municipal de Agricultura, Pesca e Abastecimento, J\u00falia Assun\u00e7\u00e3o.<br><br>O per\u00edodo de ades\u00e3o ao programa come\u00e7ou no dia 5 de janeiro e seria encerrado na sexta-feira, 3, por\u00e9m, a SEMAPA decidiu prorrogar o per\u00edodo de cadastro at\u00e9 o in\u00edcio de mar\u00e7o (dia 7\/03 ser\u00e1 o \u00faltimo dia do cadastramento), para que o munic\u00edpio consiga atingir a meta de cadastrar 200 agricultores na nova edi\u00e7\u00e3o do Alimenta Brasil. At\u00e9 agora, 134 pequenos agricultores fizeram o cadastro.<br><br>Ap\u00f3s a etapa de cadastro, a SEMAPA far\u00e1 a vistoria da propriedade dos produtores inscritos, para confirmar se h\u00e1 de fato condi\u00e7\u00f5es para o fornecimento dos produtos para o PAB, e tamb\u00e9m ir\u00e1 vistoriar a situa\u00e7\u00e3o das entidades sociais que receber\u00e3o a doa\u00e7\u00e3o dos alimentos.<br><br>INCENTIVO \u00c0 PRODU\u00c7\u00c3O<br>O Alimenta Brasil \u00e9 um programa de aquisi\u00e7\u00e3o de alimentos com objetivo de incentivar a produ\u00e7\u00e3o de agricultores familiares, extrativistas, pescadores artesanais, e, tamb\u00e9m ampliar o acesso \u00e0 alimenta\u00e7\u00e3o a fam\u00edlias em situa\u00e7\u00e3o de vulnerabilidade alimentar e nutricional. O programa \u00e9 executado em parceria do Governos Federal com prefeituras. O poder p\u00fablico compra alimentos produzidos por pequenos agricultores e os doa a fam\u00edlias em situa\u00e7\u00e3o de inseguran\u00e7a alimentar, por meio da rede de assist\u00eancia social existente em cada munic\u00edpio.<br><br>\u201c\u00c9 um programa fant\u00e1stico, com um alcance social amplificado, pois, al\u00e9m de beneficiar pequenos produtores familiares, ajuda tamb\u00e9m a retirar pessoas em situa\u00e7\u00e3o de inseguran\u00e7a alimentar, e ainda ajuda a fortalecer a economia do munic\u00edpio\u201d, destaca a coordenadora do Alimenta Brasil em Pa\u00e7o do Lumiar, Dan\u00fabia Lemos Dadalto. \u201cOs recursos pagos pelo Alimenta Brasil aos pequenos agricultores acabam aquecendo o com\u00e9rcio de bens e servi\u00e7os no pr\u00f3prio com\u00e9rcio de Pa\u00e7o\u201d, refor\u00e7a a coordenadora.<br><br>Em Pa\u00e7o do Lumiar, os alimentos adquiridos dos pequenos agricultores por meio do Programa Alimenta Brasil (PAB) s\u00e3o encaminhados ao CRAS, Centro de Assist\u00eancia Social do munic\u00edpio, que os convertem em cestas verdes b\u00e1sicas, doadas a entidades sociais que atendem pessoas em situa\u00e7\u00e3o de vulnerabilidade alimentar. Toda a gest\u00e3o do Programa Alimenta Brasil, desde o cadastro de agricultores at\u00e9 a entrega dos alimentos para doa\u00e7\u00e3o, \u00e9 feita pela Secretaria Municipal de Agricultura, Pesca e Abastecimento (SEMAPA).<br><br>Crit\u00e9rios para cadastro no Programa Alimenta Brasil<br>\u2022\tPossuir CAF \u2013 Cadastro de Agricultura Familiar (antigo DAP \u2013 Declara\u00e7\u00e3o de Aptid\u00e3o ao Pronaf)<br>\u2022\tCPF<br>\u2022\tDocumento de identidade<br>\u2022\tComprovante de endere\u00e7o atualizado<br>\u2022\tComprovante de recebimento do Programa Bolsa Fam\u00edlia, caso receba<br>\u2022\tComprovante de participa\u00e7\u00e3o em outras edi\u00e7\u00f5es do PAB<br><br>Informa\u00e7\u00f5es gerais sobre o cadastramento:<br>Prazo: At\u00e9 o dia 07\/03\/23<br>Hor\u00e1rio:  De segunda a sexta-feira, das 8h30 \u00e0s 12h<br>Local: SEMAPA, Avenida Principal, Sede de Pa\u00e7o do Lumiar (em frente ao SAAE)<\/p>\n\n\n\n<figure class=\"wp-block-image size-large\"><img decoding=\"async\" src=\"https:\/\/maranhaotv.com.br\/wp-content\/uploads\/2023\/03\/IMG-20230301-WA0338-1024x682.jpg\" alt=\"\" class=\"wp-image-30641\"\/><\/figure>\n","protected":false},"excerpt":{"rendered":"<p>Este ano, quase metade da alimenta\u00e7\u00e3o oferecida diariamente na rede escolar de Pa\u00e7o do Lumiar ter\u00e1 como base produtos agr\u00edcolas<\/p>\n","protected":false},"author":2,"featured_media":30642,"comment_status":"open","ping_status":"open","sticky":false,"template":"","format":"standard","meta":{"colormag_page_container_layout":"default_layout","colormag_page_sidebar_layout":"default_layout","_jetpack_memberships_contains_paid_content":false,"footnotes":""},"categories":[2],"tags":[],"class_list":["post-30643","post","type-post","status-publish","format-standard","has-post-thumbnail","hentry","category-noticias"],"magazineBlocksPostFeaturedMedia":{"thumbnail":false,"medium":false,"medium_large":false,"large":false,"1536x1536":false,"2048x2048":false,"colormag-highlighted-post":false,"colormag-featured-post-medium":false,"colormag-featured-post-small":false,"colormag-featured-image":false,"colormag-default-news":false,"colormag-featured-image-large":false},"magazineBlocksPostAuthor":{"name":"maranhaotv","avatar":"https:\/\/secure.gravatar.com\/avatar\/8fadbca458d4cb68b1dd399ae9a40618d747bb1af65ac9fad21c89220a143eb4?s=96&d=mm&r=g"},"magazineBlocksPostCommentsNumber":"0","magazineBlocksPostExcerpt":"Este ano, quase metade da alimenta\u00e7\u00e3o oferecida diariamente na rede escolar de Pa\u00e7o do Lumiar ter\u00e1 como base produtos agr\u00edcolas","magazineBlocksPostCategories":["not\u00edcias"],"magazineBlocksPostViewCount":190,"magazineBlocksPostReadTime":6,"magazine_blocks_featured_image_url":{"full":false,"medium":false,"thumbnail":false},"magazine_blocks_author":{"display_name":"maranhaotv","author_link":"https:\/\/maranhaotv.com.br\/index.php\/author\/maranhaotv\/"},"magazine_blocks_comment":0,"magazine_blocks_author_image":"https:\/\/secure.gravatar.com\/avatar\/8fadbca458d4cb68b1dd399ae9a40618d747bb1af65ac9fad21c89220a143eb4?s=96&d=mm&r=g","magazine_blocks_category":"<a href=\"#\" class=\"category-link category-link-2\">not\u00edcias<\/a>","jetpack_featured_media_url":"","jetpack_sharing_enabled":true,"_links":{"self":[{"href":"https:\/\/maranhaotv.com.br\/index.php\/wp-json\/wp\/v2\/posts\/30643","targetHints":{"allow":["GET"]}}],"collection":[{"href":"https:\/\/maranhaotv.com.br\/index.php\/wp-json\/wp\/v2\/posts"}],"about":[{"href":"https:\/\/maranhaotv.com.br\/index.php\/wp-json\/wp\/v2\/types\/post"}],"author":[{"embeddable":true,"href":"https:\/\/maranhaotv.com.br\/index.php\/wp-json\/wp\/v2\/users\/2"}],"replies":[{"embeddable":true,"href":"https:\/\/maranhaotv.com.br\/index.php\/wp-json\/wp\/v2\/comments?post=30643"}],"version-history":[{"count":0,"href":"https:\/\/maranhaotv.com.br\/index.php\/wp-json\/wp\/v2\/posts\/30643\/revisions"}],"wp:featuredmedia":[{"embeddable":true,"href":"https:\/\/maranhaotv.com.br\/index.php\/wp-json\/"}],"wp:attachment":[{"href":"https:\/\/maranhaotv.com.br\/index.php\/wp-json\/wp\/v2\/media?parent=30643"}],"wp:term":[{"taxonomy":"category","embeddable":true,"href":"https:\/\/maranhaotv.com.br\/index.php\/wp-json\/wp\/v2\/categories?post=30643"},{"taxonomy":"post_tag","embeddable":true,"href":"https:\/\/maranhaotv.com.br\/index.php\/wp-json\/wp\/v2\/tags?post=30643"}],"curies":[{"name":"wp","href":"https:\/\/api.w.org\/{rel}","templated":true}]}}