{"id":30657,"date":"2023-03-02T17:22:37","date_gmt":"2023-03-02T20:22:37","guid":{"rendered":"https:\/\/maranhaotv.com.br\/?p=30657"},"modified":"2023-03-02T17:22:37","modified_gmt":"2023-03-02T20:22:37","slug":"em-brasilia-vice-governador-felipe-camarao-busca-mais-investimentos-para-a-educacao-maranhense","status":"publish","type":"post","link":"https:\/\/maranhaotv.com.br\/index.php\/2023\/03\/02\/em-brasilia-vice-governador-felipe-camarao-busca-mais-investimentos-para-a-educacao-maranhense\/","title":{"rendered":"Em Bras\u00edlia, vice-governador Felipe Camar\u00e3o busca mais investimentos para a educa\u00e7\u00e3o maranhense"},"content":{"rendered":"\n<p><br>Nesta quinta-feira (02), o vice-governador do Maranh\u00e3o, Felipe Camar\u00e3o, representando o governador Carlos Brand\u00e3o, esteve em Bras\u00edlia participando de reuni\u00f5es que t\u00eam por objetivo garantir mais investimentos para a educa\u00e7\u00e3o maranhense. <br><br>Na primeira reuni\u00e3o do dia, Felipe Camar\u00e3o dialogou com a presidente da Funda\u00e7\u00e3o Banco do Brasil, Elis\u00e2ngela Moroz Zilli, entre outros representantes, momento em que foi acordada parceria que apoiar\u00e1 um projeto que ser\u00e1 desenvolvido no Estado, com objetivo de transformar o Maranh\u00e3o em territ\u00f3rio livre do alfabetismo, enxertando investimentos para auxiliar na alfabetiza\u00e7\u00e3o de jovens e adultos maranhenses.<br><br>\u201cUm encontro bastante proveitoso para a educa\u00e7\u00e3o do nosso estado. Vamos agora formalizar os tr\u00e2mites para a efetiva\u00e7\u00e3o de mais essa parceria para o Maranh\u00e3o. Onde a ideia \u00e9 o \u2018apadrinhamento\u2019 de uma cidade do Maranh\u00e3o, com menor IDH, e promover a\u00e7\u00f5es de educa\u00e7\u00e3o que tornem esse munic\u00edpio livre do analfabetismo\u201d, explicou o vice-governador.<br><br>Ainda na capital federal, Felipe Camar\u00e3o reuniu com o Ministro da Secretaria-Geral da Presid\u00eancia, Marcio Macedo, e com o secret\u00e1rio Nacional da Juventude \u2013 do Governo Federal, Ronald Sorriso. Na pauta, mais investimentos para juventude maranhense e a amplia\u00e7\u00e3o do Programa Agente Jovem Ambiental, projeto j\u00e1 desenvolvido no Maranh\u00e3o e que tem como objetivo fomentar a inclus\u00e3o social e conscientiza\u00e7\u00e3o ambiental de jovens maranhenses. Al\u00e9m de mais recursos para a Escola Ambiental do Maranh\u00e3o e mobiliza\u00e7\u00e3o para as Confer\u00eancias Nacionais da Juventude, que devem contar com a parceria da Secretaria de Estado da Educa\u00e7\u00e3o (Seduc-MA).<br><br>\u201cNosso Programa AJA (Agente Jovem Ambiental) \u00e9 uma das experi\u00eancias exitosas do Governo do Maranh\u00e3o e agora vamos levar essa proposta para al\u00e9m das fronteiras do nosso estado. Nosso desejo \u00e9 o de que jovens brasileiros possam \u2013 cada vez mais \u2013 participar de projetos socioambientais que contribuam para a preserva\u00e7\u00e3o e conserva\u00e7\u00e3o do meio ambiente e, principalmente, estimular o protagonismo juvenil para que eles desenvolvam habilidades e ampliem suas oportunidades de gera\u00e7\u00e3o de renda e melhoria da qualidade de vida\u201d, afirmou o vice-governador.<br><br>\u201cForam reuni\u00f5es muito produtivas. A Confer\u00eancia Nacional da Juventude deve ser realizada ainda em 2023 e as Confer\u00eancias preparat\u00f3rias devem ocorrer no Maranh\u00e3o. Nosso estado e nossa juventude ser\u00e3o um grande laborat\u00f3rio para as pol\u00edticas p\u00fablicas relacionadas \u00e0 juventude no Brasil\u201d, complementou Camar\u00e3o.<br><br>*NOVO BOLSA FAM\u00cdLIA* <br><br>Ainda representando o governador Carlos Brand\u00e3o, em Bras\u00edlia, Felipe Camar\u00e3o participou do lan\u00e7amento do novo \u2018Bolsa Fam\u00edlia\u2019, do Governo Federal, realizado nesta quinta-feira (2), pelo presidente da Rep\u00fablica Luiz In\u00e1cio Lula da Silva.<br><br>\u201cEste \u00e9 um dia muito especial, hist\u00f3rico e marcante, pois traz esperan\u00e7a de dias melhores para o povo brasileiro. E o lan\u00e7amento do \u2018Bolsa Fam\u00edlia\u2019 tem tudo a ver com o Evangelho de Mateus e a Campanha da Fraternidade \u2013 da Igreja Cat\u00f3lica \u2013 que neste ano fala \u201cda\u00ed voc\u00eas mesmos de comer\u201d. Quero aqui, em nome de todo o povo brasileiro, agradecer ao presidente Lula por resgatar a dignidade para todos e todas que precisam se alimentar e viver com dignidade\u201d, concluiu Felipe Camar\u00e3o.<\/p>\n\n\n\n<figure class=\"wp-block-image size-large\"><img decoding=\"async\" src=\"https:\/\/maranhaotv.com.br\/wp-content\/uploads\/2023\/03\/IMG-20230302-WA0287-768x1024.jpg\" alt=\"\" class=\"wp-image-30654\"\/><figcaption class=\"wp-element-caption\">Vice-governador Felipe Camar\u00e3o dialoga com representantes da Funda\u00e7\u00e3o Banco do Brasil sobre parceria para erradicar analfabetismo no MA<\/figcaption><\/figure>\n\n\n\n<figure class=\"wp-block-image size-large\"><img decoding=\"async\" src=\"https:\/\/maranhaotv.com.br\/wp-content\/uploads\/2023\/03\/IMG-20230302-WA0289-1024x682.jpg\" alt=\"\" class=\"wp-image-30655\"\/><figcaption class=\"wp-element-caption\">Vice-governador Felipe Camar\u00e3o e o ministro da Secretaria-Geral da Presid\u00eancia, M\u00e1rcio Macedo<\/figcaption><\/figure>\n\n\n\n<figure class=\"wp-block-image size-large\"><img decoding=\"async\" src=\"https:\/\/maranhaotv.com.br\/wp-content\/uploads\/2023\/03\/IMG-20230302-WA0288-1024x682.jpg\" alt=\"\" class=\"wp-image-30656\"\/><figcaption class=\"wp-element-caption\">Vice-governador Felipe Camar\u00e3o em reuni\u00e3o com ministro da Secretaria-Geral da Presid\u00eancia, M\u00e1rcio Macedo, e com o secret\u00e1rio Nacional da Juventude, Ronald Sorriso<\/figcaption><\/figure>\n","protected":false},"excerpt":{"rendered":"<p>Nesta quinta-feira (02), o vice-governador do Maranh\u00e3o, Felipe Camar\u00e3o, representando o governador Carlos Brand\u00e3o, esteve em Bras\u00edlia participando de reuni\u00f5es<\/p>\n","protected":false},"author":2,"featured_media":30653,"comment_status":"open","ping_status":"open","sticky":false,"template":"","format":"standard","meta":{"colormag_page_container_layout":"default_layout","colormag_page_sidebar_layout":"default_layout","_jetpack_memberships_contains_paid_content":false,"footnotes":""},"categories":[6],"tags":[],"class_list":["post-30657","post","type-post","status-publish","format-standard","has-post-thumbnail","hentry","category-politica"],"magazineBlocksPostFeaturedMedia":{"thumbnail":false,"medium":false,"medium_large":false,"large":false,"1536x1536":false,"2048x2048":false,"colormag-highlighted-post":false,"colormag-featured-post-medium":false,"colormag-featured-post-small":false,"colormag-featured-image":false,"colormag-default-news":false,"colormag-featured-image-large":false},"magazineBlocksPostAuthor":{"name":"maranhaotv","avatar":"https:\/\/secure.gravatar.com\/avatar\/8fadbca458d4cb68b1dd399ae9a40618d747bb1af65ac9fad21c89220a143eb4?s=96&d=mm&r=g"},"magazineBlocksPostCommentsNumber":"0","magazineBlocksPostExcerpt":"Nesta quinta-feira (02), o vice-governador do Maranh\u00e3o, Felipe Camar\u00e3o, representando o governador Carlos Brand\u00e3o, esteve em Bras\u00edlia participando de reuni\u00f5es","magazineBlocksPostCategories":["pol\u00edtica"],"magazineBlocksPostViewCount":154,"magazineBlocksPostReadTime":4,"magazine_blocks_featured_image_url":{"full":false,"medium":false,"thumbnail":false},"magazine_blocks_author":{"display_name":"maranhaotv","author_link":"https:\/\/maranhaotv.com.br\/index.php\/author\/maranhaotv\/"},"magazine_blocks_comment":0,"magazine_blocks_author_image":"https:\/\/secure.gravatar.com\/avatar\/8fadbca458d4cb68b1dd399ae9a40618d747bb1af65ac9fad21c89220a143eb4?s=96&d=mm&r=g","magazine_blocks_category":"<a href=\"#\" class=\"category-link category-link-6\">pol\u00edtica<\/a>","jetpack_featured_media_url":"","jetpack_sharing_enabled":true,"_links":{"self":[{"href":"https:\/\/maranhaotv.com.br\/index.php\/wp-json\/wp\/v2\/posts\/30657","targetHints":{"allow":["GET"]}}],"collection":[{"href":"https:\/\/maranhaotv.com.br\/index.php\/wp-json\/wp\/v2\/posts"}],"about":[{"href":"https:\/\/maranhaotv.com.br\/index.php\/wp-json\/wp\/v2\/types\/post"}],"author":[{"embeddable":true,"href":"https:\/\/maranhaotv.com.br\/index.php\/wp-json\/wp\/v2\/users\/2"}],"replies":[{"embeddable":true,"href":"https:\/\/maranhaotv.com.br\/index.php\/wp-json\/wp\/v2\/comments?post=30657"}],"version-history":[{"count":0,"href":"https:\/\/maranhaotv.com.br\/index.php\/wp-json\/wp\/v2\/posts\/30657\/revisions"}],"wp:featuredmedia":[{"embeddable":true,"href":"https:\/\/maranhaotv.com.br\/index.php\/wp-json\/"}],"wp:attachment":[{"href":"https:\/\/maranhaotv.com.br\/index.php\/wp-json\/wp\/v2\/media?parent=30657"}],"wp:term":[{"taxonomy":"category","embeddable":true,"href":"https:\/\/maranhaotv.com.br\/index.php\/wp-json\/wp\/v2\/categories?post=30657"},{"taxonomy":"post_tag","embeddable":true,"href":"https:\/\/maranhaotv.com.br\/index.php\/wp-json\/wp\/v2\/tags?post=30657"}],"curies":[{"name":"wp","href":"https:\/\/api.w.org\/{rel}","templated":true}]}}