{"id":31851,"date":"2023-05-28T13:07:22","date_gmt":"2023-05-28T16:07:22","guid":{"rendered":"https:\/\/maranhaotv.com.br\/?p=31851"},"modified":"2023-05-28T13:07:22","modified_gmt":"2023-05-28T16:07:22","slug":"paco-do-lumiar-ex-prefeito-domingos-dutra-e-intimado-por-tcu-para-explicar-sumico-de-r-326-mil-de-convenio-federal","status":"publish","type":"post","link":"https:\/\/maranhaotv.com.br\/index.php\/2023\/05\/28\/paco-do-lumiar-ex-prefeito-domingos-dutra-e-intimado-por-tcu-para-explicar-sumico-de-r-326-mil-de-convenio-federal\/","title":{"rendered":"Pa\u00e7o do Lumiar: Ex-prefeito Domingos Dutra \u00e9 intimado por TCU para explicar sumi\u00e7o de R$ 326 mil de conv\u00eanio federal"},"content":{"rendered":"\n<p><br><br>O Tribunal de Contas da Uni\u00e3o (TCU) publicou edital intimando o ex-prefeito federal Domingos Dutra a apresentar defesa ou recolher 326 mil reais aos cofres do Fundo Nacional de Desenvolvimento da Educa\u00e7\u00e3o (FNDE).<br>O d\u00e9bito, segundo TCU, decorre da n\u00e3o comprova\u00e7\u00e3o de recursos do FNDE que foram repassados pelo governo ao munic\u00edpio de Pa\u00e7o do Lumiar (MA) entre 2013 e 2019. Dutra foi prefeito do munic\u00edpio entre janeiro de 2017 e janeiro de 2021.<br>Os recursos federais foram transferidos para a de uma creche em Pa\u00e7o do Lumiar. O prazo de presta\u00e7\u00e3o de contas encerrou-se em dezembro de 2019.<br>Segundo o tribunal, a rejei\u00e7\u00e3o das alega\u00e7\u00f5es de defesa poder\u00e1 resultar na condena\u00e7\u00e3o do ex-prefeito, que ter\u00e1 de devolver os recursos aos cofres p\u00fablicos. Em caso de inadimpl\u00eancia, Dutra poder\u00e1 ter o nome inclu\u00eddo no cadastro de cr\u00e9ditos n\u00e3o quitados do setor p\u00fablico (Cadin).<\/p>\n","protected":false},"excerpt":{"rendered":"<p>O Tribunal de Contas da Uni\u00e3o (TCU) publicou edital intimando o ex-prefeito federal Domingos Dutra a apresentar defesa ou recolher<\/p>\n","protected":false},"author":2,"featured_media":31850,"comment_status":"open","ping_status":"open","sticky":false,"template":"","format":"standard","meta":{"colormag_page_container_layout":"default_layout","colormag_page_sidebar_layout":"default_layout","_jetpack_memberships_contains_paid_content":false,"footnotes":""},"categories":[2],"tags":[],"class_list":["post-31851","post","type-post","status-publish","format-standard","has-post-thumbnail","hentry","category-noticias"],"magazineBlocksPostFeaturedMedia":{"thumbnail":false,"medium":false,"medium_large":false,"large":false,"1536x1536":false,"2048x2048":false,"colormag-highlighted-post":false,"colormag-featured-post-medium":false,"colormag-featured-post-small":false,"colormag-featured-image":false,"colormag-default-news":false,"colormag-featured-image-large":false},"magazineBlocksPostAuthor":{"name":"maranhaotv","avatar":"https:\/\/secure.gravatar.com\/avatar\/8fadbca458d4cb68b1dd399ae9a40618d747bb1af65ac9fad21c89220a143eb4?s=96&d=mm&r=g"},"magazineBlocksPostCommentsNumber":"0","magazineBlocksPostExcerpt":"O Tribunal de Contas da Uni\u00e3o (TCU) publicou edital intimando o ex-prefeito federal Domingos Dutra a apresentar defesa ou recolher","magazineBlocksPostCategories":["not\u00edcias"],"magazineBlocksPostViewCount":165,"magazineBlocksPostReadTime":1,"magazine_blocks_featured_image_url":{"full":false,"medium":false,"thumbnail":false},"magazine_blocks_author":{"display_name":"maranhaotv","author_link":"https:\/\/maranhaotv.com.br\/index.php\/author\/maranhaotv\/"},"magazine_blocks_comment":0,"magazine_blocks_author_image":"https:\/\/secure.gravatar.com\/avatar\/8fadbca458d4cb68b1dd399ae9a40618d747bb1af65ac9fad21c89220a143eb4?s=96&d=mm&r=g","magazine_blocks_category":"<a href=\"#\" class=\"category-link category-link-2\">not\u00edcias<\/a>","jetpack_featured_media_url":"","jetpack_sharing_enabled":true,"_links":{"self":[{"href":"https:\/\/maranhaotv.com.br\/index.php\/wp-json\/wp\/v2\/posts\/31851","targetHints":{"allow":["GET"]}}],"collection":[{"href":"https:\/\/maranhaotv.com.br\/index.php\/wp-json\/wp\/v2\/posts"}],"about":[{"href":"https:\/\/maranhaotv.com.br\/index.php\/wp-json\/wp\/v2\/types\/post"}],"author":[{"embeddable":true,"href":"https:\/\/maranhaotv.com.br\/index.php\/wp-json\/wp\/v2\/users\/2"}],"replies":[{"embeddable":true,"href":"https:\/\/maranhaotv.com.br\/index.php\/wp-json\/wp\/v2\/comments?post=31851"}],"version-history":[{"count":0,"href":"https:\/\/maranhaotv.com.br\/index.php\/wp-json\/wp\/v2\/posts\/31851\/revisions"}],"wp:featuredmedia":[{"embeddable":true,"href":"https:\/\/maranhaotv.com.br\/index.php\/wp-json\/"}],"wp:attachment":[{"href":"https:\/\/maranhaotv.com.br\/index.php\/wp-json\/wp\/v2\/media?parent=31851"}],"wp:term":[{"taxonomy":"category","embeddable":true,"href":"https:\/\/maranhaotv.com.br\/index.php\/wp-json\/wp\/v2\/categories?post=31851"},{"taxonomy":"post_tag","embeddable":true,"href":"https:\/\/maranhaotv.com.br\/index.php\/wp-json\/wp\/v2\/tags?post=31851"}],"curies":[{"name":"wp","href":"https:\/\/api.w.org\/{rel}","templated":true}]}}