{"id":31854,"date":"2023-05-29T11:11:40","date_gmt":"2023-05-29T14:11:40","guid":{"rendered":"https:\/\/maranhaotv.com.br\/?p=31854"},"modified":"2023-05-29T11:11:40","modified_gmt":"2023-05-29T14:11:40","slug":"deputado-rubens-jr-destaca-competencia-do-ministro-da-justica-flavio-dino","status":"publish","type":"post","link":"https:\/\/maranhaotv.com.br\/index.php\/2023\/05\/29\/deputado-rubens-jr-destaca-competencia-do-ministro-da-justica-flavio-dino\/","title":{"rendered":"Deputado Rubens Jr destaca compet\u00eancia do ministro da Justi\u00e7a Fl\u00e1vio Dino"},"content":{"rendered":"\n<p><em>Audi\u00eancia na Comiss\u00e3o de Constitui\u00e7\u00e3o e Justi\u00e7a da C\u00e2mara foi realizada nesta ter\u00e7a-feira (28)<\/em><\/p>\n\n\n\n<p><br>O deputado federal Rubens Pereira Jr (PT\/MA) manifestou, nesta ter\u00e7a-feira (28), durante a audi\u00eancia do ministro da Justi\u00e7a e Seguran\u00e7a P\u00fablica, Fl\u00e1vio Dino, na Comiss\u00e3o de Constitui\u00e7\u00e3o e Justi\u00e7a e de Cidadania (CCJ) da C\u00e2mara, sobre o novo momento que vive o pa\u00eds. \u201cO Brasil vive um novo momento em que se prestigia a transpar\u00eancia, valoriza a democracia e acredita-se na pol\u00edtica\u201d, disse o Rubens Jr. Assista:<\/p>\n\n\n\n<p><div class=\"jetpack-video-wrapper\"><iframe loading=\"lazy\" title=\"O Brasil vive um novo momento\" width=\"800\" height=\"450\" src=\"https:\/\/www.youtube.com\/embed\/pgEwDELgQIA?feature=oembed\" frameborder=\"0\" allow=\"accelerometer; autoplay; clipboard-write; encrypted-media; gyroscope; picture-in-picture; web-share\" referrerpolicy=\"strict-origin-when-cross-origin\" allowfullscreen><\/iframe><\/div><\/p>\n\n\n\n<p>O ministro da Justi\u00e7a Fl\u00e1vio Dino foi convidado oficialmente para ir a CCJ pelos deputados federais Gerv\u00e1sio Maia (PSB\/PB), Orlando Silva (PCdoB\/SP) e Rubens Pereira J\u00fanior (PT\/MA).<\/p>\n","protected":false},"excerpt":{"rendered":"<p>Audi\u00eancia na Comiss\u00e3o de Constitui\u00e7\u00e3o e Justi\u00e7a da C\u00e2mara foi realizada nesta ter\u00e7a-feira (28) O deputado federal Rubens Pereira Jr<\/p>\n","protected":false},"author":2,"featured_media":31853,"comment_status":"open","ping_status":"open","sticky":false,"template":"","format":"standard","meta":{"colormag_page_container_layout":"default_layout","colormag_page_sidebar_layout":"default_layout","_jetpack_memberships_contains_paid_content":false,"footnotes":""},"categories":[2],"tags":[],"class_list":["post-31854","post","type-post","status-publish","format-standard","has-post-thumbnail","hentry","category-noticias"],"magazineBlocksPostFeaturedMedia":{"thumbnail":false,"medium":false,"medium_large":false,"large":false,"1536x1536":false,"2048x2048":false,"colormag-highlighted-post":false,"colormag-featured-post-medium":false,"colormag-featured-post-small":false,"colormag-featured-image":false,"colormag-default-news":false,"colormag-featured-image-large":false},"magazineBlocksPostAuthor":{"name":"maranhaotv","avatar":"https:\/\/secure.gravatar.com\/avatar\/8fadbca458d4cb68b1dd399ae9a40618d747bb1af65ac9fad21c89220a143eb4?s=96&d=mm&r=g"},"magazineBlocksPostCommentsNumber":"0","magazineBlocksPostExcerpt":"Audi\u00eancia na Comiss\u00e3o de Constitui\u00e7\u00e3o e Justi\u00e7a da C\u00e2mara foi realizada nesta ter\u00e7a-feira (28) O deputado federal Rubens Pereira Jr","magazineBlocksPostCategories":["not\u00edcias"],"magazineBlocksPostViewCount":167,"magazineBlocksPostReadTime":1,"magazine_blocks_featured_image_url":{"full":false,"medium":false,"thumbnail":false},"magazine_blocks_author":{"display_name":"maranhaotv","author_link":"https:\/\/maranhaotv.com.br\/index.php\/author\/maranhaotv\/"},"magazine_blocks_comment":0,"magazine_blocks_author_image":"https:\/\/secure.gravatar.com\/avatar\/8fadbca458d4cb68b1dd399ae9a40618d747bb1af65ac9fad21c89220a143eb4?s=96&d=mm&r=g","magazine_blocks_category":"<a href=\"#\" class=\"category-link category-link-2\">not\u00edcias<\/a>","jetpack_featured_media_url":"","jetpack_sharing_enabled":true,"_links":{"self":[{"href":"https:\/\/maranhaotv.com.br\/index.php\/wp-json\/wp\/v2\/posts\/31854","targetHints":{"allow":["GET"]}}],"collection":[{"href":"https:\/\/maranhaotv.com.br\/index.php\/wp-json\/wp\/v2\/posts"}],"about":[{"href":"https:\/\/maranhaotv.com.br\/index.php\/wp-json\/wp\/v2\/types\/post"}],"author":[{"embeddable":true,"href":"https:\/\/maranhaotv.com.br\/index.php\/wp-json\/wp\/v2\/users\/2"}],"replies":[{"embeddable":true,"href":"https:\/\/maranhaotv.com.br\/index.php\/wp-json\/wp\/v2\/comments?post=31854"}],"version-history":[{"count":0,"href":"https:\/\/maranhaotv.com.br\/index.php\/wp-json\/wp\/v2\/posts\/31854\/revisions"}],"wp:featuredmedia":[{"embeddable":true,"href":"https:\/\/maranhaotv.com.br\/index.php\/wp-json\/"}],"wp:attachment":[{"href":"https:\/\/maranhaotv.com.br\/index.php\/wp-json\/wp\/v2\/media?parent=31854"}],"wp:term":[{"taxonomy":"category","embeddable":true,"href":"https:\/\/maranhaotv.com.br\/index.php\/wp-json\/wp\/v2\/categories?post=31854"},{"taxonomy":"post_tag","embeddable":true,"href":"https:\/\/maranhaotv.com.br\/index.php\/wp-json\/wp\/v2\/tags?post=31854"}],"curies":[{"name":"wp","href":"https:\/\/api.w.org\/{rel}","templated":true}]}}