{"id":31862,"date":"2023-05-29T15:14:24","date_gmt":"2023-05-29T18:14:24","guid":{"rendered":"https:\/\/maranhaotv.com.br\/?p=31862"},"modified":"2023-05-29T15:14:24","modified_gmt":"2023-05-29T18:14:24","slug":"deputado-wellington-solicita-recomposicao-salarial-para-os-servidores-da-aged-e-nomeacao-de-mais-aprovados","status":"publish","type":"post","link":"https:\/\/maranhaotv.com.br\/index.php\/2023\/05\/29\/deputado-wellington-solicita-recomposicao-salarial-para-os-servidores-da-aged-e-nomeacao-de-mais-aprovados\/","title":{"rendered":"Deputado Wellington solicita recomposi\u00e7\u00e3o salarial para os servidores da AGED e nomea\u00e7\u00e3o de mais aprovados"},"content":{"rendered":"\n<p><br><br>Na manh\u00e3 desta segunda-feira (26), o deputado estadual Wellington do Curso esteve em solenidade de assinaturas e an\u00fancios de novos projetos e benef\u00edcios para o fortalecimento da Defesa Agropecu\u00e1ria. O evento ocorreu no Pal\u00e1cio Henrique de La Rocque e reuniu dezenas de autoridades e membros da sociedade civil.<br><br>Na ocasi\u00e3o, o deputado Wellington solicitou a recomposi\u00e7\u00e3o salarial para os servidores e nomea\u00e7\u00e3o de mais aprovados no \u00faltimo concurso.<br><br>\u201cIniciamos a semana com a nomea\u00e7\u00e3o de aprovados no \u00faltimo concurso da Aged! \u00c9 uma luta nossa antiga e que segue firme at\u00e9 que todos sejam convocados. Al\u00e9m disso, sigo firme pela recomposi\u00e7\u00e3o salarial dos servidores, que s\u00e3o os respons\u00e1veis pelo Maranh\u00e3o se tornar zona livre de febre aftosa sem vacina\u00e7\u00e3o! Servidores p\u00fablicos e aprovados, contem sempre comigo!\u201d, disse o deputado Wellington.<br><br>Ainda na ocasi\u00e3o, o parlamentar parabenizou a luta do Sindicato dos Servidores  da Fiscaliza\u00e7\u00e3o Agropecu\u00e1ria (Sinfa) e reafirmou o compromisso com a categoria ao ouvir as pautas apresentadas pelo diretor Diego Sampaio.<\/p>\n","protected":false},"excerpt":{"rendered":"<p>Na manh\u00e3 desta segunda-feira (26), o deputado estadual Wellington do Curso esteve em solenidade de assinaturas e an\u00fancios de novos<\/p>\n","protected":false},"author":2,"featured_media":31861,"comment_status":"open","ping_status":"open","sticky":false,"template":"","format":"standard","meta":{"colormag_page_container_layout":"default_layout","colormag_page_sidebar_layout":"default_layout","_jetpack_memberships_contains_paid_content":false,"footnotes":""},"categories":[2],"tags":[],"class_list":["post-31862","post","type-post","status-publish","format-standard","has-post-thumbnail","hentry","category-noticias"],"magazineBlocksPostFeaturedMedia":{"thumbnail":false,"medium":false,"medium_large":false,"large":false,"1536x1536":false,"2048x2048":false,"colormag-highlighted-post":false,"colormag-featured-post-medium":false,"colormag-featured-post-small":false,"colormag-featured-image":false,"colormag-default-news":false,"colormag-featured-image-large":false},"magazineBlocksPostAuthor":{"name":"maranhaotv","avatar":"https:\/\/secure.gravatar.com\/avatar\/8fadbca458d4cb68b1dd399ae9a40618d747bb1af65ac9fad21c89220a143eb4?s=96&d=mm&r=g"},"magazineBlocksPostCommentsNumber":"0","magazineBlocksPostExcerpt":"Na manh\u00e3 desta segunda-feira (26), o deputado estadual Wellington do Curso esteve em solenidade de assinaturas e an\u00fancios de novos","magazineBlocksPostCategories":["not\u00edcias"],"magazineBlocksPostViewCount":176,"magazineBlocksPostReadTime":1,"magazine_blocks_featured_image_url":{"full":false,"medium":false,"thumbnail":false},"magazine_blocks_author":{"display_name":"maranhaotv","author_link":"https:\/\/maranhaotv.com.br\/index.php\/author\/maranhaotv\/"},"magazine_blocks_comment":0,"magazine_blocks_author_image":"https:\/\/secure.gravatar.com\/avatar\/8fadbca458d4cb68b1dd399ae9a40618d747bb1af65ac9fad21c89220a143eb4?s=96&d=mm&r=g","magazine_blocks_category":"<a href=\"#\" class=\"category-link category-link-2\">not\u00edcias<\/a>","jetpack_featured_media_url":"","jetpack_sharing_enabled":true,"_links":{"self":[{"href":"https:\/\/maranhaotv.com.br\/index.php\/wp-json\/wp\/v2\/posts\/31862","targetHints":{"allow":["GET"]}}],"collection":[{"href":"https:\/\/maranhaotv.com.br\/index.php\/wp-json\/wp\/v2\/posts"}],"about":[{"href":"https:\/\/maranhaotv.com.br\/index.php\/wp-json\/wp\/v2\/types\/post"}],"author":[{"embeddable":true,"href":"https:\/\/maranhaotv.com.br\/index.php\/wp-json\/wp\/v2\/users\/2"}],"replies":[{"embeddable":true,"href":"https:\/\/maranhaotv.com.br\/index.php\/wp-json\/wp\/v2\/comments?post=31862"}],"version-history":[{"count":0,"href":"https:\/\/maranhaotv.com.br\/index.php\/wp-json\/wp\/v2\/posts\/31862\/revisions"}],"wp:featuredmedia":[{"embeddable":true,"href":"https:\/\/maranhaotv.com.br\/index.php\/wp-json\/"}],"wp:attachment":[{"href":"https:\/\/maranhaotv.com.br\/index.php\/wp-json\/wp\/v2\/media?parent=31862"}],"wp:term":[{"taxonomy":"category","embeddable":true,"href":"https:\/\/maranhaotv.com.br\/index.php\/wp-json\/wp\/v2\/categories?post=31862"},{"taxonomy":"post_tag","embeddable":true,"href":"https:\/\/maranhaotv.com.br\/index.php\/wp-json\/wp\/v2\/tags?post=31862"}],"curies":[{"name":"wp","href":"https:\/\/api.w.org\/{rel}","templated":true}]}}