{"id":31879,"date":"2023-05-30T15:23:34","date_gmt":"2023-05-30T18:23:34","guid":{"rendered":"https:\/\/maranhaotv.com.br\/?p=31879"},"modified":"2023-05-30T15:23:34","modified_gmt":"2023-05-30T18:23:34","slug":"paco-do-lumiar-encerra-maio-amarelo-com-atividades-educativas-na-praca-da-familia","status":"publish","type":"post","link":"https:\/\/maranhaotv.com.br\/index.php\/2023\/05\/30\/paco-do-lumiar-encerra-maio-amarelo-com-atividades-educativas-na-praca-da-familia\/","title":{"rendered":"Pa\u00e7o do Lumiar encerra Maio Amarelo com atividades educativas na Pra\u00e7a da Fam\u00edlia"},"content":{"rendered":"\n<p><br><br>A Prefeitura de Pa\u00e7o do Lumiar, por meio da Secretaria Municipal de Mobilidade Urbana (SEMUR), finalizou, na manh\u00e3 desta ter\u00e7a-feira (30), a Campanha Maio Amarelo, que este ano trouxe o tema \u2018\u2019No Tr\u00e2nsito, Escolha a Vida.\u2019\u2019<br><br>O encerramento foi feito na Avenida 13, na Pra\u00e7a da Fam\u00edlia, no Maiob\u00e3o, e contou com a presen\u00e7a da prefeita, Paula Azevedo, e do secret\u00e1rio de Mobilidade Urbana, P\u00e1dua Nazareno. Tamb\u00e9m esteve presente ao evento uma equipe do Detran- MA, que realizou atividades l\u00fadicas com os alunos da Unidade de Ensino B\u00e1sico (U.E.B.) Padre Maur\u00edcio, e da escola Bandeira Tribuzzi.<br><br>A prefeita Paula Azevedo ressaltou o trabalho feito pela SEMUR e pelos agentes de tr\u00e2nsito. \u2018\u2019Tem dado resultados muito positivos, principalmente no m\u00eas de maio, com as a\u00e7\u00f5es do Maio Amarelo. Houve uma significativa diminui\u00e7\u00e3o de acidentes no nosso munic\u00edpio, devido \u00e0s constantes fiscaliza\u00e7\u00f5es. Quero tamb\u00e9m parabenizar toda a equipe que se empenhou pra realizar esse trabalho t\u00e3o importante\u2019\u2019, destacou Paula.<br><br>Segundo o secret\u00e1rio, a a\u00e7\u00e3o \u2018Maio Amarelo\u2019 no munic\u00edpio de Pa\u00e7o do Lumiar foi de extrema import\u00e2ncia para conscientiza\u00e7\u00e3o da popula\u00e7\u00e3o luminense. \u2018\u2019Neste m\u00eas de maio foram realizadas blitz educativas e, principalmente, palestras nas escolas. Somente por meio da Educa\u00e7\u00e3o teremos um tr\u00e2nsito mais seguro e humano\u2019\u2019, enfatizou P\u00e1dua.<br><br>O movimento \u2018Maio Amarelo\u2019 completa 10 anos de atividades neste ano de 2023. O objetivo do movimento \u00e9 colocar em pauta o tema seguran\u00e7a vi\u00e1ria e mobilizar toda a sociedade por meio de campanhas educativas nas ruas e nos centros de ensino. Seguran\u00e7a no tr\u00e2nsito \u00e9 primordial para o bem-estar da sociedade.<\/p>\n\n\n\n<figure class=\"wp-block-image size-large\"><img decoding=\"async\" src=\"https:\/\/maranhaotv.com.br\/wp-content\/uploads\/2023\/05\/IMG-20230530-WA0588-1024x683.jpg\" alt=\"\" class=\"wp-image-31877\"\/><\/figure>\n","protected":false},"excerpt":{"rendered":"<p>A Prefeitura de Pa\u00e7o do Lumiar, por meio da Secretaria Municipal de Mobilidade Urbana (SEMUR), finalizou, na manh\u00e3 desta ter\u00e7a-feira<\/p>\n","protected":false},"author":2,"featured_media":31878,"comment_status":"open","ping_status":"open","sticky":false,"template":"","format":"standard","meta":{"colormag_page_container_layout":"default_layout","colormag_page_sidebar_layout":"default_layout","_jetpack_memberships_contains_paid_content":false,"footnotes":""},"categories":[2],"tags":[],"class_list":["post-31879","post","type-post","status-publish","format-standard","has-post-thumbnail","hentry","category-noticias"],"magazineBlocksPostFeaturedMedia":{"thumbnail":false,"medium":false,"medium_large":false,"large":false,"1536x1536":false,"2048x2048":false,"colormag-highlighted-post":false,"colormag-featured-post-medium":false,"colormag-featured-post-small":false,"colormag-featured-image":false,"colormag-default-news":false,"colormag-featured-image-large":false},"magazineBlocksPostAuthor":{"name":"maranhaotv","avatar":"https:\/\/secure.gravatar.com\/avatar\/8fadbca458d4cb68b1dd399ae9a40618d747bb1af65ac9fad21c89220a143eb4?s=96&d=mm&r=g"},"magazineBlocksPostCommentsNumber":"0","magazineBlocksPostExcerpt":"A Prefeitura de Pa\u00e7o do Lumiar, por meio da Secretaria Municipal de Mobilidade Urbana (SEMUR), finalizou, na manh\u00e3 desta ter\u00e7a-feira","magazineBlocksPostCategories":["not\u00edcias"],"magazineBlocksPostViewCount":186,"magazineBlocksPostReadTime":2,"magazine_blocks_featured_image_url":{"full":false,"medium":false,"thumbnail":false},"magazine_blocks_author":{"display_name":"maranhaotv","author_link":"https:\/\/maranhaotv.com.br\/index.php\/author\/maranhaotv\/"},"magazine_blocks_comment":0,"magazine_blocks_author_image":"https:\/\/secure.gravatar.com\/avatar\/8fadbca458d4cb68b1dd399ae9a40618d747bb1af65ac9fad21c89220a143eb4?s=96&d=mm&r=g","magazine_blocks_category":"<a href=\"#\" class=\"category-link category-link-2\">not\u00edcias<\/a>","jetpack_featured_media_url":"","jetpack_sharing_enabled":true,"_links":{"self":[{"href":"https:\/\/maranhaotv.com.br\/index.php\/wp-json\/wp\/v2\/posts\/31879","targetHints":{"allow":["GET"]}}],"collection":[{"href":"https:\/\/maranhaotv.com.br\/index.php\/wp-json\/wp\/v2\/posts"}],"about":[{"href":"https:\/\/maranhaotv.com.br\/index.php\/wp-json\/wp\/v2\/types\/post"}],"author":[{"embeddable":true,"href":"https:\/\/maranhaotv.com.br\/index.php\/wp-json\/wp\/v2\/users\/2"}],"replies":[{"embeddable":true,"href":"https:\/\/maranhaotv.com.br\/index.php\/wp-json\/wp\/v2\/comments?post=31879"}],"version-history":[{"count":0,"href":"https:\/\/maranhaotv.com.br\/index.php\/wp-json\/wp\/v2\/posts\/31879\/revisions"}],"wp:featuredmedia":[{"embeddable":true,"href":"https:\/\/maranhaotv.com.br\/index.php\/wp-json\/"}],"wp:attachment":[{"href":"https:\/\/maranhaotv.com.br\/index.php\/wp-json\/wp\/v2\/media?parent=31879"}],"wp:term":[{"taxonomy":"category","embeddable":true,"href":"https:\/\/maranhaotv.com.br\/index.php\/wp-json\/wp\/v2\/categories?post=31879"},{"taxonomy":"post_tag","embeddable":true,"href":"https:\/\/maranhaotv.com.br\/index.php\/wp-json\/wp\/v2\/tags?post=31879"}],"curies":[{"name":"wp","href":"https:\/\/api.w.org\/{rel}","templated":true}]}}