{"id":31907,"date":"2023-06-01T13:47:58","date_gmt":"2023-06-01T16:47:58","guid":{"rendered":"https:\/\/maranhaotv.com.br\/?p=31907"},"modified":"2023-06-01T13:47:58","modified_gmt":"2023-06-01T16:47:58","slug":"prefeita-paula-azevedo-abre-a-semana-do-meio-ambiente-e-reforca-necessidade-de-educacao-ambiental","status":"publish","type":"post","link":"https:\/\/maranhaotv.com.br\/index.php\/2023\/06\/01\/prefeita-paula-azevedo-abre-a-semana-do-meio-ambiente-e-reforca-necessidade-de-educacao-ambiental\/","title":{"rendered":"Prefeita Paula Azevedo abre a Semana do Meio Ambiente e refor\u00e7a necessidade de educa\u00e7\u00e3o ambiental"},"content":{"rendered":"\n<p><br>PA\u00c7O DO LUMIAR \u2013 A prefeita Paula Azevedo abriu a Semana do Meio Ambiente, em Pa\u00e7o do Lumiar, com uma mensagem de alerta. Ela lembrou da import\u00e2ncia de tratar sobre a destina\u00e7\u00e3o correta do lixo e o engajamento de cada um, na luta por uma cidade mais sustent\u00e1vel.<br><br>\u201cO cuidado com o meio ambiente e a sustentabilidade \u00e9 de interesse de todos n\u00f3s e \u00e9 urgente que todos estejamos juntos nesta luta para tentar mudar a realidade em que vivemos. \u00c9 preciso dar destina\u00e7\u00e3o correta para o lixo que se produz nas cidades e aqui em Pa\u00e7o n\u00e3o \u00e9 diferente. Por isso, teremos uma semana intensa de a\u00e7\u00f5es educativas envolvendo toda a sociedade luminense e principalmente, os alunos da rede municipal, que precisam espalhar informa\u00e7\u00e3o para ampliar a conscientiza\u00e7\u00e3o. Todos podemos fazer a diferen\u00e7a\u201d, disse a prefeita Paula.<br><br>Este foi o tom da cerim\u00f4nia de abertura da Semana de Meio Ambiente 2023, que aconteceu nesta quinta-feira (1), no audit\u00f3rio do Centro Administrativo da Prefeitura de Pa\u00e7o do Lumiar, por meio da Secretaria Municipal de Meio Ambiente e Recursos Naturais (SEMAP). Neste ano, o tema \u00e9 \u201cSemana do Meio Ambiente 2023 &#8211; Res\u00edduos S\u00f3lidos: Jogando limpo com Pa\u00e7o\u201d.<br><br>\u201cO descarte irregular dos res\u00edduos ainda \u00e9 um desafio no nosso munic\u00edpio, principalmente em vias p\u00fablicas. Falta educa\u00e7\u00e3o ambiental e conscientiza\u00e7\u00e3o sobre os males que o lixo provoca no meio ambiente e at\u00e9 para quem joga lixo nas ruas. A consequ\u00eancia \u00e9 entupimento de galerias e alagamentos, al\u00e9m da polui\u00e7\u00e3o de rios e degrada\u00e7\u00e3o da nossa \u00e1rea verde. Por isso, neste ano n\u00f3s trouxemos este tema, para que todos possam ajudar a ter uma cidade mais limpa, sustent\u00e1vel e agrad\u00e1vel\u201d, pontuou a Secret\u00e1ria Municipal de Meio Ambiente Alberlucia Mendes.<br><br>Durante a manh\u00e3, foi exibido o document\u00e1rio \u201cO Lixo Nosso de Cada Dia\u201d, da diretora Fernanda Barbosa, para provocar reflex\u00f5es sobre os caminhos do lixo e retratar a rela\u00e7\u00e3o que a sociedade tem com o lixo que produz. Tamb\u00e9m foi feita uma reflex\u00e3o sobre o filme e a exibi\u00e7\u00e3o de boas pr\u00e1ticas ambientais em painel.<br><br>Ainda pela manh\u00e3, ocorreu uma a\u00e7\u00e3o de fiscaliza\u00e7\u00e3o e coloca\u00e7\u00e3o de placa sinalizadora em terreno com lixo estacion\u00e1rio, na Estrada de Ribamar, altura do bairro Lima Verde. A a\u00e7\u00e3o foi em parceria com a Secretaria Municipal de Infraestrutura e Urbanismo (SEMIU).<br><br>A programa\u00e7\u00e3o inclui coloca\u00e7\u00e3o de placa de desapropria\u00e7\u00e3o em terreno do bairro, que tem se tornado local de descarte irregular e serve de lix\u00e3o para a comunidade do entorno. Al\u00e9m disso, tamb\u00e9m est\u00e3o previstas outras a\u00e7\u00f5es, como a gincana em tr\u00eas escolas municipais da sede, com a coleta de lixo eletr\u00f4nico, nesta sexta-feira (2) e na segunda-feira (5), ter\u00e1 a recomposi\u00e7\u00e3o da mata ciliar, na Beira Rio da Maioba, a partir das 9h da manh\u00e3.<br><br>A solenidade de abertura da Semana do Meio Ambiente de Pa\u00e7o do Lumiar, contou com a presen\u00e7a de secret\u00e1rios e secret\u00e1rias municipais e do Presidente da C\u00e2mara Municipal de Pa\u00e7o do Lumiar Jorge Maru.<\/p>\n","protected":false},"excerpt":{"rendered":"<p>PA\u00c7O DO LUMIAR \u2013 A prefeita Paula Azevedo abriu a Semana do Meio Ambiente, em Pa\u00e7o do Lumiar, com uma<\/p>\n","protected":false},"author":2,"featured_media":31906,"comment_status":"open","ping_status":"open","sticky":false,"template":"","format":"standard","meta":{"colormag_page_container_layout":"default_layout","colormag_page_sidebar_layout":"default_layout","_jetpack_memberships_contains_paid_content":false,"footnotes":""},"categories":[2],"tags":[],"class_list":["post-31907","post","type-post","status-publish","format-standard","has-post-thumbnail","hentry","category-noticias"],"magazineBlocksPostFeaturedMedia":{"thumbnail":false,"medium":false,"medium_large":false,"large":false,"1536x1536":false,"2048x2048":false,"colormag-highlighted-post":false,"colormag-featured-post-medium":false,"colormag-featured-post-small":false,"colormag-featured-image":false,"colormag-default-news":false,"colormag-featured-image-large":false},"magazineBlocksPostAuthor":{"name":"maranhaotv","avatar":"https:\/\/secure.gravatar.com\/avatar\/8fadbca458d4cb68b1dd399ae9a40618d747bb1af65ac9fad21c89220a143eb4?s=96&d=mm&r=g"},"magazineBlocksPostCommentsNumber":"0","magazineBlocksPostExcerpt":"PA\u00c7O DO LUMIAR \u2013 A prefeita Paula Azevedo abriu a Semana do Meio Ambiente, em Pa\u00e7o do Lumiar, com uma","magazineBlocksPostCategories":["not\u00edcias"],"magazineBlocksPostViewCount":144,"magazineBlocksPostReadTime":3,"magazine_blocks_featured_image_url":{"full":false,"medium":false,"thumbnail":false},"magazine_blocks_author":{"display_name":"maranhaotv","author_link":"https:\/\/maranhaotv.com.br\/index.php\/author\/maranhaotv\/"},"magazine_blocks_comment":0,"magazine_blocks_author_image":"https:\/\/secure.gravatar.com\/avatar\/8fadbca458d4cb68b1dd399ae9a40618d747bb1af65ac9fad21c89220a143eb4?s=96&d=mm&r=g","magazine_blocks_category":"<a href=\"#\" class=\"category-link category-link-2\">not\u00edcias<\/a>","jetpack_featured_media_url":"","jetpack_sharing_enabled":true,"_links":{"self":[{"href":"https:\/\/maranhaotv.com.br\/index.php\/wp-json\/wp\/v2\/posts\/31907","targetHints":{"allow":["GET"]}}],"collection":[{"href":"https:\/\/maranhaotv.com.br\/index.php\/wp-json\/wp\/v2\/posts"}],"about":[{"href":"https:\/\/maranhaotv.com.br\/index.php\/wp-json\/wp\/v2\/types\/post"}],"author":[{"embeddable":true,"href":"https:\/\/maranhaotv.com.br\/index.php\/wp-json\/wp\/v2\/users\/2"}],"replies":[{"embeddable":true,"href":"https:\/\/maranhaotv.com.br\/index.php\/wp-json\/wp\/v2\/comments?post=31907"}],"version-history":[{"count":0,"href":"https:\/\/maranhaotv.com.br\/index.php\/wp-json\/wp\/v2\/posts\/31907\/revisions"}],"wp:featuredmedia":[{"embeddable":true,"href":"https:\/\/maranhaotv.com.br\/index.php\/wp-json\/"}],"wp:attachment":[{"href":"https:\/\/maranhaotv.com.br\/index.php\/wp-json\/wp\/v2\/media?parent=31907"}],"wp:term":[{"taxonomy":"category","embeddable":true,"href":"https:\/\/maranhaotv.com.br\/index.php\/wp-json\/wp\/v2\/categories?post=31907"},{"taxonomy":"post_tag","embeddable":true,"href":"https:\/\/maranhaotv.com.br\/index.php\/wp-json\/wp\/v2\/tags?post=31907"}],"curies":[{"name":"wp","href":"https:\/\/api.w.org\/{rel}","templated":true}]}}