{"id":31912,"date":"2023-06-01T16:15:59","date_gmt":"2023-06-01T19:15:59","guid":{"rendered":"https:\/\/maranhaotv.com.br\/?p=31912"},"modified":"2023-06-01T16:15:59","modified_gmt":"2023-06-01T19:15:59","slug":"mais-recursos-para-a-educacao-parceria-entre-governo-do-maranhao-e-eneva-alavanca-investimentos-para-educacao-maranhense","status":"publish","type":"post","link":"https:\/\/maranhaotv.com.br\/index.php\/2023\/06\/01\/mais-recursos-para-a-educacao-parceria-entre-governo-do-maranhao-e-eneva-alavanca-investimentos-para-educacao-maranhense\/","title":{"rendered":"Mais recursos para a educa\u00e7\u00e3o: parceria entre Governo do Maranh\u00e3o e Eneva alavanca investimentos para educa\u00e7\u00e3o maranhense"},"content":{"rendered":"\n<p><br>O vice-governador e secret\u00e1rio de Estado da Educa\u00e7\u00e3o, Felipe Camar\u00e3o e uma comitiva da Secretaria de Estado da Educa\u00e7\u00e3o (Seduc), participaram \u2013 na \u00faltima quarta-feira (31), de extensa agenda na sede da ENEVA, no Rio de Janeiro, para tratar de avan\u00e7os na parceria com a institui\u00e7\u00e3o em favor da educa\u00e7\u00e3o maranhense.<br><br>Durante a visita na empresa brasileira, que \u00e9 a maior operadora privada de g\u00e1s natural do Brasil, o grupo da educa\u00e7\u00e3o maranhense pode conferir de perto alguns dos investimentos em educa\u00e7\u00e3o e responsabilidade social, que t\u00eam sido desenvolvidos pela Eneva no Maranh\u00e3o. Iniciativas essas voltadas para o apoio \u00e0 educa\u00e7\u00e3o na primeira inf\u00e2ncia.<br><br>Recentemente, o Governo do Maranh\u00e3o renovou a parceria com a Eneva para a amplia\u00e7\u00e3o do Projeto \u201cAprender: dentro e fora da sala de aula\u201d, realizado em parceria com a ONG Laborat\u00f3rio de Educa\u00e7\u00e3o (Labedu). <br><br>\u201cUm encontro extremamente produtivo na Eneva em que tratamos dessa excelente parceria que n\u00f3s j\u00e1 temos [com eles] na \u00e1rea do ensino, com professores contratados, de base t\u00e9cnica para nos ajudar no Ensino M\u00e9dio. E aproveitamos, tamb\u00e9m, para pedir apoio para a alfabetiza\u00e7\u00e3o de jovens e adultos. Eles gostaram muito do projeto e tudo indica que v\u00e3o nos ajudar na nossa jornada pela alfabetiza\u00e7\u00e3o\u201d, explicou o vice-governador e secret\u00e1rio da Seduc, Felipe Camar\u00e3o.<br><br>Ainda sobre a imers\u00e3o nas atividades da Institui\u00e7\u00e3o, Felipe Camar\u00e3o complementou que pode se aprofundar mais nas a\u00e7\u00f5es de investimentos em outras \u00e1reas do Maranh\u00e3o, o que resultar\u00e1 na gera\u00e7\u00e3o de empregos e mais desenvolvimento para o estado.<br><br>\u201cAproveitei o convite para conhecer tamb\u00e9m mais da empresa e os investimentos que eles t\u00eam para o Maranh\u00e3o, para os pr\u00f3ximos anos. Estou muito entusiasmado com as perspectivas para o Maranh\u00e3o e para o Brasil. A empresa est\u00e1 investindo, est\u00e1 construindo o maior gasoduto privado do Brasil e acredito que o Maranh\u00e3o ir\u00e1 crescer mais, gerando mais empregos e renda para o nosso estado\u201d, reafirmou Camar\u00e3o.<br><br>Investimentos educacionais<br><br>Na sede da Eneva a comitiva da educa\u00e7\u00e3o maranhense foi recebida pela equipe de ESG e Recursos Humanos da organiza\u00e7\u00e3o, que apresentou aos membros da Seduc dados da parceria que tem levado mais educa\u00e7\u00e3o \u00e0s crian\u00e7as \u2013 na faixa et\u00e1ria de 0 a 6 anos de idade \u2013 nos cinco munic\u00edpios produtores de g\u00e1s natural no Maranh\u00e3o, que s\u00e3o atendidos pelo Projeto \u2018Aprender: dentro e fora da sala de aula\u201d.<br><br>\u201cA Eneva j\u00e1 atua como parceira na educa\u00e7\u00e3o, junto ao Governo do Maranh\u00e3o, desde 2019, com apoio \u00e0 educa\u00e7\u00e3o infantil e outras parcerias com as prefeituras para o combate ao analfabetismo. E hoje foi um dia de muita gratid\u00e3o da nossa parte porque a gente pode fazer uma revisita de todos os resultados que a gente obteve com mais de 24mil pessoas atingidas pelos projetos educacionais feitos pela Eneva e o Governo do Maranh\u00e3o juntos, e tamb\u00e9m falar de oportunidades de melhorias tanto para a m\u00e3o-de-obra local, quanto para a melhoria de \u00edndices educacionais\u201d, afirmou a gerente de ESG da Eneva, Aline Louise.<br><br>A executiva reconheceu, ainda, a import\u00e2ncia da uni\u00e3o entre administra\u00e7\u00e3o p\u00fablica e iniciativa privada para que mais projetos como esses cheguem a todos os brasileiros, possibilitando \u2013 desta forma \u2013 a melhoria da qualidade de vida de todos.<br><br>\u201cN\u00f3s, com uma vis\u00e3o de responsabilidade social, entendemos que essa vis\u00e3o da pol\u00edtica p\u00fablica junto com esfor\u00e7os da iniciativa privada fazem com que os impactos sejam ainda maiores. Por isso, a gente agradece a presen\u00e7a de toda a comitiva da Secretaria de Educa\u00e7\u00e3o do Governo do Maranh\u00e3o\u201d, complementou Aline Louise.    <br><br>Al\u00e9m de Felipe Camar\u00e3o, a comitiva da educa\u00e7\u00e3o maranhense contou com a participa\u00e7\u00e3o do subsecret\u00e1rio da Seduc, Anderson Lindoso; da diretora Geral do IEMA, Cricielle Muniz; e dos secret\u00e1rios Adjuntos: N\u00e1dya Dutra (Gest\u00e3o de Ensino e da Aprendizagem) e Delmar Matias (Educa\u00e7\u00e3o Profissional e Integral).<br><br>\u201cMais uma importante reuni\u00e3o com uma grande empresa atuante em nosso estado. Viemos buscar recursos junto \u00e0 Eneva para alfabetizar nossos maranhenses e tamb\u00e9m para melhorar e implementar novos cursos profissionalizantes em nossos Iemas e em nossas escolas em tempo integral\u201d, concluiu o subsecret\u00e1rio Anderson Lindoso.<\/p>\n\n\n\n<figure class=\"wp-block-image size-large\"><img decoding=\"async\" src=\"https:\/\/maranhaotv.com.br\/wp-content\/uploads\/2023\/06\/IMG-20230601-WA0105-1024x576.jpg\" alt=\"\" class=\"wp-image-31909\"\/><\/figure>\n\n\n\n<figure class=\"wp-block-image\"><img decoding=\"async\" src=\"https:\/\/maranhaotv.com.br\/wp-content\/uploads\/2023\/06\/IMG-20230601-WA0106-1024x576.jpg\" alt=\"\" class=\"wp-image-31910\"\/><\/figure>\n","protected":false},"excerpt":{"rendered":"<p>O vice-governador e secret\u00e1rio de Estado da Educa\u00e7\u00e3o, Felipe Camar\u00e3o e uma comitiva da Secretaria de Estado da Educa\u00e7\u00e3o (Seduc),<\/p>\n","protected":false},"author":2,"featured_media":31911,"comment_status":"open","ping_status":"open","sticky":false,"template":"","format":"standard","meta":{"colormag_page_container_layout":"default_layout","colormag_page_sidebar_layout":"default_layout","_jetpack_memberships_contains_paid_content":false,"footnotes":""},"categories":[2],"tags":[],"class_list":["post-31912","post","type-post","status-publish","format-standard","has-post-thumbnail","hentry","category-noticias"],"magazineBlocksPostFeaturedMedia":{"thumbnail":false,"medium":false,"medium_large":false,"large":false,"1536x1536":false,"2048x2048":false,"colormag-highlighted-post":false,"colormag-featured-post-medium":false,"colormag-featured-post-small":false,"colormag-featured-image":false,"colormag-default-news":false,"colormag-featured-image-large":false},"magazineBlocksPostAuthor":{"name":"maranhaotv","avatar":"https:\/\/secure.gravatar.com\/avatar\/8fadbca458d4cb68b1dd399ae9a40618d747bb1af65ac9fad21c89220a143eb4?s=96&d=mm&r=g"},"magazineBlocksPostCommentsNumber":"0","magazineBlocksPostExcerpt":"O vice-governador e secret\u00e1rio de Estado da Educa\u00e7\u00e3o, Felipe Camar\u00e3o e uma comitiva da Secretaria de Estado da Educa\u00e7\u00e3o (Seduc),","magazineBlocksPostCategories":["not\u00edcias"],"magazineBlocksPostViewCount":175,"magazineBlocksPostReadTime":4,"magazine_blocks_featured_image_url":{"full":false,"medium":false,"thumbnail":false},"magazine_blocks_author":{"display_name":"maranhaotv","author_link":"https:\/\/maranhaotv.com.br\/index.php\/author\/maranhaotv\/"},"magazine_blocks_comment":0,"magazine_blocks_author_image":"https:\/\/secure.gravatar.com\/avatar\/8fadbca458d4cb68b1dd399ae9a40618d747bb1af65ac9fad21c89220a143eb4?s=96&d=mm&r=g","magazine_blocks_category":"<a href=\"#\" class=\"category-link category-link-2\">not\u00edcias<\/a>","jetpack_featured_media_url":"","jetpack_sharing_enabled":true,"_links":{"self":[{"href":"https:\/\/maranhaotv.com.br\/index.php\/wp-json\/wp\/v2\/posts\/31912","targetHints":{"allow":["GET"]}}],"collection":[{"href":"https:\/\/maranhaotv.com.br\/index.php\/wp-json\/wp\/v2\/posts"}],"about":[{"href":"https:\/\/maranhaotv.com.br\/index.php\/wp-json\/wp\/v2\/types\/post"}],"author":[{"embeddable":true,"href":"https:\/\/maranhaotv.com.br\/index.php\/wp-json\/wp\/v2\/users\/2"}],"replies":[{"embeddable":true,"href":"https:\/\/maranhaotv.com.br\/index.php\/wp-json\/wp\/v2\/comments?post=31912"}],"version-history":[{"count":0,"href":"https:\/\/maranhaotv.com.br\/index.php\/wp-json\/wp\/v2\/posts\/31912\/revisions"}],"wp:featuredmedia":[{"embeddable":true,"href":"https:\/\/maranhaotv.com.br\/index.php\/wp-json\/"}],"wp:attachment":[{"href":"https:\/\/maranhaotv.com.br\/index.php\/wp-json\/wp\/v2\/media?parent=31912"}],"wp:term":[{"taxonomy":"category","embeddable":true,"href":"https:\/\/maranhaotv.com.br\/index.php\/wp-json\/wp\/v2\/categories?post=31912"},{"taxonomy":"post_tag","embeddable":true,"href":"https:\/\/maranhaotv.com.br\/index.php\/wp-json\/wp\/v2\/tags?post=31912"}],"curies":[{"name":"wp","href":"https:\/\/api.w.org\/{rel}","templated":true}]}}