{"id":31921,"date":"2023-06-02T19:11:52","date_gmt":"2023-06-02T22:11:52","guid":{"rendered":"https:\/\/maranhaotv.com.br\/?p=31921"},"modified":"2023-06-02T19:11:52","modified_gmt":"2023-06-02T22:11:52","slug":"16-vereadores-de-dez-partidos-declaram-apoio-a-pre-candidatura-de-jorge-maru-em-paco-do-lumiar","status":"publish","type":"post","link":"https:\/\/maranhaotv.com.br\/index.php\/2023\/06\/02\/16-vereadores-de-dez-partidos-declaram-apoio-a-pre-candidatura-de-jorge-maru-em-paco-do-lumiar\/","title":{"rendered":"16 vereadores de dez partidos declaram apoio a pr\u00e9-candidatura de Jorge Maru em Pa\u00e7o do Lumiar"},"content":{"rendered":"\n<p><em>Em almo\u00e7o, grupo destaca perfil conciliador do presidente da C\u00e2mara para disputar, com favoritismo, o comando administrativo luminense<\/em><br><br>Dezesseis dos 19 vereadores de Pa\u00e7o do Lumiar declararam, nesta sexta-feira (02),  apoio a pr\u00e9-candidatura do presidente da C\u00e2mara, Jorge Maru (Republicanos) para prefeitura luminense em 2024.<br><br>A manifesta\u00e7\u00e3o p\u00fablica ocorreu durante um almo\u00e7o no Restaurante Mandacaru, na capital maranhense. Na pauta do encontro, que ser\u00e1 encaminhada \u00e0 prefeita Paula Azevedo, o grupo destaca o perfil conciliador do chefe do Legislativo para concorrer, com favoritismo, o comando administrativo da cidade.<br><br>Nas declara\u00e7\u00f5es p\u00fablicas, os parlamentares falaram que Maru  liderou o grupo de vereadores no engajamento da vit\u00f3ria governista na Casa e, apesar de eventuais conflitos internos, logo conseguiu a pacifica\u00e7\u00e3o da maioria dos colegas de plen\u00e1rio em apoio ao governo da prefeita Paula.<br><br>Apenas Fernando Feitosa (Avante) n\u00e3o manifestou apoio, mas destacou o presidente da Casa seria um advers\u00e1rio de respeito. Mary do Moj\u00f3 (PL) e Prof. F\u00e1bio Henrique (Avante) n\u00e3o compareceram ao encontro e ainda n\u00e3o se manifestaram sobre o assunto.<br><br>O almo\u00e7o contou com presen\u00e7a dos vereadores Miau  Oliveira (Patriota), Drielle da Pindoba (Republicanos), Rafael Neves (PL), Orlete  Mafra (PcdoB), Bianca Mendes (PL), Fernando  Muniz (PP), In\u00e1cio  Ferreira (PTB) e Major Roberto (Patriota).<br><br>Mauro  Multibancos (PMB), Ana L\u00facia (PSD), Vanusa  Nunes (PcdoB), Fernandinho  (Avante), Paulo  Henrique  (Avante), Alexsandra Garcia (REDE) e Wellington  Sousa (PSB) tamb\u00e9m foram favor\u00e1veis ao nome  de Jorge Mar\u00fa (Republicanos), na disputa majorit\u00e1ria do grupo governista.<br><br>Os parlamentares que participaram do almo\u00e7o s\u00e3o filiados a pelo menos dez partidos pol\u00edticos com atua\u00e7\u00e3o no munic\u00edpio. S\u00e3o eles: Rede, PSD, PCdoB, PMB, Avante, PL, PTB, Patriota, Republicanos e PSB, partido do governador Carlos Brand\u00e3o e do ministro Fl\u00e1vio Dino.<br><br>O que dizem os vereadores?<br><br>No encontro, v\u00e1rios vereadores se manifestaram sobre a decis\u00e3o de apoiar o presidente da C\u00e2mara na disputa pela prefeitura no ano que vem. <br><br>&#8220;Precisamos apoiar um dos nossos&#8221;, disse a vereadora Alexsandra sobre a pr\u00e9-candidatura de Maru. <br><br>&#8220;Temos que assumir o protagonista&#8221;, frisou Miau Oliveira. &#8220;A pol\u00edtica  come\u00e7a  em casa&#8221;, completou In\u00e1cio.<br>&#8220;Hoje n\u00e3o vejo um nome mais forte dentro do munic\u00edpio  do que o seu  presidente&#8221;, garantiu Rafael. <br><br>&#8220;A pior sensa\u00e7\u00e3o  hoje \u00e9  olhar para uma C\u00e2mara  e dizer  que n\u00e3o  tem for\u00e7a, n\u00e3o  podemos nos olhar mais de qualquer  jeito&#8221;, completou Major Roberto. <br><br>&#8220;Eu n\u00e3o  tenho d\u00edvida  da  capacidade  politica, meu Presidente&#8221;, concluiu Paulo Henrique.<\/p>\n\n\n\n<figure class=\"wp-block-image size-large\"><img decoding=\"async\" src=\"https:\/\/maranhaotv.com.br\/wp-content\/uploads\/2023\/06\/IMG-20230602-WA0720-1024x682.jpg\" alt=\"\" class=\"wp-image-31918\"\/><\/figure>\n\n\n\n<figure class=\"wp-block-image\"><img decoding=\"async\" src=\"https:\/\/maranhaotv.com.br\/wp-content\/uploads\/2023\/06\/IMG-20230602-WA0721-1024x682.jpg\" alt=\"\" class=\"wp-image-31919\"\/><\/figure>\n","protected":false},"excerpt":{"rendered":"<p>Em almo\u00e7o, grupo destaca perfil conciliador do presidente da C\u00e2mara para disputar, com favoritismo, o comando administrativo luminense Dezesseis dos<\/p>\n","protected":false},"author":2,"featured_media":31920,"comment_status":"open","ping_status":"open","sticky":false,"template":"","format":"standard","meta":{"colormag_page_container_layout":"default_layout","colormag_page_sidebar_layout":"default_layout","_jetpack_memberships_contains_paid_content":false,"footnotes":""},"categories":[2],"tags":[],"class_list":["post-31921","post","type-post","status-publish","format-standard","has-post-thumbnail","hentry","category-noticias"],"magazineBlocksPostFeaturedMedia":{"thumbnail":false,"medium":false,"medium_large":false,"large":false,"1536x1536":false,"2048x2048":false,"colormag-highlighted-post":false,"colormag-featured-post-medium":false,"colormag-featured-post-small":false,"colormag-featured-image":false,"colormag-default-news":false,"colormag-featured-image-large":false},"magazineBlocksPostAuthor":{"name":"maranhaotv","avatar":"https:\/\/secure.gravatar.com\/avatar\/8fadbca458d4cb68b1dd399ae9a40618d747bb1af65ac9fad21c89220a143eb4?s=96&d=mm&r=g"},"magazineBlocksPostCommentsNumber":"0","magazineBlocksPostExcerpt":"Em almo\u00e7o, grupo destaca perfil conciliador do presidente da C\u00e2mara para disputar, com favoritismo, o comando administrativo luminense Dezesseis dos","magazineBlocksPostCategories":["not\u00edcias"],"magazineBlocksPostViewCount":133,"magazineBlocksPostReadTime":3,"magazine_blocks_featured_image_url":{"full":false,"medium":false,"thumbnail":false},"magazine_blocks_author":{"display_name":"maranhaotv","author_link":"https:\/\/maranhaotv.com.br\/index.php\/author\/maranhaotv\/"},"magazine_blocks_comment":0,"magazine_blocks_author_image":"https:\/\/secure.gravatar.com\/avatar\/8fadbca458d4cb68b1dd399ae9a40618d747bb1af65ac9fad21c89220a143eb4?s=96&d=mm&r=g","magazine_blocks_category":"<a href=\"#\" class=\"category-link category-link-2\">not\u00edcias<\/a>","jetpack_featured_media_url":"","jetpack_sharing_enabled":true,"_links":{"self":[{"href":"https:\/\/maranhaotv.com.br\/index.php\/wp-json\/wp\/v2\/posts\/31921","targetHints":{"allow":["GET"]}}],"collection":[{"href":"https:\/\/maranhaotv.com.br\/index.php\/wp-json\/wp\/v2\/posts"}],"about":[{"href":"https:\/\/maranhaotv.com.br\/index.php\/wp-json\/wp\/v2\/types\/post"}],"author":[{"embeddable":true,"href":"https:\/\/maranhaotv.com.br\/index.php\/wp-json\/wp\/v2\/users\/2"}],"replies":[{"embeddable":true,"href":"https:\/\/maranhaotv.com.br\/index.php\/wp-json\/wp\/v2\/comments?post=31921"}],"version-history":[{"count":0,"href":"https:\/\/maranhaotv.com.br\/index.php\/wp-json\/wp\/v2\/posts\/31921\/revisions"}],"wp:featuredmedia":[{"embeddable":true,"href":"https:\/\/maranhaotv.com.br\/index.php\/wp-json\/"}],"wp:attachment":[{"href":"https:\/\/maranhaotv.com.br\/index.php\/wp-json\/wp\/v2\/media?parent=31921"}],"wp:term":[{"taxonomy":"category","embeddable":true,"href":"https:\/\/maranhaotv.com.br\/index.php\/wp-json\/wp\/v2\/categories?post=31921"},{"taxonomy":"post_tag","embeddable":true,"href":"https:\/\/maranhaotv.com.br\/index.php\/wp-json\/wp\/v2\/tags?post=31921"}],"curies":[{"name":"wp","href":"https:\/\/api.w.org\/{rel}","templated":true}]}}