{"id":31924,"date":"2023-06-02T19:13:52","date_gmt":"2023-06-02T22:13:52","guid":{"rendered":"https:\/\/maranhaotv.com.br\/?p=31924"},"modified":"2023-06-02T19:13:52","modified_gmt":"2023-06-02T22:13:52","slug":"justica-suspende-festa-onde-prefeitura-maranhense-gastaria-r-2-milhoes","status":"publish","type":"post","link":"https:\/\/maranhaotv.com.br\/index.php\/2023\/06\/02\/justica-suspende-festa-onde-prefeitura-maranhense-gastaria-r-2-milhoes\/","title":{"rendered":"Justi\u00e7a suspende festa onde prefeitura maranhense gastaria R$ 2 milh\u00f5es"},"content":{"rendered":"\n<p>Em atendimento a pedido do Minist\u00e9rio P\u00fablico do Maranh\u00e3o, a Justi\u00e7a concedeu, nesta sexta-feira, 2, liminar para obrigar o Munic\u00edpio de Carutapera a suspender a realiza\u00e7\u00e3o do evento \u201c88 anos Carutapera\u201d, programado para os dias 2 e 3 de junho, em comemora\u00e7\u00e3o ao anivers\u00e1rio da cidade, bem como se abster de efetuar qualquer pagamento ou transfer\u00eancia financeira decorrente do contrato estabelecido, enquanto tramitar o feito.<br>O contrato para a realiza\u00e7\u00e3o das festividades \u00e9 no valor de R$ 2.185.371,50, a respeito do qual n\u00e3o h\u00e1 transpar\u00eancia sobre os respectivos repasses financeiros e pagamento, conforme o Minist\u00e9rio P\u00fablico. Al\u00e9m do Munic\u00edpio de Carutapera, tamb\u00e9m est\u00e3o sendo acionados o prefeito Airton Marques Silva, o secret\u00e1rio municipal de Cultura, Robenisio Guimar\u00e3es Soares, e a empresa E. de J. da Silva Eireli, contratada para a realiza\u00e7\u00e3o do evento.<br>Em caso de descumprimento da medida judicial, foi fixada multa di\u00e1ria no valor de R$ 50 mil, limitada a 30 dias-multa, a ser paga pessoalmente pelo prefeito. A decis\u00e3o foi formulada pelo juiz Carlos Alberto Matos Brito, titular da Comarca de Pinheiro, que respondendo pela Comarca de Carutapera.<br><br>IRREGULARIDADE NAS LICITA\u00c7\u00d5ES<br><br>Segundo o promotor de justi\u00e7a Francisco de Assis Carvalho Junior, ap\u00f3s tomar conhecimento da realiza\u00e7\u00e3o do festejo, foi instaurado procedimento para averiguar a legalidade das licita\u00e7\u00f5es e respectivos contratos administrativos firmados pelo Munic\u00edpio de Carutapera com artistas e a empresa organizadora do evento.<br>O Munic\u00edpio, na pessoa do prefeito, foi instado a prestar esclarecimentos sobre os contratos celebrados, detalhando os gastos com pessoal e estrutura f\u00edsica (palco, som, ilumina\u00e7\u00e3o, tel\u00e3o, seguran\u00e7a, apoio t\u00e9cnico, banheiros qu\u00edmicos, limpeza, hospedagem e alimenta\u00e7\u00e3o de artistas e equipe de apoio, abastecimento de ve\u00edculos etc).<br>De acordo com a Assessoria T\u00e9cnica da PGJ, foram identificadas diversas irregularidades no Contrato 78\/2022, celebrado entre o Munic\u00edpio de Carutapera e a empresa E. De J. Da Silva Eireli, \u201cvilipendiando n\u00e3o apenas os mais nobres comandos constitucionais atinentes \u00e0 administra\u00e7\u00e3o da res publica (quais sejam, legalidade, impessoalidade, moralidade, publicidade e efici\u00eancia], como, tamb\u00e9m, toda a normativa infraconstitucional aplic\u00e1vel \u00e0 esp\u00e9cie, a saber: Lei n\u00ba 10.520\/2002, Lei n\u00ba 8.666\/1993, Lei n\u00ba 4.320\/64 e, principalmente, o Decreto Federal n\u00ba 7.892\/2013\u201d, destacou o titular da Promotoria de Justi\u00e7a de Carutapera.<br><br>Reda\u00e7\u00e3o: CCOM-MPMA.<\/p>\n","protected":false},"excerpt":{"rendered":"<p>Em atendimento a pedido do Minist\u00e9rio P\u00fablico do Maranh\u00e3o, a Justi\u00e7a concedeu, nesta sexta-feira, 2, liminar para obrigar o Munic\u00edpio<\/p>\n","protected":false},"author":2,"featured_media":31923,"comment_status":"open","ping_status":"open","sticky":false,"template":"","format":"standard","meta":{"colormag_page_container_layout":"default_layout","colormag_page_sidebar_layout":"default_layout","_jetpack_memberships_contains_paid_content":false,"footnotes":""},"categories":[2],"tags":[],"class_list":["post-31924","post","type-post","status-publish","format-standard","has-post-thumbnail","hentry","category-noticias"],"magazineBlocksPostFeaturedMedia":{"thumbnail":false,"medium":false,"medium_large":false,"large":false,"1536x1536":false,"2048x2048":false,"colormag-highlighted-post":false,"colormag-featured-post-medium":false,"colormag-featured-post-small":false,"colormag-featured-image":false,"colormag-default-news":false,"colormag-featured-image-large":false},"magazineBlocksPostAuthor":{"name":"maranhaotv","avatar":"https:\/\/secure.gravatar.com\/avatar\/8fadbca458d4cb68b1dd399ae9a40618d747bb1af65ac9fad21c89220a143eb4?s=96&d=mm&r=g"},"magazineBlocksPostCommentsNumber":"0","magazineBlocksPostExcerpt":"Em atendimento a pedido do Minist\u00e9rio P\u00fablico do Maranh\u00e3o, a Justi\u00e7a concedeu, nesta sexta-feira, 2, liminar para obrigar o Munic\u00edpio","magazineBlocksPostCategories":["not\u00edcias"],"magazineBlocksPostViewCount":144,"magazineBlocksPostReadTime":2,"magazine_blocks_featured_image_url":{"full":false,"medium":false,"thumbnail":false},"magazine_blocks_author":{"display_name":"maranhaotv","author_link":"https:\/\/maranhaotv.com.br\/index.php\/author\/maranhaotv\/"},"magazine_blocks_comment":0,"magazine_blocks_author_image":"https:\/\/secure.gravatar.com\/avatar\/8fadbca458d4cb68b1dd399ae9a40618d747bb1af65ac9fad21c89220a143eb4?s=96&d=mm&r=g","magazine_blocks_category":"<a href=\"#\" class=\"category-link category-link-2\">not\u00edcias<\/a>","jetpack_featured_media_url":"","jetpack_sharing_enabled":true,"_links":{"self":[{"href":"https:\/\/maranhaotv.com.br\/index.php\/wp-json\/wp\/v2\/posts\/31924","targetHints":{"allow":["GET"]}}],"collection":[{"href":"https:\/\/maranhaotv.com.br\/index.php\/wp-json\/wp\/v2\/posts"}],"about":[{"href":"https:\/\/maranhaotv.com.br\/index.php\/wp-json\/wp\/v2\/types\/post"}],"author":[{"embeddable":true,"href":"https:\/\/maranhaotv.com.br\/index.php\/wp-json\/wp\/v2\/users\/2"}],"replies":[{"embeddable":true,"href":"https:\/\/maranhaotv.com.br\/index.php\/wp-json\/wp\/v2\/comments?post=31924"}],"version-history":[{"count":0,"href":"https:\/\/maranhaotv.com.br\/index.php\/wp-json\/wp\/v2\/posts\/31924\/revisions"}],"wp:featuredmedia":[{"embeddable":true,"href":"https:\/\/maranhaotv.com.br\/index.php\/wp-json\/"}],"wp:attachment":[{"href":"https:\/\/maranhaotv.com.br\/index.php\/wp-json\/wp\/v2\/media?parent=31924"}],"wp:term":[{"taxonomy":"category","embeddable":true,"href":"https:\/\/maranhaotv.com.br\/index.php\/wp-json\/wp\/v2\/categories?post=31924"},{"taxonomy":"post_tag","embeddable":true,"href":"https:\/\/maranhaotv.com.br\/index.php\/wp-json\/wp\/v2\/tags?post=31924"}],"curies":[{"name":"wp","href":"https:\/\/api.w.org\/{rel}","templated":true}]}}