{"id":31928,"date":"2023-06-03T08:18:43","date_gmt":"2023-06-03T11:18:43","guid":{"rendered":"https:\/\/maranhaotv.com.br\/?p=31928"},"modified":"2023-06-03T08:18:43","modified_gmt":"2023-06-03T11:18:43","slug":"carlos-lula-aproxima-ministerio-da-saude-dos-municipios-para-garantir-melhoria-dos-servicos-aos-usuarios-do-sus","status":"publish","type":"post","link":"https:\/\/maranhaotv.com.br\/index.php\/2023\/06\/03\/carlos-lula-aproxima-ministerio-da-saude-dos-municipios-para-garantir-melhoria-dos-servicos-aos-usuarios-do-sus\/","title":{"rendered":"Carlos Lula aproxima Minist\u00e9rio da Sa\u00fade dos munic\u00edpios para garantir melhoria dos servi\u00e7os aos usu\u00e1rios do SUS"},"content":{"rendered":"\n<p>Com o intuito de aproximar os gestores municipais do Governo Federal, o deputado estadual Carlos Lula (PSB) articulou a vinda do projeto Sa\u00fade Itinerante do Minist\u00e9rio da Sa\u00fade para o Maranh\u00e3o. O evento reuniu prefeitos, secret\u00e1rios e profissionais da sa\u00fade dos 217 munic\u00edpios para discutir \u201cO futuro da Aten\u00e7\u00e3o Prim\u00e1ria \u00e0 Sa\u00fade (APS) no Maranh\u00e3o\u201d. <br><br>O secret\u00e1rio de Aten\u00e7\u00e3o Prim\u00e1ria \u00e0 Sa\u00fade do Minist\u00e9rio da Sa\u00fade, N\u00e9sio Fernandes, participou do evento e palestrou sobre \u201cAten\u00e7\u00e3o Prim\u00e1ria do Futuro: desafios e perspectivas\u201d.<br><br>\u201cEsse \u00e9 um momento muito importante. \u00c9 a presen\u00e7a do Minist\u00e9rio da Sa\u00fade do governo do presidente Lula aqui no Maranh\u00e3o, com o objetivo de aperfei\u00e7oar a presen\u00e7a e as a\u00e7\u00f5es do Minist\u00e9rio da Sa\u00fade no estado, ajudando mais e melhor os nossos munic\u00edpios para que eles possam, tamb\u00e9m, atender mais e melhor os usu\u00e1rios do Sistema \u00danico de Sa\u00fade, por meio do fortalecimento da Aten\u00e7\u00e3o Prim\u00e1ria\u201d, afirmou N\u00e9sio Fernandes. <br><br>Representando a Assembleia Legislativa, o deputado Carlos Lula, refor\u00e7ou a import\u00e2ncia do fortalecimento da Aten\u00e7\u00e3o Prim\u00e1ria no Maranh\u00e3o. <br><br>\u201cHoje, o Minist\u00e9rio da Sa\u00fade est\u00e1 no Maranh\u00e3o para apontar aos munic\u00edpios caminhos para que eles tenham mais recursos para prestar uma Aten\u00e7\u00e3o Prim\u00e1ria efetiva para a popula\u00e7\u00e3o. O modelo de Aten\u00e7\u00e3o B\u00e1sica precisa ser fortalecido, j\u00e1 que abrange em todo o pa\u00eds mais de 150 milh\u00f5es de pessoas, onde se resolve 70% dos problemas dos usu\u00e1rios do Sistema \u00danico de Sa\u00fade. Com o fortalecimento da Aten\u00e7\u00e3o B\u00e1sica come\u00e7amos a prevenir as doen\u00e7as e diminu\u00edmos a demanda dos hospitais. E como parlamentar, pretendo contribuir para que isso se torne uma realidade\u201d, disse  Carlos Lula. <br><br>A Aten\u00e7\u00e3o Prim\u00e1ria \u00e0 Sa\u00fade (APS) \u00e9 respons\u00e1vel por um conjunto de a\u00e7\u00f5es de sa\u00fade, que abrange a preven\u00e7\u00e3o de doen\u00e7as, o diagn\u00f3stico, o tratamento, a reabilita\u00e7\u00e3o, a redu\u00e7\u00e3o de danos e a vigil\u00e2ncia em sa\u00fade. A APS \u00e9 o primeiro contato do usu\u00e1rio com o Servi\u00e7o \u00danico de Sa\u00fade (SUS). No Maranh\u00e3o, mais de 90% da popula\u00e7\u00e3o depende exclusivamente do SUS. <br><br>Durante o evento, o secret\u00e1rio Tiago Fernandes anunciou o Programa Cuidar de Todos, que tem como objetivo o fortalecimento da Aten\u00e7\u00e3o Prim\u00e1ria nos munic\u00edpios maranhenses. <br><br>\u201cNos pr\u00f3ximos quatro anos queremos voltar para um cap\u00edtulo importante que \u00e9 a coopera\u00e7\u00e3o federativa, o municipalismo forte no estado do Maranh\u00e3o e hoje isso \u00e9 poss\u00edvel em decorr\u00eancia dessa transforma\u00e7\u00e3o social que foi realizada na sa\u00fade do estado. E nos pr\u00f3ximos quatro anos a bandeira da Aten\u00e7\u00e3o Prim\u00e1ria ser\u00e1 protagonista no Maranh\u00e3o. Por isso, o Programa Cuidar de Todos visa m ajudar no financiamento do munic\u00edpio na Aten\u00e7\u00e3o Prim\u00e1ria\u201d, garantiu. <br><br>O evento contou ainda com a participa\u00e7\u00e3o do vice-presidente da Assembleia Legislativa, Rodrigo Lago (PCdoB); do deputado federal e l\u00edder da bancada maranhense na C\u00e2mara Federal, M\u00e1rcio Jerry (PCdoB); representantes do Distrito Sanit\u00e1rio Especial Ind\u00edgena (DSEI); do Conselho de Secretarias Municipais de Sa\u00fade do Maranh\u00e3o (Cosems); e sociedade civil. <br><br>*Atendimentos*<br><br>No per\u00edodo da manh\u00e3, t\u00e9cnicos do Minist\u00e9rio da Sa\u00fade realizaram atendimentos aos secret\u00e1rios de sa\u00fade e assessores dos munic\u00edpios maranhenses para resolver pend\u00eancias nos sistemas, com o objetivo de garantir o acesso a todos os recursos dispon\u00edveis relacionados \u00e0 Aten\u00e7\u00e3o Prim\u00e1ria.<br><br>Para o superintendente do Minist\u00e9rio da Sa\u00fade no Maranh\u00e3o, Glinoel Garreto, a sa\u00fade acontece de fato nos munic\u00edpios e a Aten\u00e7\u00e3o Prim\u00e1ria \u00e9 o \u00fanico bra\u00e7o do SUS que est\u00e1 em 100% das cidades brasileiras. Ele destacou ainda a import\u00e2ncia da parceria do Poder Legislativo para que essa a\u00e7\u00e3o acontecesse. <br><br>\u201cA Assembleia Legislativa, muito sens\u00edvel ao tema, nos deu todo o apoio para a realiza\u00e7\u00e3o deste evento. O deputado Carlos Lula, que \u00e9 ex-secret\u00e1rio de Sa\u00fade, est\u00e1 trabalhando conosco na organiza\u00e7\u00e3o, convidando, participando, chamando os munic\u00edpios e dando todo o suporte para que a gente possa de fato trazer sa\u00fade para os maranhenses\u201d, destacou.<\/p>\n\n\n\n<figure class=\"wp-block-image size-large\"><img decoding=\"async\" src=\"https:\/\/maranhaotv.com.br\/wp-content\/uploads\/2023\/06\/IMG-20230603-WA0095-1024x709.jpg\" alt=\"\" class=\"wp-image-31926\"\/><\/figure>\n","protected":false},"excerpt":{"rendered":"<p>Com o intuito de aproximar os gestores municipais do Governo Federal, o deputado estadual Carlos Lula (PSB) articulou a vinda<\/p>\n","protected":false},"author":2,"featured_media":31927,"comment_status":"open","ping_status":"open","sticky":false,"template":"","format":"standard","meta":{"colormag_page_container_layout":"default_layout","colormag_page_sidebar_layout":"default_layout","_jetpack_memberships_contains_paid_content":false,"footnotes":""},"categories":[2],"tags":[],"class_list":["post-31928","post","type-post","status-publish","format-standard","has-post-thumbnail","hentry","category-noticias"],"magazineBlocksPostFeaturedMedia":{"thumbnail":false,"medium":false,"medium_large":false,"large":false,"1536x1536":false,"2048x2048":false,"colormag-highlighted-post":false,"colormag-featured-post-medium":false,"colormag-featured-post-small":false,"colormag-featured-image":false,"colormag-default-news":false,"colormag-featured-image-large":false},"magazineBlocksPostAuthor":{"name":"maranhaotv","avatar":"https:\/\/secure.gravatar.com\/avatar\/8fadbca458d4cb68b1dd399ae9a40618d747bb1af65ac9fad21c89220a143eb4?s=96&d=mm&r=g"},"magazineBlocksPostCommentsNumber":"0","magazineBlocksPostExcerpt":"Com o intuito de aproximar os gestores municipais do Governo Federal, o deputado estadual Carlos Lula (PSB) articulou a vinda","magazineBlocksPostCategories":["not\u00edcias"],"magazineBlocksPostViewCount":169,"magazineBlocksPostReadTime":4,"magazine_blocks_featured_image_url":{"full":false,"medium":false,"thumbnail":false},"magazine_blocks_author":{"display_name":"maranhaotv","author_link":"https:\/\/maranhaotv.com.br\/index.php\/author\/maranhaotv\/"},"magazine_blocks_comment":0,"magazine_blocks_author_image":"https:\/\/secure.gravatar.com\/avatar\/8fadbca458d4cb68b1dd399ae9a40618d747bb1af65ac9fad21c89220a143eb4?s=96&d=mm&r=g","magazine_blocks_category":"<a href=\"#\" class=\"category-link category-link-2\">not\u00edcias<\/a>","jetpack_featured_media_url":"","jetpack_sharing_enabled":true,"_links":{"self":[{"href":"https:\/\/maranhaotv.com.br\/index.php\/wp-json\/wp\/v2\/posts\/31928","targetHints":{"allow":["GET"]}}],"collection":[{"href":"https:\/\/maranhaotv.com.br\/index.php\/wp-json\/wp\/v2\/posts"}],"about":[{"href":"https:\/\/maranhaotv.com.br\/index.php\/wp-json\/wp\/v2\/types\/post"}],"author":[{"embeddable":true,"href":"https:\/\/maranhaotv.com.br\/index.php\/wp-json\/wp\/v2\/users\/2"}],"replies":[{"embeddable":true,"href":"https:\/\/maranhaotv.com.br\/index.php\/wp-json\/wp\/v2\/comments?post=31928"}],"version-history":[{"count":0,"href":"https:\/\/maranhaotv.com.br\/index.php\/wp-json\/wp\/v2\/posts\/31928\/revisions"}],"wp:featuredmedia":[{"embeddable":true,"href":"https:\/\/maranhaotv.com.br\/index.php\/wp-json\/"}],"wp:attachment":[{"href":"https:\/\/maranhaotv.com.br\/index.php\/wp-json\/wp\/v2\/media?parent=31928"}],"wp:term":[{"taxonomy":"category","embeddable":true,"href":"https:\/\/maranhaotv.com.br\/index.php\/wp-json\/wp\/v2\/categories?post=31928"},{"taxonomy":"post_tag","embeddable":true,"href":"https:\/\/maranhaotv.com.br\/index.php\/wp-json\/wp\/v2\/tags?post=31928"}],"curies":[{"name":"wp","href":"https:\/\/api.w.org\/{rel}","templated":true}]}}