{"id":31932,"date":"2023-06-03T14:26:51","date_gmt":"2023-06-03T17:26:51","guid":{"rendered":"https:\/\/maranhaotv.com.br\/?p=31932"},"modified":"2023-06-03T14:26:51","modified_gmt":"2023-06-03T17:26:51","slug":"sema-afirma-que-13-pontos-de-praias-da-grande-sao-luis-estao-proprios-para-banho","status":"publish","type":"post","link":"https:\/\/maranhaotv.com.br\/index.php\/2023\/06\/03\/sema-afirma-que-13-pontos-de-praias-da-grande-sao-luis-estao-proprios-para-banho\/","title":{"rendered":"SEMA afirma que 13 pontos de praias da Grande S\u00e3o Lu\u00eds est\u00e3o pr\u00f3prios para banho"},"content":{"rendered":"\n<p><br><br>A Secretaria de Estado do Meio Ambiente e Recursos Naturais (Sema) divulgou um novo relat\u00f3rio e classificou 13 pontos das praias da Grande S\u00e3o Lu\u00eds como pr\u00f3prios para banho. Para o laudo, foram coletadas e analisadas amostras de \u00e1gua de 22 pontos distribu\u00eddos nas praias de S\u00e3o Lu\u00eds e trechos de S\u00e3o Jos\u00e9 de Ribamar, Pa\u00e7o do Lumiar e Raposa.<br>De acordo com a Sema, as \u00e1guas doces, salobras e salinas destinadas \u00e0 recrea\u00e7\u00e3o de contato prim\u00e1rio t\u00eam sua condi\u00e7\u00e3o avaliada nas categorias pr\u00f3pria e impr\u00f3pria. Al\u00e9m disso, a ocorr\u00eancia de chuvas influencia negativamente na qualidade das \u00e1guas das praias, considerando que ocorre maior carreamento de mat\u00e9ria org\u00e2nica oriunda da lavagem das vias p\u00fablicas para os rios e, consequentemente, para os mares. Portanto, na ocorr\u00eancia de chuvas, recomenda-se evitar a recrea\u00e7\u00e3o nas 24h que as sucederem.<br>O monitoramento foi realizado no per\u00edodo de 2 a 29 de maio, integrando a s\u00e9rie de acompanhamento semanal das condi\u00e7\u00f5es de balneabilidade das praias da Ilha do Maranh\u00e3o.<br>Veja o relat\u00f3rio completo abaixo:<\/p>\n\n\n\n<figure class=\"wp-block-image size-large\"><img decoding=\"async\" src=\"https:\/\/maranhaotv.com.br\/wp-content\/uploads\/2023\/06\/IMG-20230603-WA0270-300x291.jpg\" alt=\"\" class=\"wp-image-31930\"\/><\/figure>\n","protected":false},"excerpt":{"rendered":"<p>A Secretaria de Estado do Meio Ambiente e Recursos Naturais (Sema) divulgou um novo relat\u00f3rio e classificou 13 pontos das<\/p>\n","protected":false},"author":2,"featured_media":31931,"comment_status":"open","ping_status":"open","sticky":false,"template":"","format":"standard","meta":{"colormag_page_container_layout":"default_layout","colormag_page_sidebar_layout":"default_layout","_jetpack_memberships_contains_paid_content":false,"footnotes":""},"categories":[2],"tags":[],"class_list":["post-31932","post","type-post","status-publish","format-standard","has-post-thumbnail","hentry","category-noticias"],"magazineBlocksPostFeaturedMedia":{"thumbnail":false,"medium":false,"medium_large":false,"large":false,"1536x1536":false,"2048x2048":false,"colormag-highlighted-post":false,"colormag-featured-post-medium":false,"colormag-featured-post-small":false,"colormag-featured-image":false,"colormag-default-news":false,"colormag-featured-image-large":false},"magazineBlocksPostAuthor":{"name":"maranhaotv","avatar":"https:\/\/secure.gravatar.com\/avatar\/8fadbca458d4cb68b1dd399ae9a40618d747bb1af65ac9fad21c89220a143eb4?s=96&d=mm&r=g"},"magazineBlocksPostCommentsNumber":"0","magazineBlocksPostExcerpt":"A Secretaria de Estado do Meio Ambiente e Recursos Naturais (Sema) divulgou um novo relat\u00f3rio e classificou 13 pontos das","magazineBlocksPostCategories":["not\u00edcias"],"magazineBlocksPostViewCount":218,"magazineBlocksPostReadTime":1,"magazine_blocks_featured_image_url":{"full":false,"medium":false,"thumbnail":false},"magazine_blocks_author":{"display_name":"maranhaotv","author_link":"https:\/\/maranhaotv.com.br\/index.php\/author\/maranhaotv\/"},"magazine_blocks_comment":0,"magazine_blocks_author_image":"https:\/\/secure.gravatar.com\/avatar\/8fadbca458d4cb68b1dd399ae9a40618d747bb1af65ac9fad21c89220a143eb4?s=96&d=mm&r=g","magazine_blocks_category":"<a href=\"#\" class=\"category-link category-link-2\">not\u00edcias<\/a>","jetpack_featured_media_url":"","jetpack_sharing_enabled":true,"_links":{"self":[{"href":"https:\/\/maranhaotv.com.br\/index.php\/wp-json\/wp\/v2\/posts\/31932","targetHints":{"allow":["GET"]}}],"collection":[{"href":"https:\/\/maranhaotv.com.br\/index.php\/wp-json\/wp\/v2\/posts"}],"about":[{"href":"https:\/\/maranhaotv.com.br\/index.php\/wp-json\/wp\/v2\/types\/post"}],"author":[{"embeddable":true,"href":"https:\/\/maranhaotv.com.br\/index.php\/wp-json\/wp\/v2\/users\/2"}],"replies":[{"embeddable":true,"href":"https:\/\/maranhaotv.com.br\/index.php\/wp-json\/wp\/v2\/comments?post=31932"}],"version-history":[{"count":0,"href":"https:\/\/maranhaotv.com.br\/index.php\/wp-json\/wp\/v2\/posts\/31932\/revisions"}],"wp:featuredmedia":[{"embeddable":true,"href":"https:\/\/maranhaotv.com.br\/index.php\/wp-json\/"}],"wp:attachment":[{"href":"https:\/\/maranhaotv.com.br\/index.php\/wp-json\/wp\/v2\/media?parent=31932"}],"wp:term":[{"taxonomy":"category","embeddable":true,"href":"https:\/\/maranhaotv.com.br\/index.php\/wp-json\/wp\/v2\/categories?post=31932"},{"taxonomy":"post_tag","embeddable":true,"href":"https:\/\/maranhaotv.com.br\/index.php\/wp-json\/wp\/v2\/tags?post=31932"}],"curies":[{"name":"wp","href":"https:\/\/api.w.org\/{rel}","templated":true}]}}