{"id":31935,"date":"2023-06-03T22:10:22","date_gmt":"2023-06-04T01:10:22","guid":{"rendered":"https:\/\/maranhaotv.com.br\/?p=31935"},"modified":"2023-06-03T22:10:22","modified_gmt":"2023-06-04T01:10:22","slug":"paulo-case-representa-o-governador-carlos-brandao-em-assinaturas-de-pactos-do-governo-federal-e-o-consorcio-nordeste","status":"publish","type":"post","link":"https:\/\/maranhaotv.com.br\/index.php\/2023\/06\/03\/paulo-case-representa-o-governador-carlos-brandao-em-assinaturas-de-pactos-do-governo-federal-e-o-consorcio-nordeste\/","title":{"rendered":"Paulo Cas\u00e9 representa o governador Carlos Brand\u00e3o em assinaturas de pactos do Governo Federal e o Cons\u00f3rcio Nordeste"},"content":{"rendered":"\n<p><br>Representando o governador Carlos Brand\u00e3o, o secret\u00e1rio Estadual do Desenvolvimento Social (Sedes), Paulo Cas\u00e9 Fernandes, esteve nesta sexta-feira (2), em Natal, com demais representantes do Cons\u00f3rcio Nordeste, na C\u00e2mara Tem\u00e1tica de Assist\u00eancia Social, evento que marcou a assinatura de pacto para fortalecer a Busca Ativa de pessoas em situa\u00e7\u00e3o de vulnerabilidade social.<br><br>O evento contou com a presen\u00e7a do ministro do Desenvolvimento e Assist\u00eancia Social, Fam\u00edlia e Combate \u00e0 Fome, Wellington Dias, e al\u00e9m de tra\u00e7ar estrat\u00e9gias para fortalecer a Busca Ativa, teve a assinatura de pactos de Inclus\u00e3o Socioecon\u00f4mica, pelo Brasil Sem Fome e Consolida\u00e7\u00e3o do Sistema Nacional de Seguran\u00e7a Alimentar e Nutricional.<br><br>O secret\u00e1rio destacou o compromisso da gest\u00e3o do governador Brand\u00e3o em fortalecer as pol\u00edticas socioassistenciais no estado. \u201cO governador Carlos Brand\u00e3o tem destacado a import\u00e2ncia da parceria com o Governo Federal para garantir aos maranhenses que tenham direitos, inclus\u00e3o nos programas sociais federais. Nossa miss\u00e3o na Sedes \u00e9 estar presente nos munic\u00edpios realizando capacita\u00e7\u00f5es junto as secretarias municipais de Assist\u00eancia Social\u201d, destacou.<br><br>Paulo Cas\u00e9 destacou, ainda, a carta apresentada pelo Cons\u00f3rcio ao ministro Wellington Dias que sugeriu a federaliza\u00e7\u00e3o do Nordeste Acolhe, chamado de Programa Cuidar, no Maranh\u00e3o. O programa existe para garantir prote\u00e7\u00e3o \u00e0s crian\u00e7as e aos adolescentes que se tornaram \u00f3rf\u00e3os no contexto da Covid-19. Paulo Cas\u00e9 afirmou que o Maranh\u00e3o tamb\u00e9m sugeriu a inclus\u00e3o dos \u00f3rf\u00e3os do feminic\u00eddio no programa.<br><br>Estavam presentes no evento a governadora do Rio Grande do Norte, F\u00e1tima Bezerra, o governador do Cear\u00e1, Elmano de Freitas, o governador do Piau\u00ed, Rafael Fonteles; o vice-governador da Para\u00edba, Lucas Ribeiro, representando o presidente do Cons\u00f3rcio Nordeste, Jo\u00e3o Azevedo; o vice-governador de Alagoas, Ronaldo Lessa e outras autoridades.<\/p>\n","protected":false},"excerpt":{"rendered":"<p>Representando o governador Carlos Brand\u00e3o, o secret\u00e1rio Estadual do Desenvolvimento Social (Sedes), Paulo Cas\u00e9 Fernandes, esteve nesta sexta-feira (2), em<\/p>\n","protected":false},"author":2,"featured_media":31934,"comment_status":"open","ping_status":"open","sticky":false,"template":"","format":"standard","meta":{"colormag_page_container_layout":"default_layout","colormag_page_sidebar_layout":"default_layout","_jetpack_memberships_contains_paid_content":false,"footnotes":""},"categories":[2],"tags":[],"class_list":["post-31935","post","type-post","status-publish","format-standard","has-post-thumbnail","hentry","category-noticias"],"magazineBlocksPostFeaturedMedia":{"thumbnail":false,"medium":false,"medium_large":false,"large":false,"1536x1536":false,"2048x2048":false,"colormag-highlighted-post":false,"colormag-featured-post-medium":false,"colormag-featured-post-small":false,"colormag-featured-image":false,"colormag-default-news":false,"colormag-featured-image-large":false},"magazineBlocksPostAuthor":{"name":"maranhaotv","avatar":"https:\/\/secure.gravatar.com\/avatar\/8fadbca458d4cb68b1dd399ae9a40618d747bb1af65ac9fad21c89220a143eb4?s=96&d=mm&r=g"},"magazineBlocksPostCommentsNumber":"0","magazineBlocksPostExcerpt":"Representando o governador Carlos Brand\u00e3o, o secret\u00e1rio Estadual do Desenvolvimento Social (Sedes), Paulo Cas\u00e9 Fernandes, esteve nesta sexta-feira (2), em","magazineBlocksPostCategories":["not\u00edcias"],"magazineBlocksPostViewCount":143,"magazineBlocksPostReadTime":2,"magazine_blocks_featured_image_url":{"full":false,"medium":false,"thumbnail":false},"magazine_blocks_author":{"display_name":"maranhaotv","author_link":"https:\/\/maranhaotv.com.br\/index.php\/author\/maranhaotv\/"},"magazine_blocks_comment":0,"magazine_blocks_author_image":"https:\/\/secure.gravatar.com\/avatar\/8fadbca458d4cb68b1dd399ae9a40618d747bb1af65ac9fad21c89220a143eb4?s=96&d=mm&r=g","magazine_blocks_category":"<a href=\"#\" class=\"category-link category-link-2\">not\u00edcias<\/a>","jetpack_featured_media_url":"","jetpack_sharing_enabled":true,"_links":{"self":[{"href":"https:\/\/maranhaotv.com.br\/index.php\/wp-json\/wp\/v2\/posts\/31935","targetHints":{"allow":["GET"]}}],"collection":[{"href":"https:\/\/maranhaotv.com.br\/index.php\/wp-json\/wp\/v2\/posts"}],"about":[{"href":"https:\/\/maranhaotv.com.br\/index.php\/wp-json\/wp\/v2\/types\/post"}],"author":[{"embeddable":true,"href":"https:\/\/maranhaotv.com.br\/index.php\/wp-json\/wp\/v2\/users\/2"}],"replies":[{"embeddable":true,"href":"https:\/\/maranhaotv.com.br\/index.php\/wp-json\/wp\/v2\/comments?post=31935"}],"version-history":[{"count":0,"href":"https:\/\/maranhaotv.com.br\/index.php\/wp-json\/wp\/v2\/posts\/31935\/revisions"}],"wp:featuredmedia":[{"embeddable":true,"href":"https:\/\/maranhaotv.com.br\/index.php\/wp-json\/"}],"wp:attachment":[{"href":"https:\/\/maranhaotv.com.br\/index.php\/wp-json\/wp\/v2\/media?parent=31935"}],"wp:term":[{"taxonomy":"category","embeddable":true,"href":"https:\/\/maranhaotv.com.br\/index.php\/wp-json\/wp\/v2\/categories?post=31935"},{"taxonomy":"post_tag","embeddable":true,"href":"https:\/\/maranhaotv.com.br\/index.php\/wp-json\/wp\/v2\/tags?post=31935"}],"curies":[{"name":"wp","href":"https:\/\/api.w.org\/{rel}","templated":true}]}}