{"id":31939,"date":"2023-06-03T22:43:29","date_gmt":"2023-06-04T01:43:29","guid":{"rendered":"https:\/\/maranhaotv.com.br\/?p=31939"},"modified":"2023-06-03T22:43:29","modified_gmt":"2023-06-04T01:43:29","slug":"vice-governador-felipe-camarao-embarca-em-missao-oficial-do-governo-do-maranhao-para-a-oceania","status":"publish","type":"post","link":"https:\/\/maranhaotv.com.br\/index.php\/2023\/06\/03\/vice-governador-felipe-camarao-embarca-em-missao-oficial-do-governo-do-maranhao-para-a-oceania\/","title":{"rendered":"Vice-governador Felipe Camar\u00e3o embarca em miss\u00e3o oficial do Governo do Maranh\u00e3o para a Oceania"},"content":{"rendered":"\n<p><br>Neste s\u00e1bado (3), o vice-governador do Maranh\u00e3o, Felipe Camar\u00e3o, embarcou para uma miss\u00e3o de imers\u00e3o para conhecer pr\u00e1ticas educacionais da Nova Zel\u00e2ndia e Austr\u00e1lia, pa\u00edses da Oceania com excelentes \u00edndices de desenvolvimento da educa\u00e7\u00e3o, al\u00e9m de estreitar la\u00e7os que possam resultar em futuras rela\u00e7\u00f5es comerciais de interesse entre os pa\u00edses, como opera\u00e7\u00e3o portu\u00e1ria, agroneg\u00f3cio, turismo e hospitalidade, entre outros.<br><br>No pa\u00eds neozeland\u00eas, o vice-governador e secret\u00e1rio de Educa\u00e7\u00e3o passar\u00e1 pela capital Wellington, onde ser\u00e1 recebido pelo Embaixador do Brasil na Nova Zel\u00e2ndia, Sr. Marcus Arbizu, e tamb\u00e9m por Auckland, cidade mais populosa da regi\u00e3o. No pa\u00eds, Felipe Camar\u00e3o participar\u00e1 de reuni\u00f5es com ag\u00eancias de educa\u00e7\u00e3o do governo neozeland\u00eas e com Edtechs &#8211; empresas que desenvolvem solu\u00e7\u00f5es tecnol\u00f3gicas para a \u00e1rea da educa\u00e7\u00e3o. <br><br>J\u00e1 na Austr\u00e1lia, a agenda ser\u00e1 cumprida em Sidney, Tasm\u00e2nia, Melbourne, Gold Coast e Brisbane, e  envolver\u00e1 reuni\u00f5es com o departamento internacional de Educa\u00e7\u00e3o e Treinamento do Governo, visitas a diversas unidades de ensino, para conhecer de perto as pr\u00e1ticas pedag\u00f3gicas aplicadas. <br><br>&#8220;Estou indo para a Oceania &#8220;beber&#8221; diretamente da fonte desses pa\u00edses que possuem excelentes indicadores educacionais e que h\u00e1 d\u00e9cadas tratam a educa\u00e7\u00e3o como uma prioridade. Por determina\u00e7\u00e3o do governador Carlos Brand\u00e3o, minha miss\u00e3o \u00e9 conhecer e levar para a educa\u00e7\u00e3o maranhense as melhores pr\u00e1ticas, que transformaram a educa\u00e7\u00e3o na Nova Zel\u00e2ndia e na Austr\u00e1lia, e que podem nos ajudar a aprimorar nossos investimentos. Conhecerei de perto diversas a\u00e7\u00f5es desses sistemas educacionais, em especial, a educa\u00e7\u00e3o vocacional focada para a empregabilidade, assim como tamb\u00e9m buscarei parcerias de interc\u00e2mbio para os estudantes maranhenses, entre outras \u00e1reas de interesse comercial em comum com estes pa\u00edses oce\u00e2nicos e o nosso Maranh\u00e3o&#8221;, declarou Felipe Camar\u00e3o.<\/p>\n\n\n\n<figure class=\"wp-block-image size-large\"><img decoding=\"async\" src=\"https:\/\/maranhaotv.com.br\/wp-content\/uploads\/2023\/06\/IMG-20230603-WA0350-577x1024.jpg\" alt=\"\" class=\"wp-image-31937\"\/><\/figure>\n","protected":false},"excerpt":{"rendered":"<p>Neste s\u00e1bado (3), o vice-governador do Maranh\u00e3o, Felipe Camar\u00e3o, embarcou para uma miss\u00e3o de imers\u00e3o para conhecer pr\u00e1ticas educacionais da<\/p>\n","protected":false},"author":2,"featured_media":31938,"comment_status":"open","ping_status":"open","sticky":false,"template":"","format":"standard","meta":{"colormag_page_container_layout":"default_layout","colormag_page_sidebar_layout":"default_layout","_jetpack_memberships_contains_paid_content":false,"footnotes":""},"categories":[2],"tags":[],"class_list":["post-31939","post","type-post","status-publish","format-standard","has-post-thumbnail","hentry","category-noticias"],"magazineBlocksPostFeaturedMedia":{"thumbnail":false,"medium":false,"medium_large":false,"large":false,"1536x1536":false,"2048x2048":false,"colormag-highlighted-post":false,"colormag-featured-post-medium":false,"colormag-featured-post-small":false,"colormag-featured-image":false,"colormag-default-news":false,"colormag-featured-image-large":false},"magazineBlocksPostAuthor":{"name":"maranhaotv","avatar":"https:\/\/secure.gravatar.com\/avatar\/8fadbca458d4cb68b1dd399ae9a40618d747bb1af65ac9fad21c89220a143eb4?s=96&d=mm&r=g"},"magazineBlocksPostCommentsNumber":"0","magazineBlocksPostExcerpt":"Neste s\u00e1bado (3), o vice-governador do Maranh\u00e3o, Felipe Camar\u00e3o, embarcou para uma miss\u00e3o de imers\u00e3o para conhecer pr\u00e1ticas educacionais da","magazineBlocksPostCategories":["not\u00edcias"],"magazineBlocksPostViewCount":132,"magazineBlocksPostReadTime":2,"magazine_blocks_featured_image_url":{"full":false,"medium":false,"thumbnail":false},"magazine_blocks_author":{"display_name":"maranhaotv","author_link":"https:\/\/maranhaotv.com.br\/index.php\/author\/maranhaotv\/"},"magazine_blocks_comment":0,"magazine_blocks_author_image":"https:\/\/secure.gravatar.com\/avatar\/8fadbca458d4cb68b1dd399ae9a40618d747bb1af65ac9fad21c89220a143eb4?s=96&d=mm&r=g","magazine_blocks_category":"<a href=\"#\" class=\"category-link category-link-2\">not\u00edcias<\/a>","jetpack_featured_media_url":"","jetpack_sharing_enabled":true,"_links":{"self":[{"href":"https:\/\/maranhaotv.com.br\/index.php\/wp-json\/wp\/v2\/posts\/31939","targetHints":{"allow":["GET"]}}],"collection":[{"href":"https:\/\/maranhaotv.com.br\/index.php\/wp-json\/wp\/v2\/posts"}],"about":[{"href":"https:\/\/maranhaotv.com.br\/index.php\/wp-json\/wp\/v2\/types\/post"}],"author":[{"embeddable":true,"href":"https:\/\/maranhaotv.com.br\/index.php\/wp-json\/wp\/v2\/users\/2"}],"replies":[{"embeddable":true,"href":"https:\/\/maranhaotv.com.br\/index.php\/wp-json\/wp\/v2\/comments?post=31939"}],"version-history":[{"count":0,"href":"https:\/\/maranhaotv.com.br\/index.php\/wp-json\/wp\/v2\/posts\/31939\/revisions"}],"wp:featuredmedia":[{"embeddable":true,"href":"https:\/\/maranhaotv.com.br\/index.php\/wp-json\/"}],"wp:attachment":[{"href":"https:\/\/maranhaotv.com.br\/index.php\/wp-json\/wp\/v2\/media?parent=31939"}],"wp:term":[{"taxonomy":"category","embeddable":true,"href":"https:\/\/maranhaotv.com.br\/index.php\/wp-json\/wp\/v2\/categories?post=31939"},{"taxonomy":"post_tag","embeddable":true,"href":"https:\/\/maranhaotv.com.br\/index.php\/wp-json\/wp\/v2\/tags?post=31939"}],"curies":[{"name":"wp","href":"https:\/\/api.w.org\/{rel}","templated":true}]}}