{"id":31944,"date":"2023-06-04T09:07:06","date_gmt":"2023-06-04T12:07:06","guid":{"rendered":"https:\/\/maranhaotv.com.br\/?p=31944"},"modified":"2023-06-04T09:07:06","modified_gmt":"2023-06-04T12:07:06","slug":"solidariedade-pacto-pela-paz-promove-acao-social-no-parque-vitoria","status":"publish","type":"post","link":"https:\/\/maranhaotv.com.br\/index.php\/2023\/06\/04\/solidariedade-pacto-pela-paz-promove-acao-social-no-parque-vitoria\/","title":{"rendered":"Solidariedade: Pacto Pela Paz promove a\u00e7\u00e3o social no Parque Vit\u00f3ria"},"content":{"rendered":"\n<p>Solidariedade, boa vontade e carisma pelo pr\u00f3ximo, foi o que ocorrera na manh\u00e3 deste \u00faltimo s\u00e1bado (03), na escola estadual C. E. Poeta Cunha Santos, no bairro Parque Vit\u00f3ria em S\u00e3o Jos\u00e9 de Ribamar, que foi palco para mais uma a\u00e7\u00e3o do Pacto pela Paz. Estiveram presentes diversos membros do Conselho Comunit\u00e1rio Pacto Pela Paz, dentre eles, o comandante do 20\u00b0 Batalh\u00e3o, Major Ricardo, respons\u00e1vel pelo policiamento da \u00e1rea, tamb\u00e9m a professora Eva Barros, Gestora Regional da Educa\u00e7\u00e3o do Estado e a professora J\u00f4 Escorcio, Gestora da escola.<br><br>\u201cHoje n\u00e3o vemos mais a pol\u00edcia como repressora, esse estere\u00f3tipo est\u00e1 a cada vez mais sendo esquecido no passado, hoje vemos a pol\u00edcia como um \u00f3rg\u00e3o que trabalha junto com a educa\u00e7\u00e3o na preven\u00e7\u00e3o e combate \u00e0 viol\u00eancia\u201d. Disse a professora J\u00f4.<br><br>\u201cFico feliz que podemos contar com essa parceria entre a Educa\u00e7\u00e3o e a Seguran\u00e7a, ambas institui\u00e7\u00f5es p\u00fablicas para solucionar os problemas que podem contribuir para o aumento da inseguran\u00e7a, como uma rua mal iluminada, a falta de espa\u00e7os de lazer para as nossas crian\u00e7as e jovens, entre outros\u201d, disse a professora Eva Barros.<br><br>O evento contou com diversos servi\u00e7os gratuitos, dentre eles, Consultas M\u00e9dicas, testes r\u00e1pidos de S\u00edfilis, HIV e Glicemia, Aferi\u00e7\u00e3o de Press\u00e3o, aplica\u00e7\u00e3o de fl\u00faor, apresenta\u00e7\u00f5es de m\u00fasica, embelezamento, expedi\u00e7\u00e3o de Carteira de Identidade, orienta\u00e7\u00e3o Jur\u00eddica e Mutir\u00e3o da vis\u00e3o.<br><br>O programa Pacto pela Paz, incentivador dessas causas sociais em parceria com \u00f3rg\u00e3os p\u00fablicos e iniciativa privada e organiza\u00e7\u00f5es n\u00e3o governamentais, atualmente, capitaneado pelo h\u00e1bil Delegado de Pol\u00edcia Civil Dicival Gon\u00e7alves da Silva, fora criado pela Lei n\u00b0 19387, de 21 de dezembro de 2015, e hoje conta com o apoio maci\u00e7o de mil oitocentos e setenta e seis Conselheiros Comunit\u00e1rios pela Paz espalhados em 118 CCPs do Maranh\u00e3o.<\/p>\n\n\n\n<figure class=\"wp-block-image size-large\"><img decoding=\"async\" src=\"https:\/\/maranhaotv.com.br\/wp-content\/uploads\/2023\/06\/IMG-20230604-WA0063-1024x1024.jpg\" alt=\"\" class=\"wp-image-31941\"\/><\/figure>\n\n\n\n<figure class=\"wp-block-image\"><img decoding=\"async\" src=\"https:\/\/maranhaotv.com.br\/wp-content\/uploads\/2023\/06\/IMG-20230604-WA0064-300x300.jpg\" alt=\"\" class=\"wp-image-31942\"\/><\/figure>\n\n\n\n<figure class=\"wp-block-image size-large\"><img decoding=\"async\" src=\"https:\/\/maranhaotv.com.br\/wp-content\/uploads\/2023\/06\/IMG-20230604-WA0092-225x300.jpg\" alt=\"\" class=\"wp-image-31947\"\/><\/figure>\n\n\n\n<figure class=\"wp-block-image\"><img decoding=\"async\" src=\"https:\/\/maranhaotv.com.br\/wp-content\/uploads\/2023\/06\/IMG-20230604-WA0090-300x225.jpg\" alt=\"\" class=\"wp-image-31946\"\/><\/figure>\n\n\n\n<figure class=\"wp-block-image\"><img decoding=\"async\" src=\"https:\/\/maranhaotv.com.br\/wp-content\/uploads\/2023\/06\/IMG-20230604-WA0091-300x225.jpg\" alt=\"\" class=\"wp-image-31948\"\/><\/figure>\n","protected":false},"excerpt":{"rendered":"<p>Solidariedade, boa vontade e carisma pelo pr\u00f3ximo, foi o que ocorrera na manh\u00e3 deste \u00faltimo s\u00e1bado (03), na escola estadual<\/p>\n","protected":false},"author":2,"featured_media":31943,"comment_status":"open","ping_status":"open","sticky":false,"template":"","format":"standard","meta":{"colormag_page_container_layout":"default_layout","colormag_page_sidebar_layout":"default_layout","_jetpack_memberships_contains_paid_content":false,"footnotes":""},"categories":[2],"tags":[],"class_list":["post-31944","post","type-post","status-publish","format-standard","has-post-thumbnail","hentry","category-noticias"],"magazineBlocksPostFeaturedMedia":{"thumbnail":false,"medium":false,"medium_large":false,"large":false,"1536x1536":false,"2048x2048":false,"colormag-highlighted-post":false,"colormag-featured-post-medium":false,"colormag-featured-post-small":false,"colormag-featured-image":false,"colormag-default-news":false,"colormag-featured-image-large":false},"magazineBlocksPostAuthor":{"name":"maranhaotv","avatar":"https:\/\/secure.gravatar.com\/avatar\/8fadbca458d4cb68b1dd399ae9a40618d747bb1af65ac9fad21c89220a143eb4?s=96&d=mm&r=g"},"magazineBlocksPostCommentsNumber":"0","magazineBlocksPostExcerpt":"Solidariedade, boa vontade e carisma pelo pr\u00f3ximo, foi o que ocorrera na manh\u00e3 deste \u00faltimo s\u00e1bado (03), na escola estadual","magazineBlocksPostCategories":["not\u00edcias"],"magazineBlocksPostViewCount":152,"magazineBlocksPostReadTime":2,"magazine_blocks_featured_image_url":{"full":false,"medium":false,"thumbnail":false},"magazine_blocks_author":{"display_name":"maranhaotv","author_link":"https:\/\/maranhaotv.com.br\/index.php\/author\/maranhaotv\/"},"magazine_blocks_comment":0,"magazine_blocks_author_image":"https:\/\/secure.gravatar.com\/avatar\/8fadbca458d4cb68b1dd399ae9a40618d747bb1af65ac9fad21c89220a143eb4?s=96&d=mm&r=g","magazine_blocks_category":"<a href=\"#\" class=\"category-link category-link-2\">not\u00edcias<\/a>","jetpack_featured_media_url":"","jetpack_sharing_enabled":true,"_links":{"self":[{"href":"https:\/\/maranhaotv.com.br\/index.php\/wp-json\/wp\/v2\/posts\/31944","targetHints":{"allow":["GET"]}}],"collection":[{"href":"https:\/\/maranhaotv.com.br\/index.php\/wp-json\/wp\/v2\/posts"}],"about":[{"href":"https:\/\/maranhaotv.com.br\/index.php\/wp-json\/wp\/v2\/types\/post"}],"author":[{"embeddable":true,"href":"https:\/\/maranhaotv.com.br\/index.php\/wp-json\/wp\/v2\/users\/2"}],"replies":[{"embeddable":true,"href":"https:\/\/maranhaotv.com.br\/index.php\/wp-json\/wp\/v2\/comments?post=31944"}],"version-history":[{"count":0,"href":"https:\/\/maranhaotv.com.br\/index.php\/wp-json\/wp\/v2\/posts\/31944\/revisions"}],"wp:featuredmedia":[{"embeddable":true,"href":"https:\/\/maranhaotv.com.br\/index.php\/wp-json\/"}],"wp:attachment":[{"href":"https:\/\/maranhaotv.com.br\/index.php\/wp-json\/wp\/v2\/media?parent=31944"}],"wp:term":[{"taxonomy":"category","embeddable":true,"href":"https:\/\/maranhaotv.com.br\/index.php\/wp-json\/wp\/v2\/categories?post=31944"},{"taxonomy":"post_tag","embeddable":true,"href":"https:\/\/maranhaotv.com.br\/index.php\/wp-json\/wp\/v2\/tags?post=31944"}],"curies":[{"name":"wp","href":"https:\/\/api.w.org\/{rel}","templated":true}]}}