{"id":31957,"date":"2023-06-05T12:21:35","date_gmt":"2023-06-05T15:21:35","guid":{"rendered":"https:\/\/maranhaotv.com.br\/?p=31957"},"modified":"2023-06-05T12:21:35","modified_gmt":"2023-06-05T15:21:35","slug":"paula-azevedo-entrega-pavimentacao-no-bairro-itapiraco-em-paco-do-lumiar","status":"publish","type":"post","link":"https:\/\/maranhaotv.com.br\/index.php\/2023\/06\/05\/paula-azevedo-entrega-pavimentacao-no-bairro-itapiraco-em-paco-do-lumiar\/","title":{"rendered":"Paula Azevedo entrega pavimenta\u00e7\u00e3o no bairro Itapirac\u00f3 em Pa\u00e7o do Lumiar"},"content":{"rendered":"\n<p><br>A solenidade de inaugura\u00e7\u00e3o da Rua Luzia Costa, no bairro Itapirac\u00f3, com mais de 200 metros de pavimenta\u00e7\u00e3o em bloquetes, ocorreu no \u00faltimo s\u00e1bado (03). Al\u00e9m da prefeita Paula Azevedo, estiveram presentes, o Secret\u00e1rio Municipal de Infraestrutura e Urbanismo Walburg Neto e a Secret\u00e1ria Municipal de Educa\u00e7\u00e3o Yanne Pessoa.<br>A obra tem a parceria da Secretaria de Estado de Administra\u00e7\u00e3o Penitenci\u00e1ria (SEAP), por meio de Emenda do ex-deputado federal Bira do Pindar\u00e9. <br><br>A Prefeita Paula Azevedo falou da satisfa\u00e7\u00e3o em inaugurar mais uma rua pavimentada dentro do munic\u00edpio.<br>\u201c\u00c9 uma grande alegria pra mim, como gestora, entregar mais uma rua pavimentada dentro de Pa\u00e7o do Lumiar, entre tantas que j\u00e1 entregamos desde que assumi a Prefeitura. E n\u00e3o vamos parar por aqui, pois temos um cronograma de entregas para os pr\u00f3ximos meses, e at\u00e9 o final do meu mandato\u201d, afirmou a Prefeita Paula.<br><br>O Secret\u00e1rio Walburg Neto destacou a perseveran\u00e7a e dedica\u00e7\u00e3o da prefeita Paula Azevedo em buscar parcerias e disponibilizar projetos de infraestrutura com recursos pr\u00f3prios, do munic\u00edpio, para beneficiar comunidades que, at\u00e9 ent\u00e3o, haviam sido esquecidas por gest\u00f5es anteriores. \u201cInauguramos, hoje, mais 206 metros de pavimenta\u00e7\u00e3o, fazendo a alegria de dezenas de fam\u00edlias\u201d, assegurou o Secret\u00e1rio Walburg Neto.<br><br>Para Ant\u00f4nio Carlos, morador h\u00e1 50 anos da Rua Luzia Costa e filho da homenageada, falou da luta e da satisfa\u00e7\u00e3o pela obra. \u201cTenho muita gratid\u00e3o pela prefeita Paula Azevedo por ter realizado um sonho antigo de todos os moradores dessa rua e a minha gratid\u00e3o \u00e9 maior ainda porque a minha m\u00e3e foi a homenageada em vida. Obrigada por tudo!\u201d, disse o morador.<\/p>\n\n\n\n<figure class=\"wp-block-image size-large\"><img decoding=\"async\" src=\"https:\/\/maranhaotv.com.br\/wp-content\/uploads\/2023\/06\/IMG-20230605-WA0445-1024x684.jpg\" alt=\"\" class=\"wp-image-31954\"\/><\/figure>\n\n\n\n<figure class=\"wp-block-image\"><img decoding=\"async\" src=\"https:\/\/maranhaotv.com.br\/wp-content\/uploads\/2023\/06\/IMG-20230605-WA0446-1024x684.jpg\" alt=\"\" class=\"wp-image-31953\"\/><\/figure>\n","protected":false},"excerpt":{"rendered":"<p>A solenidade de inaugura\u00e7\u00e3o da Rua Luzia Costa, no bairro Itapirac\u00f3, com mais de 200 metros de pavimenta\u00e7\u00e3o em bloquetes,<\/p>\n","protected":false},"author":2,"featured_media":31956,"comment_status":"open","ping_status":"open","sticky":false,"template":"","format":"standard","meta":{"colormag_page_container_layout":"default_layout","colormag_page_sidebar_layout":"default_layout","_jetpack_memberships_contains_paid_content":false,"footnotes":""},"categories":[2],"tags":[],"class_list":["post-31957","post","type-post","status-publish","format-standard","has-post-thumbnail","hentry","category-noticias"],"magazineBlocksPostFeaturedMedia":{"thumbnail":false,"medium":false,"medium_large":false,"large":false,"1536x1536":false,"2048x2048":false,"colormag-highlighted-post":false,"colormag-featured-post-medium":false,"colormag-featured-post-small":false,"colormag-featured-image":false,"colormag-default-news":false,"colormag-featured-image-large":false},"magazineBlocksPostAuthor":{"name":"maranhaotv","avatar":"https:\/\/secure.gravatar.com\/avatar\/8fadbca458d4cb68b1dd399ae9a40618d747bb1af65ac9fad21c89220a143eb4?s=96&d=mm&r=g"},"magazineBlocksPostCommentsNumber":"0","magazineBlocksPostExcerpt":"A solenidade de inaugura\u00e7\u00e3o da Rua Luzia Costa, no bairro Itapirac\u00f3, com mais de 200 metros de pavimenta\u00e7\u00e3o em bloquetes,","magazineBlocksPostCategories":["not\u00edcias"],"magazineBlocksPostViewCount":145,"magazineBlocksPostReadTime":2,"magazine_blocks_featured_image_url":{"full":false,"medium":false,"thumbnail":false},"magazine_blocks_author":{"display_name":"maranhaotv","author_link":"https:\/\/maranhaotv.com.br\/index.php\/author\/maranhaotv\/"},"magazine_blocks_comment":0,"magazine_blocks_author_image":"https:\/\/secure.gravatar.com\/avatar\/8fadbca458d4cb68b1dd399ae9a40618d747bb1af65ac9fad21c89220a143eb4?s=96&d=mm&r=g","magazine_blocks_category":"<a href=\"#\" class=\"category-link category-link-2\">not\u00edcias<\/a>","jetpack_featured_media_url":"","jetpack_sharing_enabled":true,"_links":{"self":[{"href":"https:\/\/maranhaotv.com.br\/index.php\/wp-json\/wp\/v2\/posts\/31957","targetHints":{"allow":["GET"]}}],"collection":[{"href":"https:\/\/maranhaotv.com.br\/index.php\/wp-json\/wp\/v2\/posts"}],"about":[{"href":"https:\/\/maranhaotv.com.br\/index.php\/wp-json\/wp\/v2\/types\/post"}],"author":[{"embeddable":true,"href":"https:\/\/maranhaotv.com.br\/index.php\/wp-json\/wp\/v2\/users\/2"}],"replies":[{"embeddable":true,"href":"https:\/\/maranhaotv.com.br\/index.php\/wp-json\/wp\/v2\/comments?post=31957"}],"version-history":[{"count":0,"href":"https:\/\/maranhaotv.com.br\/index.php\/wp-json\/wp\/v2\/posts\/31957\/revisions"}],"wp:featuredmedia":[{"embeddable":true,"href":"https:\/\/maranhaotv.com.br\/index.php\/wp-json\/"}],"wp:attachment":[{"href":"https:\/\/maranhaotv.com.br\/index.php\/wp-json\/wp\/v2\/media?parent=31957"}],"wp:term":[{"taxonomy":"category","embeddable":true,"href":"https:\/\/maranhaotv.com.br\/index.php\/wp-json\/wp\/v2\/categories?post=31957"},{"taxonomy":"post_tag","embeddable":true,"href":"https:\/\/maranhaotv.com.br\/index.php\/wp-json\/wp\/v2\/tags?post=31957"}],"curies":[{"name":"wp","href":"https:\/\/api.w.org\/{rel}","templated":true}]}}