{"id":31966,"date":"2023-06-05T17:47:38","date_gmt":"2023-06-05T20:47:38","guid":{"rendered":"https:\/\/maranhaotv.com.br\/?p=31966"},"modified":"2023-06-05T17:47:38","modified_gmt":"2023-06-05T20:47:38","slug":"carlos-lula-realiza-primeira-edicao-do-juntos-pela-ilha-com-foco-nos-desafios-para-a-saude","status":"publish","type":"post","link":"https:\/\/maranhaotv.com.br\/index.php\/2023\/06\/05\/carlos-lula-realiza-primeira-edicao-do-juntos-pela-ilha-com-foco-nos-desafios-para-a-saude\/","title":{"rendered":"Carlos Lula realiza primeira edi\u00e7\u00e3o do Juntos pela Ilha com foco nos desafios para a sa\u00fade"},"content":{"rendered":"\n<p><br><br>O deputado estadual Carlos Lula lan\u00e7ou, neste s\u00e1bado (3), o projeto \u201cJuntos pela Ilha\u201d, encontro entre parlamento e sociedade civil. O projeto vai discutir a cada edi\u00e7\u00e3o solu\u00e7\u00f5es para os problemas de sa\u00fade, infraestrutura, educa\u00e7\u00e3o, mobilidade na Grande Ilha. <br><br>A primeira edi\u00e7\u00e3o do projeto, que aconteceu no Solar do Maria Firmina dos Reis, em S\u00e3o Luis, foi mediada pela cientista pol\u00edtica Ananda Marques e debateu \u201cO SUS depois da pandemia: desafios para a sa\u00fade na Regi\u00e3o Metropolitana\u201d, com a presen\u00e7a do secret\u00e1rio de Aten\u00e7\u00e3o Prim\u00e1ria \u00e0 Sa\u00fade do Minist\u00e9rio da Sa\u00fade, N\u00e9sio Fernandes.<br><br>\u201cO deputado Carlos Lula est\u00e1 de parab\u00e9ns pela iniciativa. Eu me sinto muito \u00e0 vontade aqui e esse encontro tem um valor muito simb\u00f3lico, pois o Carlos Lula foi um dos maiores l\u00edderes do pa\u00eds, durante a maior crise sanit\u00e1ria do Brasil. Sem ele, com sua sabedoria, sagacidade e firmeza de princ\u00edpios, o Conass (Conselho Nacional de Secret\u00e1rios de Estado da Sa\u00fade) n\u00e3o teria cumprido o papel de lideran\u00e7a nacional durante a pandemia, na defesa do SUS. Sou obrigado a fazer esse reconhecimento, pois o Brasil deve muito a ele\u201d, elogiou N\u00e9sio Fernandes. <br><br>De acordo com Carlos Lula, o objetivo do projeto \u00e9 debater propostas para problemas diversos da Regi\u00e3o Metropolitana de S\u00e3o Lu\u00eds em uma s\u00e9rie de encontros.<br><br>\u201cEsse projeto \u00e9 fruto de uma inquieta\u00e7\u00e3o minha, devido a centenas de den\u00fancias e reclama\u00e7\u00f5es que recebo sobre os servi\u00e7os de sa\u00fade, transporte, mobilidade, educa\u00e7\u00e3o e saneamento b\u00e1sico na nossa Regi\u00e3o Metropolita. A principal proposta do projeto Juntos pela Ilha \u00e9 ser um projeto democr\u00e1tico e popular para mostrar que sociedade civil e legislativo devem atuar juntos em prol do bem-estar e da qualidade de vida da nossa ilha\u201d, explicou o deputado. <br><br>A sociedade civil parabenizou a iniciativa de Carlos Lula e destacou a import\u00e2ncia em debater temas de interesse social diretamente com a popula\u00e7\u00e3o.<br><br>\u201cEsse \u00e9 o caminho, discutir as necessidades junto com que est\u00e1 nas necessidades e n\u00e3o com quem n\u00e3o as conhece. \u00c9 um caminho justo que tem que ser seguido, ir onde est\u00e1 as vulnerabilidades e conhecer elas. E a sa\u00fade atinge todo mundo, dos mais pobres aos mais ricos\u201d destacou a coordenadora-geral da Associa\u00e7\u00e3o das Profissionais do Sexo do Maranh\u00e3o, Maria de Jesus Costa.<br><br>\u201cEsse encontro \u00e9 uma iniciativa brilhante e sabemos que o Carlos Lula tem uma preocupa\u00e7\u00e3o especial com a popula\u00e7\u00e3o dos 217 munic\u00edpios do Maranh\u00e3o as quais hoje ele representa. Discutir os problemas com a popula\u00e7\u00e3o \u00e9 fazer a diferen\u00e7a na Assembleia Legislativa\u201d, disse Chico do Bacanga.<br><br>Ao discutir os problemas relacionados \u00e0 sa\u00fade, o parlamentar destacou a atual situa\u00e7\u00e3o da Aten\u00e7\u00e3o B\u00e1sica na cidade de S\u00e3o Lu\u00eds. Segundo Carlos Lula, o p\u00f3s-pandemia aumentou os desafios da sa\u00fade na capital maranhense. <br><br>\u201cPrecisamos por fim na grande fila que se formou durante a pandemia para consultas, exames e cirurgias represadas. Temos um problema que impede a melhoria desse quadro. S\u00e3o Lu\u00eds possui a pior cobertura da Aten\u00e7\u00e3o B\u00e1sica do pa\u00eds, n\u00f3s temos apenas 47% de Aten\u00e7\u00e3o B\u00e1sica e 38% de cobertura de Dquipes de Sa\u00fade na Fam\u00edlia, \u00e9 a quarta pior cobertura do estado. Com o atual Governo Federal, temos uma janela de oportunidades que eu espero muito que S\u00e3o Lu\u00eds possa alcan\u00e7ar\u201d, disse o deputado estadual. <br><br>Al\u00e9m da sociedade civil e profissionais de sa\u00fade, participaram ainda do evento o superintendente do Minist\u00e9rio da Sa\u00fade no Maranh\u00e3o, Glinoel Garreto; o vice-presidente da Assembleia Legislativa, deputado Rodrigo Lago (PCdoB); o deputado federal e l\u00edder da bancada maranhense na C\u00e2mara Federal, M\u00e1rcio Jerry (PCdoB); a secretaria de Estado da Juventude, Tatiana Pereira; o professor Chico Gon\u00e7alves; o Coronel Silvio Leite; Jonas do MST; e a ex-prefeita de Ros\u00e1rio, Irlahi Moraes.<\/p>\n\n\n\n<figure class=\"wp-block-image size-large\"><img decoding=\"async\" src=\"https:\/\/maranhaotv.com.br\/wp-content\/uploads\/2023\/06\/IMG-20230605-WA0145-1024x682.jpg\" alt=\"\" class=\"wp-image-31963\"\/><\/figure>\n\n\n\n<figure class=\"wp-block-image\"><img decoding=\"async\" src=\"https:\/\/maranhaotv.com.br\/wp-content\/uploads\/2023\/06\/IMG-20230605-WA0143-1024x682.jpg\" alt=\"\" class=\"wp-image-31964\"\/><\/figure>\n","protected":false},"excerpt":{"rendered":"<p>O deputado estadual Carlos Lula lan\u00e7ou, neste s\u00e1bado (3), o projeto \u201cJuntos pela Ilha\u201d, encontro entre parlamento e sociedade civil.<\/p>\n","protected":false},"author":2,"featured_media":31965,"comment_status":"open","ping_status":"open","sticky":false,"template":"","format":"standard","meta":{"colormag_page_container_layout":"default_layout","colormag_page_sidebar_layout":"default_layout","_jetpack_memberships_contains_paid_content":false,"footnotes":""},"categories":[2],"tags":[],"class_list":["post-31966","post","type-post","status-publish","format-standard","has-post-thumbnail","hentry","category-noticias"],"magazineBlocksPostFeaturedMedia":{"thumbnail":false,"medium":false,"medium_large":false,"large":false,"1536x1536":false,"2048x2048":false,"colormag-highlighted-post":false,"colormag-featured-post-medium":false,"colormag-featured-post-small":false,"colormag-featured-image":false,"colormag-default-news":false,"colormag-featured-image-large":false},"magazineBlocksPostAuthor":{"name":"maranhaotv","avatar":"https:\/\/secure.gravatar.com\/avatar\/8fadbca458d4cb68b1dd399ae9a40618d747bb1af65ac9fad21c89220a143eb4?s=96&d=mm&r=g"},"magazineBlocksPostCommentsNumber":"0","magazineBlocksPostExcerpt":"O deputado estadual Carlos Lula lan\u00e7ou, neste s\u00e1bado (3), o projeto \u201cJuntos pela Ilha\u201d, encontro entre parlamento e sociedade civil.","magazineBlocksPostCategories":["not\u00edcias"],"magazineBlocksPostViewCount":241,"magazineBlocksPostReadTime":4,"magazine_blocks_featured_image_url":{"full":false,"medium":false,"thumbnail":false},"magazine_blocks_author":{"display_name":"maranhaotv","author_link":"https:\/\/maranhaotv.com.br\/index.php\/author\/maranhaotv\/"},"magazine_blocks_comment":0,"magazine_blocks_author_image":"https:\/\/secure.gravatar.com\/avatar\/8fadbca458d4cb68b1dd399ae9a40618d747bb1af65ac9fad21c89220a143eb4?s=96&d=mm&r=g","magazine_blocks_category":"<a href=\"#\" class=\"category-link category-link-2\">not\u00edcias<\/a>","jetpack_featured_media_url":"","jetpack_sharing_enabled":true,"_links":{"self":[{"href":"https:\/\/maranhaotv.com.br\/index.php\/wp-json\/wp\/v2\/posts\/31966","targetHints":{"allow":["GET"]}}],"collection":[{"href":"https:\/\/maranhaotv.com.br\/index.php\/wp-json\/wp\/v2\/posts"}],"about":[{"href":"https:\/\/maranhaotv.com.br\/index.php\/wp-json\/wp\/v2\/types\/post"}],"author":[{"embeddable":true,"href":"https:\/\/maranhaotv.com.br\/index.php\/wp-json\/wp\/v2\/users\/2"}],"replies":[{"embeddable":true,"href":"https:\/\/maranhaotv.com.br\/index.php\/wp-json\/wp\/v2\/comments?post=31966"}],"version-history":[{"count":0,"href":"https:\/\/maranhaotv.com.br\/index.php\/wp-json\/wp\/v2\/posts\/31966\/revisions"}],"wp:featuredmedia":[{"embeddable":true,"href":"https:\/\/maranhaotv.com.br\/index.php\/wp-json\/"}],"wp:attachment":[{"href":"https:\/\/maranhaotv.com.br\/index.php\/wp-json\/wp\/v2\/media?parent=31966"}],"wp:term":[{"taxonomy":"category","embeddable":true,"href":"https:\/\/maranhaotv.com.br\/index.php\/wp-json\/wp\/v2\/categories?post=31966"},{"taxonomy":"post_tag","embeddable":true,"href":"https:\/\/maranhaotv.com.br\/index.php\/wp-json\/wp\/v2\/tags?post=31966"}],"curies":[{"name":"wp","href":"https:\/\/api.w.org\/{rel}","templated":true}]}}