{"id":31969,"date":"2023-06-05T18:26:47","date_gmt":"2023-06-05T21:26:47","guid":{"rendered":"https:\/\/maranhaotv.com.br\/?p=31969"},"modified":"2023-06-05T18:26:47","modified_gmt":"2023-06-05T21:26:47","slug":"braide-avalia-se-filiar-no-mdb-pdt-ou-republicanos","status":"publish","type":"post","link":"https:\/\/maranhaotv.com.br\/index.php\/2023\/06\/05\/braide-avalia-se-filiar-no-mdb-pdt-ou-republicanos\/","title":{"rendered":"Braide avalia se filiar no MDB, PDT ou Republicanos"},"content":{"rendered":"\n<p>Ainda est\u00e1 indefinido qual partido o prefeito de S\u00e3o Lu\u00eds, Eduardo Braide, se filiar\u00e1 ao deixar as hostes do PSD. Nos bastidores pol\u00edticos h\u00e1 fortes rumores que o gestor municipal est\u00e1 avaliando possibilidades reais entre tr\u00eas siglas; MDB, PDT ou Republicanos.<br><br>A \u00fanica coisa definida at\u00e9 o momento \u00e9 a sa\u00edda de Braide do PSD, que tem hoje no Maranh\u00e3o a figura central da senadora Eliziane Gama, que pode ser candidata \u00e0 Prefeitura da capital. Portanto, a perman\u00eancia do prefeito, que buscar\u00e1 a reelei\u00e7\u00e3o, \u00e9 praticamente invi\u00e1vel.<br><br>Com isso, o gestor busca um novo partido para chamar de seu e nesse quesito os di\u00e1logos est\u00e3o sendo mantidos. H\u00e1 quem diga que as conversas estariam avan\u00e7adas com o MDB, comandado no estado pela ex-governadora e atual deputada federal Roseana Sarney, e o PDT, que tem na diretriz a figura do senador Weverton Rocha, que recebeu apoio de Braide na sua disputa ao Governo do Maranh\u00e3o, em 2022, perdendo para o governador Carlos Brand\u00e3o (PSB).<br><br>Com a quase sa\u00edda do deputado federal Cleber Verde do Republicanos, Braide mant\u00e9m a sigla como uma poss\u00edvel alternativa vi\u00e1vel, caso n\u00e3o feche acordo ou com o MDB ou com o PDT.<\/p>\n","protected":false},"excerpt":{"rendered":"<p>Ainda est\u00e1 indefinido qual partido o prefeito de S\u00e3o Lu\u00eds, Eduardo Braide, se filiar\u00e1 ao deixar as hostes do PSD.<\/p>\n","protected":false},"author":2,"featured_media":31968,"comment_status":"open","ping_status":"open","sticky":false,"template":"","format":"standard","meta":{"colormag_page_container_layout":"default_layout","colormag_page_sidebar_layout":"default_layout","_jetpack_memberships_contains_paid_content":false,"footnotes":""},"categories":[2],"tags":[],"class_list":["post-31969","post","type-post","status-publish","format-standard","has-post-thumbnail","hentry","category-noticias"],"magazineBlocksPostFeaturedMedia":{"thumbnail":false,"medium":false,"medium_large":false,"large":false,"1536x1536":false,"2048x2048":false,"colormag-highlighted-post":false,"colormag-featured-post-medium":false,"colormag-featured-post-small":false,"colormag-featured-image":false,"colormag-default-news":false,"colormag-featured-image-large":false},"magazineBlocksPostAuthor":{"name":"maranhaotv","avatar":"https:\/\/secure.gravatar.com\/avatar\/8fadbca458d4cb68b1dd399ae9a40618d747bb1af65ac9fad21c89220a143eb4?s=96&d=mm&r=g"},"magazineBlocksPostCommentsNumber":"0","magazineBlocksPostExcerpt":"Ainda est\u00e1 indefinido qual partido o prefeito de S\u00e3o Lu\u00eds, Eduardo Braide, se filiar\u00e1 ao deixar as hostes do PSD.","magazineBlocksPostCategories":["not\u00edcias"],"magazineBlocksPostViewCount":209,"magazineBlocksPostReadTime":2,"magazine_blocks_featured_image_url":{"full":false,"medium":false,"thumbnail":false},"magazine_blocks_author":{"display_name":"maranhaotv","author_link":"https:\/\/maranhaotv.com.br\/index.php\/author\/maranhaotv\/"},"magazine_blocks_comment":0,"magazine_blocks_author_image":"https:\/\/secure.gravatar.com\/avatar\/8fadbca458d4cb68b1dd399ae9a40618d747bb1af65ac9fad21c89220a143eb4?s=96&d=mm&r=g","magazine_blocks_category":"<a href=\"#\" class=\"category-link category-link-2\">not\u00edcias<\/a>","jetpack_featured_media_url":"","jetpack_sharing_enabled":true,"_links":{"self":[{"href":"https:\/\/maranhaotv.com.br\/index.php\/wp-json\/wp\/v2\/posts\/31969","targetHints":{"allow":["GET"]}}],"collection":[{"href":"https:\/\/maranhaotv.com.br\/index.php\/wp-json\/wp\/v2\/posts"}],"about":[{"href":"https:\/\/maranhaotv.com.br\/index.php\/wp-json\/wp\/v2\/types\/post"}],"author":[{"embeddable":true,"href":"https:\/\/maranhaotv.com.br\/index.php\/wp-json\/wp\/v2\/users\/2"}],"replies":[{"embeddable":true,"href":"https:\/\/maranhaotv.com.br\/index.php\/wp-json\/wp\/v2\/comments?post=31969"}],"version-history":[{"count":0,"href":"https:\/\/maranhaotv.com.br\/index.php\/wp-json\/wp\/v2\/posts\/31969\/revisions"}],"wp:featuredmedia":[{"embeddable":true,"href":"https:\/\/maranhaotv.com.br\/index.php\/wp-json\/"}],"wp:attachment":[{"href":"https:\/\/maranhaotv.com.br\/index.php\/wp-json\/wp\/v2\/media?parent=31969"}],"wp:term":[{"taxonomy":"category","embeddable":true,"href":"https:\/\/maranhaotv.com.br\/index.php\/wp-json\/wp\/v2\/categories?post=31969"},{"taxonomy":"post_tag","embeddable":true,"href":"https:\/\/maranhaotv.com.br\/index.php\/wp-json\/wp\/v2\/tags?post=31969"}],"curies":[{"name":"wp","href":"https:\/\/api.w.org\/{rel}","templated":true}]}}