{"id":32371,"date":"2023-07-18T17:39:01","date_gmt":"2023-07-18T20:39:01","guid":{"rendered":"https:\/\/maranhaotv.com.br\/?p=32371"},"modified":"2023-07-18T17:39:01","modified_gmt":"2023-07-18T20:39:01","slug":"eleicoes-2024-nova-pesquisa-atualiza-cenario-eleitoral-para-sao-luis","status":"publish","type":"post","link":"https:\/\/maranhaotv.com.br\/index.php\/2023\/07\/18\/eleicoes-2024-nova-pesquisa-atualiza-cenario-eleitoral-para-sao-luis\/","title":{"rendered":"Elei\u00e7\u00f5es 2024: Nova pesquisa atualiza cen\u00e1rio eleitoral para S\u00e3o Lu\u00eds"},"content":{"rendered":"\n<p><br \/><br \/><br \/>Uma nova pesquisa sobre a disputa pelo comando da Prefeitura de S\u00e3o Lu\u00eds, realizada pela Completa Pesquisas de Opini\u00e3o, atestou cen\u00e1rio de segundo turno no pleito de 2024 na capital maranhense.<br \/>Os n\u00fameros do levantamento confirmam tend\u00eancia j\u00e1 mostrada pela Estrat\u00e9gia Pesquisas de Opini\u00e3o (EPO), antigo Instituto Escutec, e Instituto Econom\u00e9trica, cujos resultados foram divulgados no m\u00eas de junho.<br \/>De acordo com a Completa, no cen\u00e1rio estimulado (aquele no qual \u00e9 apresentado ao eleitor os nomes dos pr\u00e9-candidatos), o resultado foi o seguinte: Eduardo Braide (31,1%); Duarte J\u00fanior (18,5%); Edivaldo Holanda J\u00fanior (13,8%); Neto Evangelista (9,1%); Wellington do Curso (5,4%); Paulo Victor (5,2%); Dr. Ygl\u00e9sio (4,7%); Carlos Lula (4,3%). Brancos ou nulos 4% e 3,9% n\u00e3o souberam ou n\u00e3o responderam.<br \/>O resultado, se comparado com os outros dois levantamentos, atesta manuten\u00e7\u00e3o das tr\u00eas primeiras posi\u00e7\u00f5es \u2013 com Braide liderando e Duarte e Edivaldo polarizando na segunda posi\u00e7\u00e3o \u2013 com crescimento para Paulo Victor, Lula e Ygl\u00e9sio.<br \/>No cen\u00e1rio espont\u00e2neo (aquele que n\u00e3o \u00e9 apresentado ao eleitor o nome do pr\u00e9-candidato), o resultado foi: Braide (18,2%); Duarte (5,4%); Edivaldo (3,8%); Evangelista (1,8%). Os demais pr\u00e9-candidatos n\u00e3o chegaram a 1%. Outros 2,2%. 7,8% brancos ou nulos.<br \/>58,9% n\u00e3o souberam ou n\u00e3o responderam.<br \/>Rejei\u00e7\u00e3o \u2013 No quesito rejei\u00e7\u00e3o, os l\u00edderes, de acordo com o levantamento, s\u00e3o Edivaldo Holanda J\u00fanior e Eduardo Braide, com 16,7% e 16%, respectivamente.<br \/>Eles s\u00e3o seguidos por Wellington do Curso (11,1%); Neto Evangelista (7,8%); Carlos Lula (7,6%); Duarte J\u00fanior (6,8%); Paulo Victor (6,7%); Dr. Ygl\u00e9sio (4,9%). N\u00e3o rejeito nenhum 10,2%; 12,2% n\u00e3o souberam ou n\u00e3o responderam.<br \/>Foram entrevistados 975 eleitores.<br \/>O levantamento tem margem de erro de 3%, para mais ou para menos.<\/p>\n\n\n\n<figure class=\"wp-block-image size-large\"><img decoding=\"async\" src=\"https:\/\/maranhaotv.com.br\/wp-content\/uploads\/2023\/07\/IMG-20230718-WA0313-300x192.jpg\" alt=\"\" class=\"wp-image-32373\"\/><\/figure>\n","protected":false},"excerpt":{"rendered":"<p>Uma nova pesquisa sobre a disputa pelo comando da Prefeitura de S\u00e3o Lu\u00eds, realizada pela Completa Pesquisas de Opini\u00e3o, atestou<\/p>\n","protected":false},"author":2,"featured_media":32374,"comment_status":"open","ping_status":"open","sticky":false,"template":"","format":"standard","meta":{"colormag_page_container_layout":"default_layout","colormag_page_sidebar_layout":"default_layout","_jetpack_memberships_contains_paid_content":false,"footnotes":""},"categories":[6],"tags":[],"class_list":["post-32371","post","type-post","status-publish","format-standard","has-post-thumbnail","hentry","category-politica"],"magazineBlocksPostFeaturedMedia":{"thumbnail":false,"medium":false,"medium_large":false,"large":false,"1536x1536":false,"2048x2048":false,"colormag-highlighted-post":false,"colormag-featured-post-medium":false,"colormag-featured-post-small":false,"colormag-featured-image":false,"colormag-default-news":false,"colormag-featured-image-large":false},"magazineBlocksPostAuthor":{"name":"maranhaotv","avatar":"https:\/\/secure.gravatar.com\/avatar\/8fadbca458d4cb68b1dd399ae9a40618d747bb1af65ac9fad21c89220a143eb4?s=96&d=mm&r=g"},"magazineBlocksPostCommentsNumber":"0","magazineBlocksPostExcerpt":"Uma nova pesquisa sobre a disputa pelo comando da Prefeitura de S\u00e3o Lu\u00eds, realizada pela Completa Pesquisas de Opini\u00e3o, atestou","magazineBlocksPostCategories":["pol\u00edtica"],"magazineBlocksPostViewCount":256,"magazineBlocksPostReadTime":2,"magazine_blocks_featured_image_url":{"full":false,"medium":false,"thumbnail":false},"magazine_blocks_author":{"display_name":"maranhaotv","author_link":"https:\/\/maranhaotv.com.br\/index.php\/author\/maranhaotv\/"},"magazine_blocks_comment":0,"magazine_blocks_author_image":"https:\/\/secure.gravatar.com\/avatar\/8fadbca458d4cb68b1dd399ae9a40618d747bb1af65ac9fad21c89220a143eb4?s=96&d=mm&r=g","magazine_blocks_category":"<a href=\"#\" class=\"category-link category-link-6\">pol\u00edtica<\/a>","jetpack_featured_media_url":"","jetpack_sharing_enabled":true,"_links":{"self":[{"href":"https:\/\/maranhaotv.com.br\/index.php\/wp-json\/wp\/v2\/posts\/32371","targetHints":{"allow":["GET"]}}],"collection":[{"href":"https:\/\/maranhaotv.com.br\/index.php\/wp-json\/wp\/v2\/posts"}],"about":[{"href":"https:\/\/maranhaotv.com.br\/index.php\/wp-json\/wp\/v2\/types\/post"}],"author":[{"embeddable":true,"href":"https:\/\/maranhaotv.com.br\/index.php\/wp-json\/wp\/v2\/users\/2"}],"replies":[{"embeddable":true,"href":"https:\/\/maranhaotv.com.br\/index.php\/wp-json\/wp\/v2\/comments?post=32371"}],"version-history":[{"count":0,"href":"https:\/\/maranhaotv.com.br\/index.php\/wp-json\/wp\/v2\/posts\/32371\/revisions"}],"wp:featuredmedia":[{"embeddable":true,"href":"https:\/\/maranhaotv.com.br\/index.php\/wp-json\/"}],"wp:attachment":[{"href":"https:\/\/maranhaotv.com.br\/index.php\/wp-json\/wp\/v2\/media?parent=32371"}],"wp:term":[{"taxonomy":"category","embeddable":true,"href":"https:\/\/maranhaotv.com.br\/index.php\/wp-json\/wp\/v2\/categories?post=32371"},{"taxonomy":"post_tag","embeddable":true,"href":"https:\/\/maranhaotv.com.br\/index.php\/wp-json\/wp\/v2\/tags?post=32371"}],"curies":[{"name":"wp","href":"https:\/\/api.w.org\/{rel}","templated":true}]}}