{"id":32396,"date":"2023-07-20T20:29:05","date_gmt":"2023-07-20T23:29:05","guid":{"rendered":"https:\/\/maranhaotv.com.br\/?p=32396"},"modified":"2023-07-20T20:29:05","modified_gmt":"2023-07-20T23:29:05","slug":"felipe-camarao-preside-reuniao-de-forum-do-regime-de-colaboracao-do-consed-com-foco-na-melhoria-e-qualidade-da-educacao-publica","status":"publish","type":"post","link":"https:\/\/maranhaotv.com.br\/index.php\/2023\/07\/20\/felipe-camarao-preside-reuniao-de-forum-do-regime-de-colaboracao-do-consed-com-foco-na-melhoria-e-qualidade-da-educacao-publica\/","title":{"rendered":"Felipe Camar\u00e3o preside reuni\u00e3o de F\u00f3rum do Regime de Colabora\u00e7\u00e3o do Consed, com foco na melhoria e qualidade da educa\u00e7\u00e3o p\u00fablica"},"content":{"rendered":"\n<p><br>O vice-governador e secret\u00e1rio de Estado da Educa\u00e7\u00e3o (Seduc), Felipe Camar\u00e3o, presidiu na tarde desta quinta-feira (20), a primeira reuni\u00e3o do F\u00f3rum de Regime de Colabora\u00e7\u00e3o do Conselho Nacional de Secret\u00e1rios de Educa\u00e7\u00e3o (Consed). O encontro que re\u00fane secret\u00e1rios de educa\u00e7\u00e3o de todo o pa\u00eds, tra\u00e7ou metas para a elabora\u00e7\u00e3o do plano de trabalho, al\u00e9m de definir cronograma e prazo para execu\u00e7\u00e3o das a\u00e7\u00f5es.<br><br>A iniciativa da Agenda da Aprendizagem do Consed possui apoio dos secret\u00e1rios Sandra Casimiro (AP), Alan Porto (MT) e Patr\u00edcia Lueders (SC). O Consed possibilita a troca de experi\u00eancias e busca solu\u00e7\u00f5es em conjunto para ampliar a colabora\u00e7\u00e3o entre secretarias, al\u00e9m de organizar frentes de trabalhos, integrar gestores e t\u00e9cnicos das redes, para solu\u00e7\u00f5es e compartilhar boas pr\u00e1ticas.<br><br>O vice-governador, secret\u00e1rio da Seduc e presidente do F\u00f3rum de Regime de Colabora\u00e7\u00e3o do Consed, Felipe Camar\u00e3o, afirmou que a reuni\u00e3o teve como foco a melhoria e a qualidade da educa\u00e7\u00e3o p\u00fablica.<br><br><strong><em>\u201cFizemos uma escuta qualificada com todos os t\u00e9cnicos, pegamos todas as demandas, como, por exemplo, transporte escolar, qualifica\u00e7\u00e3o de professores e o desafio da alfabetiza\u00e7\u00e3o na idade escolar. Iremos realizar o nosso plano de trabalho que ser\u00e1 aprovado pelo Consed, para realizar esse trabalho com o Governo Federal e Governos Municipais. O nosso objetivo \u00e9 alfabetizar todas as crian\u00e7as do Brasil que estejam em nossas escolas\u201d, relatou Felipe Camar\u00e3o.<\/em><\/strong><br><br>Foram compartilhados durante o encontro os dados do Censo, do Sistema de Avalia\u00e7\u00e3o da Educa\u00e7\u00e3o B\u00e1sica (Saeb), entre outras informa\u00e7\u00f5es importantes; alinhamento das pol\u00edticas estaduais com o Compromisso Nacional da Crian\u00e7a Alfabetizada, fortalecimento do transporte escolar e assist\u00eancia t\u00e9cnica para os planos estaduais e municipais de educa\u00e7\u00e3o.<br><br>Tamb\u00e9m foram citados a import\u00e2ncia da institui\u00e7\u00e3o do Sistema Nacional de Educa\u00e7\u00e3o; a implementa\u00e7\u00e3o do ICMS Educacional em todos os estados; a amplia\u00e7\u00e3o do engajamento de prefeitos e prefeitas nas pol\u00edticas de Educa\u00e7\u00e3o; e o estabelecimento de princ\u00edpios e diretrizes e de parceiros e colaboradores tanto governamentais quanto n\u00e3o governamentais.<br><br>Ao final da reuni\u00e3o, ficou acertado que at\u00e9 o dia 25 de agosto ser\u00e1 elaborado e aprovado o plano de trabalho do F\u00f3rum, com base na escuta dos t\u00e9cnicos e secret\u00e1rios. Em seguida, haver\u00e1 a defini\u00e7\u00e3o e a execu\u00e7\u00e3o do plano.<\/p>\n\n\n\n<figure class=\"wp-block-image size-large\"><img decoding=\"async\" src=\"https:\/\/maranhaotv.com.br\/wp-content\/uploads\/2023\/07\/IMG-20230720-WA0428-1024x683.jpg\" alt=\"\" class=\"wp-image-32394\"\/><\/figure>\n","protected":false},"excerpt":{"rendered":"<p>O vice-governador e secret\u00e1rio de Estado da Educa\u00e7\u00e3o (Seduc), Felipe Camar\u00e3o, presidiu na tarde desta quinta-feira (20), a primeira reuni\u00e3o<\/p>\n","protected":false},"author":2,"featured_media":32395,"comment_status":"open","ping_status":"open","sticky":false,"template":"","format":"standard","meta":{"colormag_page_container_layout":"default_layout","colormag_page_sidebar_layout":"default_layout","_jetpack_memberships_contains_paid_content":false,"footnotes":""},"categories":[2],"tags":[352],"class_list":["post-32396","post","type-post","status-publish","format-standard","has-post-thumbnail","hentry","category-noticias","tag-felipe-camarao"],"magazineBlocksPostFeaturedMedia":{"thumbnail":false,"medium":false,"medium_large":false,"large":false,"1536x1536":false,"2048x2048":false,"colormag-highlighted-post":false,"colormag-featured-post-medium":false,"colormag-featured-post-small":false,"colormag-featured-image":false,"colormag-default-news":false,"colormag-featured-image-large":false},"magazineBlocksPostAuthor":{"name":"maranhaotv","avatar":"https:\/\/secure.gravatar.com\/avatar\/8fadbca458d4cb68b1dd399ae9a40618d747bb1af65ac9fad21c89220a143eb4?s=96&d=mm&r=g"},"magazineBlocksPostCommentsNumber":"0","magazineBlocksPostExcerpt":"O vice-governador e secret\u00e1rio de Estado da Educa\u00e7\u00e3o (Seduc), Felipe Camar\u00e3o, presidiu na tarde desta quinta-feira (20), a primeira reuni\u00e3o","magazineBlocksPostCategories":["not\u00edcias"],"magazineBlocksPostViewCount":199,"magazineBlocksPostReadTime":3,"magazine_blocks_featured_image_url":{"full":false,"medium":false,"thumbnail":false},"magazine_blocks_author":{"display_name":"maranhaotv","author_link":"https:\/\/maranhaotv.com.br\/index.php\/author\/maranhaotv\/"},"magazine_blocks_comment":0,"magazine_blocks_author_image":"https:\/\/secure.gravatar.com\/avatar\/8fadbca458d4cb68b1dd399ae9a40618d747bb1af65ac9fad21c89220a143eb4?s=96&d=mm&r=g","magazine_blocks_category":"<a href=\"#\" class=\"category-link category-link-2\">not\u00edcias<\/a>","jetpack_featured_media_url":"","jetpack_sharing_enabled":true,"_links":{"self":[{"href":"https:\/\/maranhaotv.com.br\/index.php\/wp-json\/wp\/v2\/posts\/32396","targetHints":{"allow":["GET"]}}],"collection":[{"href":"https:\/\/maranhaotv.com.br\/index.php\/wp-json\/wp\/v2\/posts"}],"about":[{"href":"https:\/\/maranhaotv.com.br\/index.php\/wp-json\/wp\/v2\/types\/post"}],"author":[{"embeddable":true,"href":"https:\/\/maranhaotv.com.br\/index.php\/wp-json\/wp\/v2\/users\/2"}],"replies":[{"embeddable":true,"href":"https:\/\/maranhaotv.com.br\/index.php\/wp-json\/wp\/v2\/comments?post=32396"}],"version-history":[{"count":0,"href":"https:\/\/maranhaotv.com.br\/index.php\/wp-json\/wp\/v2\/posts\/32396\/revisions"}],"wp:featuredmedia":[{"embeddable":true,"href":"https:\/\/maranhaotv.com.br\/index.php\/wp-json\/"}],"wp:attachment":[{"href":"https:\/\/maranhaotv.com.br\/index.php\/wp-json\/wp\/v2\/media?parent=32396"}],"wp:term":[{"taxonomy":"category","embeddable":true,"href":"https:\/\/maranhaotv.com.br\/index.php\/wp-json\/wp\/v2\/categories?post=32396"},{"taxonomy":"post_tag","embeddable":true,"href":"https:\/\/maranhaotv.com.br\/index.php\/wp-json\/wp\/v2\/tags?post=32396"}],"curies":[{"name":"wp","href":"https:\/\/api.w.org\/{rel}","templated":true}]}}