{"id":32407,"date":"2023-07-21T13:38:25","date_gmt":"2023-07-21T16:38:25","guid":{"rendered":"https:\/\/maranhaotv.com.br\/?p=32407"},"modified":"2023-07-21T13:38:25","modified_gmt":"2023-07-21T16:38:25","slug":"raimundo-penha-vistoria-reforma-de-escolas-no-periodo-de-ferias","status":"publish","type":"post","link":"https:\/\/maranhaotv.com.br\/index.php\/2023\/07\/21\/raimundo-penha-vistoria-reforma-de-escolas-no-periodo-de-ferias\/","title":{"rendered":"Raimundo Penha vistoria reforma de escolas no per\u00edodo de f\u00e9rias<br>"},"content":{"rendered":"\n<p><br \/>O vereador Raimundo Penha intensificou neste m\u00eas de julho as vistorias nas escolas municipais de S\u00e3o Lu\u00eds. A inten\u00e7\u00e3o \u00e9 aproveitar o per\u00edodo das f\u00e9rias escolares para acompanhar os servi\u00e7os de reparos nas instala\u00e7\u00f5es f\u00edsicas de algumas unidades de ensino, para que, no retorno \u00e0s aulas em agosto, os estudantes tenham melhores condi\u00e7\u00f5es de aprendizagem.<br \/><br \/>\u201cDeste o in\u00edcio do nosso segundo mandato, em 2021, venho acompanhando de perto as condi\u00e7\u00f5es de ensino e aprendizagem na rede municipal, ouvindo a comunidade escolar e buscando melhorias junto \u00e0 Secretaria Municipal de Educa\u00e7\u00e3o. E \u00e9 o andamento dos servi\u00e7os que n\u00f3s requeremos que estamos verificando, nessas vistorias\u201d, justificou Raimundo Penha.<br \/><br \/>Nesta semana, Raimundo Penha visitou a Unidade de Ensino B\u00e1sico (UEB) Jos\u00e9 Rosa, no bairro do S\u00e3o Bernardo, onde j\u00e1 est\u00e3o sendo feitas algumas melhorias, mas h\u00e1 a necessidade de uma reforma geral. \u201cJ\u00e1 apresentamos um requerimento \u00e0 Semed para que a escola seja inclu\u00edda no programa de reforma geral, no final deste ano\u201d, informou o vereador.<br \/><br \/>A UEB Ana L\u00facia Chaves Fecury Anexo, na Vila Brasil, recebeu em janeiro interven\u00e7\u00f5es solicitadas pelo vereador. L\u00e1, segundo Raimundo Penha, al\u00e9m dos reparos j\u00e1 realizados, \u00e9 necess\u00e1rio instalar uma tela de prote\u00e7\u00e3o contra pombos, trocar calhas e reformar a sala da dire\u00e7\u00e3o, que est\u00e1 em condi\u00e7\u00f5es insalubres.<br \/><br \/>No anexo da UEB Mariana Pav\u00e3o, no Rio Anil, a unidade de educa\u00e7\u00e3o infantil precisa de reforma geral para que possa, inclusive, atender \u00e0 demanda por vagas. Atualmente, devido \u00e0s instala\u00e7\u00f5es f\u00edsicas deterioradas, a escola s\u00f3 tem funcionado no turno da manh\u00e3. \u201cEsse \u00e9 o momento prop\u00edcio para reformas, e neste caso, a adequa\u00e7\u00e3o do pr\u00e9dio vai garantir que mais crian\u00e7as sejam matriculadas\u201d, acrescentou o vereador.<br \/><br \/>Outras escolas municipais t\u00eam sido acompanhadas pelo vereador, a UEB Lu\u00eds Viana e o CIEP Miguel Lins, no bairro da Alemanha, e a UEB Neiva Moreira, no Bequim\u00e3o. \u201cEstudei em escola p\u00fablica, sou servidor p\u00fablico municipal concursado e j\u00e1 fui lotado na UEB Leonel Brizola, portanto conhe\u00e7o de perto as dificuldades enfrentadas pela comunidade. Por tudo isso, cumpro o meu dever, como parlamentar e cidad\u00e3o, em buscar construir solu\u00e7\u00f5es e garantir melhorias para as escolas municipais\u201d, finalizou Raimundo Penha.<\/p>\n\n\n\n<figure class=\"wp-block-image size-large\"><img decoding=\"async\" src=\"https:\/\/maranhaotv.com.br\/wp-content\/uploads\/2023\/07\/IMG-20230721-WA0399-300x200.jpg\" alt=\"\" class=\"wp-image-32405\"\/><\/figure>\n\n\n\n<figure class=\"wp-block-image size-large\"><img decoding=\"async\" src=\"https:\/\/maranhaotv.com.br\/wp-content\/uploads\/2023\/07\/IMG-20230721-WA0404-300x200.jpg\" alt=\"\" class=\"wp-image-32409\"\/><\/figure>\n","protected":false},"excerpt":{"rendered":"<p>O vereador Raimundo Penha intensificou neste m\u00eas de julho as vistorias nas escolas municipais de S\u00e3o Lu\u00eds. A inten\u00e7\u00e3o \u00e9<\/p>\n","protected":false},"author":2,"featured_media":32406,"comment_status":"open","ping_status":"open","sticky":false,"template":"","format":"standard","meta":{"colormag_page_container_layout":"default_layout","colormag_page_sidebar_layout":"default_layout","_jetpack_memberships_contains_paid_content":false,"footnotes":""},"categories":[2],"tags":[],"class_list":["post-32407","post","type-post","status-publish","format-standard","has-post-thumbnail","hentry","category-noticias"],"magazineBlocksPostFeaturedMedia":{"thumbnail":false,"medium":false,"medium_large":false,"large":false,"1536x1536":false,"2048x2048":false,"colormag-highlighted-post":false,"colormag-featured-post-medium":false,"colormag-featured-post-small":false,"colormag-featured-image":false,"colormag-default-news":false,"colormag-featured-image-large":false},"magazineBlocksPostAuthor":{"name":"maranhaotv","avatar":"https:\/\/secure.gravatar.com\/avatar\/8fadbca458d4cb68b1dd399ae9a40618d747bb1af65ac9fad21c89220a143eb4?s=96&d=mm&r=g"},"magazineBlocksPostCommentsNumber":"0","magazineBlocksPostExcerpt":"O vereador Raimundo Penha intensificou neste m\u00eas de julho as vistorias nas escolas municipais de S\u00e3o Lu\u00eds. A inten\u00e7\u00e3o \u00e9","magazineBlocksPostCategories":["not\u00edcias"],"magazineBlocksPostViewCount":171,"magazineBlocksPostReadTime":2,"magazine_blocks_featured_image_url":{"full":false,"medium":false,"thumbnail":false},"magazine_blocks_author":{"display_name":"maranhaotv","author_link":"https:\/\/maranhaotv.com.br\/index.php\/author\/maranhaotv\/"},"magazine_blocks_comment":0,"magazine_blocks_author_image":"https:\/\/secure.gravatar.com\/avatar\/8fadbca458d4cb68b1dd399ae9a40618d747bb1af65ac9fad21c89220a143eb4?s=96&d=mm&r=g","magazine_blocks_category":"<a href=\"#\" class=\"category-link category-link-2\">not\u00edcias<\/a>","jetpack_featured_media_url":"","jetpack_sharing_enabled":true,"_links":{"self":[{"href":"https:\/\/maranhaotv.com.br\/index.php\/wp-json\/wp\/v2\/posts\/32407","targetHints":{"allow":["GET"]}}],"collection":[{"href":"https:\/\/maranhaotv.com.br\/index.php\/wp-json\/wp\/v2\/posts"}],"about":[{"href":"https:\/\/maranhaotv.com.br\/index.php\/wp-json\/wp\/v2\/types\/post"}],"author":[{"embeddable":true,"href":"https:\/\/maranhaotv.com.br\/index.php\/wp-json\/wp\/v2\/users\/2"}],"replies":[{"embeddable":true,"href":"https:\/\/maranhaotv.com.br\/index.php\/wp-json\/wp\/v2\/comments?post=32407"}],"version-history":[{"count":0,"href":"https:\/\/maranhaotv.com.br\/index.php\/wp-json\/wp\/v2\/posts\/32407\/revisions"}],"wp:featuredmedia":[{"embeddable":true,"href":"https:\/\/maranhaotv.com.br\/index.php\/wp-json\/"}],"wp:attachment":[{"href":"https:\/\/maranhaotv.com.br\/index.php\/wp-json\/wp\/v2\/media?parent=32407"}],"wp:term":[{"taxonomy":"category","embeddable":true,"href":"https:\/\/maranhaotv.com.br\/index.php\/wp-json\/wp\/v2\/categories?post=32407"},{"taxonomy":"post_tag","embeddable":true,"href":"https:\/\/maranhaotv.com.br\/index.php\/wp-json\/wp\/v2\/tags?post=32407"}],"curies":[{"name":"wp","href":"https:\/\/api.w.org\/{rel}","templated":true}]}}