{"id":32414,"date":"2023-07-22T10:16:55","date_gmt":"2023-07-22T13:16:55","guid":{"rendered":"https:\/\/maranhaotv.com.br\/?p=32414"},"modified":"2023-07-22T10:16:55","modified_gmt":"2023-07-22T13:16:55","slug":"prefeita-paula-azevedo-representa-paco-do-lumiar-na-solenidade-de-posse-do-novo-superintendente-estadual-do-ministerio-da-saude-no-maranhao-glinoel-garreto","status":"publish","type":"post","link":"https:\/\/maranhaotv.com.br\/index.php\/2023\/07\/22\/prefeita-paula-azevedo-representa-paco-do-lumiar-na-solenidade-de-posse-do-novo-superintendente-estadual-do-ministerio-da-saude-no-maranhao-glinoel-garreto\/","title":{"rendered":"Prefeita Paula Azevedo representa Pa\u00e7o do Lumiar na solenidade de posse do novo superintendente estadual do Minist\u00e9rio da Sa\u00fade no Maranh\u00e3o, Glinoel Garreto"},"content":{"rendered":"\n<p><br>S\u00c3O LU\u00cdS \u2013 A Prefeita Paula Azevedo representou o munic\u00edpio de Pa\u00e7o do Lumiar, na manh\u00e3 desta sexta-feira (21), na Cerim\u00f4nia de Posse do novo Superintendente Estadual do Minist\u00e9rio da Sa\u00fade no Maranh\u00e3o Glinoel Oliveira Garreto, em solenidade realizada no Audit\u00f3rio da Superintend\u00eancia Estadual de Sa\u00fade, \u00e0 Avenida Carlos Cunha, N\u00ba 3.000, Jaracaty Shopping.<br>O novo Superintendente da Sa\u00fade no Maranh\u00e3o \u00e9 formado em Economia pela Universidade Federal do Maranh\u00e3o (UFMA), \u00e9 membro da executiva estadual do PCdoB e foi secret\u00e1rio adjunto da Secretaria de Estado das Cidades (SECID). Glinoel Garreto tamb\u00e9m \u00e9 aliado do deputado federal M\u00e1rcio Jerry (PCdoB) e do ex-governador e ministro da Justi\u00e7a Fl\u00e1vio Dino (PSB).<br>Presentes tamb\u00e9m na cerim\u00f4nia, o vice-presidente da Assembleia Legislativa do Maranh\u00e3o, Rodrigo Lago; o deputado federal M\u00e1rcio Jerry, al\u00e9m de outros prefeitos, deputados e vereadores de munic\u00edpios maranhenses. A prefeita Paula Azevedo parabenizou o novo superintendente, desejando um trabalho de sucesso e muitas conquistas para todo o Estado.<br>\u201cTemos avan\u00e7ando com o cuidado da nossa gente, com muitos programas e projetos na \u00e1rea da Sa\u00fade, com reformas e novas obras em todas as regi\u00f5es de Pa\u00e7o do Lumiar. Desejo muito sucesso ao novo superintendente da Sa\u00fade no Maranh\u00e3o, e que n\u00e3o s\u00f3 Pa\u00e7o do Lumiar, mas todos os munic\u00edpios possam experimentar a amplia\u00e7\u00e3o das a\u00e7\u00f5es de Sa\u00fade. Parab\u00e9ns Glinoel Garreto\u201d, disse a prefeita Paula Azevedo.<br>O novo superintendente agradeceu a todas as autoridades presentes o incentivo e for\u00e7a nesse momento. Destacou o avan\u00e7o das pol\u00edticas p\u00fablicas em Sa\u00fade com o atual governo e o cuidado especial com a \u2018Aten\u00e7\u00e3o Prim\u00e1ria\u2019 nos mais de 5 mil munic\u00edpios brasileiros. \u201cO Minist\u00e9rio est\u00e1 de m\u00e3os dadas com a Sa\u00fade dos munic\u00edpios. Queremos tornar o SUS cada vez mais forte e atuante em todas as regi\u00f5es do Maranh\u00e3o\u201d, ressaltou Glinoel Garreto.<\/p>\n\n\n\n<figure class=\"wp-block-image size-large\"><img decoding=\"async\" src=\"https:\/\/maranhaotv.com.br\/wp-content\/uploads\/2023\/07\/IMG-20230722-WA0167-300x251.jpg\" alt=\"\" class=\"wp-image-32411\"\/><\/figure>\n\n\n\n<figure class=\"wp-block-image size-large\"><img decoding=\"async\" src=\"https:\/\/maranhaotv.com.br\/wp-content\/uploads\/2023\/07\/IMG-20230722-WA0168-300x251.jpg\" alt=\"\" class=\"wp-image-32412\"\/><\/figure>\n","protected":false},"excerpt":{"rendered":"<p>S\u00c3O LU\u00cdS \u2013 A Prefeita Paula Azevedo representou o munic\u00edpio de Pa\u00e7o do Lumiar, na manh\u00e3 desta sexta-feira (21), na<\/p>\n","protected":false},"author":2,"featured_media":32413,"comment_status":"open","ping_status":"open","sticky":false,"template":"","format":"standard","meta":{"colormag_page_container_layout":"default_layout","colormag_page_sidebar_layout":"default_layout","_jetpack_memberships_contains_paid_content":false,"footnotes":""},"categories":[8],"tags":[],"class_list":["post-32414","post","type-post","status-publish","format-standard","has-post-thumbnail","hentry","category-servicos"],"magazineBlocksPostFeaturedMedia":{"thumbnail":false,"medium":false,"medium_large":false,"large":false,"1536x1536":false,"2048x2048":false,"colormag-highlighted-post":false,"colormag-featured-post-medium":false,"colormag-featured-post-small":false,"colormag-featured-image":false,"colormag-default-news":false,"colormag-featured-image-large":false},"magazineBlocksPostAuthor":{"name":"maranhaotv","avatar":"https:\/\/secure.gravatar.com\/avatar\/8fadbca458d4cb68b1dd399ae9a40618d747bb1af65ac9fad21c89220a143eb4?s=96&d=mm&r=g"},"magazineBlocksPostCommentsNumber":"0","magazineBlocksPostExcerpt":"S\u00c3O LU\u00cdS \u2013 A Prefeita Paula Azevedo representou o munic\u00edpio de Pa\u00e7o do Lumiar, na manh\u00e3 desta sexta-feira (21), na","magazineBlocksPostCategories":["servi\u00e7os"],"magazineBlocksPostViewCount":229,"magazineBlocksPostReadTime":2,"magazine_blocks_featured_image_url":{"full":false,"medium":false,"thumbnail":false},"magazine_blocks_author":{"display_name":"maranhaotv","author_link":"https:\/\/maranhaotv.com.br\/index.php\/author\/maranhaotv\/"},"magazine_blocks_comment":0,"magazine_blocks_author_image":"https:\/\/secure.gravatar.com\/avatar\/8fadbca458d4cb68b1dd399ae9a40618d747bb1af65ac9fad21c89220a143eb4?s=96&d=mm&r=g","magazine_blocks_category":"<a href=\"#\" class=\"category-link category-link-8\">servi\u00e7os<\/a>","jetpack_featured_media_url":"","jetpack_sharing_enabled":true,"_links":{"self":[{"href":"https:\/\/maranhaotv.com.br\/index.php\/wp-json\/wp\/v2\/posts\/32414","targetHints":{"allow":["GET"]}}],"collection":[{"href":"https:\/\/maranhaotv.com.br\/index.php\/wp-json\/wp\/v2\/posts"}],"about":[{"href":"https:\/\/maranhaotv.com.br\/index.php\/wp-json\/wp\/v2\/types\/post"}],"author":[{"embeddable":true,"href":"https:\/\/maranhaotv.com.br\/index.php\/wp-json\/wp\/v2\/users\/2"}],"replies":[{"embeddable":true,"href":"https:\/\/maranhaotv.com.br\/index.php\/wp-json\/wp\/v2\/comments?post=32414"}],"version-history":[{"count":0,"href":"https:\/\/maranhaotv.com.br\/index.php\/wp-json\/wp\/v2\/posts\/32414\/revisions"}],"wp:featuredmedia":[{"embeddable":true,"href":"https:\/\/maranhaotv.com.br\/index.php\/wp-json\/"}],"wp:attachment":[{"href":"https:\/\/maranhaotv.com.br\/index.php\/wp-json\/wp\/v2\/media?parent=32414"}],"wp:term":[{"taxonomy":"category","embeddable":true,"href":"https:\/\/maranhaotv.com.br\/index.php\/wp-json\/wp\/v2\/categories?post=32414"},{"taxonomy":"post_tag","embeddable":true,"href":"https:\/\/maranhaotv.com.br\/index.php\/wp-json\/wp\/v2\/tags?post=32414"}],"curies":[{"name":"wp","href":"https:\/\/api.w.org\/{rel}","templated":true}]}}