{"id":32417,"date":"2023-07-22T11:02:13","date_gmt":"2023-07-22T14:02:13","guid":{"rendered":"https:\/\/maranhaotv.com.br\/?p=32417"},"modified":"2023-07-22T11:02:13","modified_gmt":"2023-07-22T14:02:13","slug":"lei-de-autoria-de-carlos-lula-torna-obrigatoria-a-criacao-de-politicas-eficazes-para-criancas-no-maranhao","status":"publish","type":"post","link":"https:\/\/maranhaotv.com.br\/index.php\/2023\/07\/22\/lei-de-autoria-de-carlos-lula-torna-obrigatoria-a-criacao-de-politicas-eficazes-para-criancas-no-maranhao\/","title":{"rendered":"Lei de autoria de Carlos Lula torna obrigat\u00f3ria a cria\u00e7\u00e3o de pol\u00edticas eficazes para crian\u00e7as no Maranh\u00e3o"},"content":{"rendered":"\n<p><br><br>Est\u00e1 em vigor a lei n\u00ba 11.984\/2023, de autoria do deputado estadual Carlos Lula (PSB), que estabelece a Pol\u00edtica Estadual Integrada pela Primeira Inf\u00e2ncia no Maranh\u00e3o. A cria\u00e7\u00e3o da nova legisla\u00e7\u00e3o vai exigir dos poderes executivos, legislativo e judici\u00e1rio melhorias na garantia e no fortalecimento de pol\u00edticas p\u00fablicas voltadas para os pequenos maranhenses, com at\u00e9 6 anos de idade. <br><br>Segundo o parlamentar, a lei n\u00ba 11.984\/2023 existe, principalmente, para o enfrentamento de problemas hist\u00f3ricos no estado. \u201cOs problemas da falta de creches, da mortalidade infantil, da inseguran\u00e7a alimentar n\u00e3o s\u00e3o atuais. A situa\u00e7\u00e3o do estado \u00e9 muito desigual porque cada gestor desenvolve a pr\u00f3pria estrat\u00e9gia, mas tamb\u00e9m h\u00e1 quem n\u00e3o encare o problema das nossas crian\u00e7as com real comprometimento. Elas estavam sendo relegadas. A lei vai exigir o envolvimento de todos os \u00f3rg\u00e3os e a implanta\u00e7\u00e3o de pol\u00edticas eficientes para enfrentar problemas hist\u00f3ricos\u201d, esclarece Carlos Lula.<br><br>Segundo relat\u00f3rio do Fundo das Na\u00e7\u00f5es Unidas para a Inf\u00e2ncia (UNICEF), 94% das crian\u00e7as no Maranh\u00e3o vivem em situa\u00e7\u00e3o de pobreza. Elas est\u00e3o inseridas em fam\u00edlias de baixa renda, sem acesso \u00e0 educa\u00e7\u00e3o e ao saneamento b\u00e1sico. Essas condi\u00e7\u00f5es aumentam o risco de viol\u00eancia e viola\u00e7\u00e3o de direitos.<br><br>No m\u00eas de junho, a cidade de Igarap\u00e9 do Meio registrou o caso de um beb\u00ea que chegou ao hospital municipal sem vida, com suspeitas de maus-tratos e abuso sexual. \u201cO retrato do estado para com nossas crian\u00e7as \u00e9 muito grave. \u00c9 cruel e at\u00e9 rotineira as not\u00edcias de crian\u00e7as violadas sexualmente. Embora n\u00e3o tenhamos muitas manchetes, a fome e a desnutri\u00e7\u00e3o tamb\u00e9m s\u00e3o realidades das quais precisamos encarar de verdade\u201d, destacou o deputado estadual. <br><br>A Pol\u00edtica Estadual Integrada pela Primeira Inf\u00e2ncia no Maranh\u00e3o estabelece que sa\u00fade, educa\u00e7\u00e3o infantil, seguran\u00e7a alimentar, assist\u00eancia social, acesso \u00e0 cultura, seguran\u00e7a e prote\u00e7\u00e3o, conviv\u00eancia familiar e comunit\u00e1ria, erradica\u00e7\u00e3o da pobreza e direitos humanos tenham prioridade.<br><br>\u201cH\u00e1 iniciativas exemplares boas do poder p\u00fablico, como o Programa do Leite e o Restaurante Popular, todavia no Maranh\u00e3o ainda tem muita crian\u00e7a invis\u00edvel do ponto de vista das pol\u00edticas p\u00fablicas locais, sejam elas moradoras do sub\u00farbio de S\u00e3o Lu\u00eds ou de um povoado no interior. N\u00f3s precis\u00e1vamos de uma lei e agora temos. Uma lei que garante que a primeira inf\u00e2ncia seja valorizada e protegida como pol\u00edtica de estado, estruturada e permanente\u201d, concluiu.<\/p>\n","protected":false},"excerpt":{"rendered":"<p>Est\u00e1 em vigor a lei n\u00ba 11.984\/2023, de autoria do deputado estadual Carlos Lula (PSB), que estabelece a Pol\u00edtica Estadual<\/p>\n","protected":false},"author":2,"featured_media":32416,"comment_status":"open","ping_status":"open","sticky":false,"template":"","format":"standard","meta":{"colormag_page_container_layout":"default_layout","colormag_page_sidebar_layout":"default_layout","_jetpack_memberships_contains_paid_content":false,"footnotes":""},"categories":[2],"tags":[],"class_list":["post-32417","post","type-post","status-publish","format-standard","has-post-thumbnail","hentry","category-noticias"],"magazineBlocksPostFeaturedMedia":{"thumbnail":false,"medium":false,"medium_large":false,"large":false,"1536x1536":false,"2048x2048":false,"colormag-highlighted-post":false,"colormag-featured-post-medium":false,"colormag-featured-post-small":false,"colormag-featured-image":false,"colormag-default-news":false,"colormag-featured-image-large":false},"magazineBlocksPostAuthor":{"name":"maranhaotv","avatar":"https:\/\/secure.gravatar.com\/avatar\/8fadbca458d4cb68b1dd399ae9a40618d747bb1af65ac9fad21c89220a143eb4?s=96&d=mm&r=g"},"magazineBlocksPostCommentsNumber":"0","magazineBlocksPostExcerpt":"Est\u00e1 em vigor a lei n\u00ba 11.984\/2023, de autoria do deputado estadual Carlos Lula (PSB), que estabelece a Pol\u00edtica Estadual","magazineBlocksPostCategories":["not\u00edcias"],"magazineBlocksPostViewCount":250,"magazineBlocksPostReadTime":3,"magazine_blocks_featured_image_url":{"full":false,"medium":false,"thumbnail":false},"magazine_blocks_author":{"display_name":"maranhaotv","author_link":"https:\/\/maranhaotv.com.br\/index.php\/author\/maranhaotv\/"},"magazine_blocks_comment":0,"magazine_blocks_author_image":"https:\/\/secure.gravatar.com\/avatar\/8fadbca458d4cb68b1dd399ae9a40618d747bb1af65ac9fad21c89220a143eb4?s=96&d=mm&r=g","magazine_blocks_category":"<a href=\"#\" class=\"category-link category-link-2\">not\u00edcias<\/a>","jetpack_featured_media_url":"","jetpack_sharing_enabled":true,"_links":{"self":[{"href":"https:\/\/maranhaotv.com.br\/index.php\/wp-json\/wp\/v2\/posts\/32417","targetHints":{"allow":["GET"]}}],"collection":[{"href":"https:\/\/maranhaotv.com.br\/index.php\/wp-json\/wp\/v2\/posts"}],"about":[{"href":"https:\/\/maranhaotv.com.br\/index.php\/wp-json\/wp\/v2\/types\/post"}],"author":[{"embeddable":true,"href":"https:\/\/maranhaotv.com.br\/index.php\/wp-json\/wp\/v2\/users\/2"}],"replies":[{"embeddable":true,"href":"https:\/\/maranhaotv.com.br\/index.php\/wp-json\/wp\/v2\/comments?post=32417"}],"version-history":[{"count":0,"href":"https:\/\/maranhaotv.com.br\/index.php\/wp-json\/wp\/v2\/posts\/32417\/revisions"}],"wp:featuredmedia":[{"embeddable":true,"href":"https:\/\/maranhaotv.com.br\/index.php\/wp-json\/"}],"wp:attachment":[{"href":"https:\/\/maranhaotv.com.br\/index.php\/wp-json\/wp\/v2\/media?parent=32417"}],"wp:term":[{"taxonomy":"category","embeddable":true,"href":"https:\/\/maranhaotv.com.br\/index.php\/wp-json\/wp\/v2\/categories?post=32417"},{"taxonomy":"post_tag","embeddable":true,"href":"https:\/\/maranhaotv.com.br\/index.php\/wp-json\/wp\/v2\/tags?post=32417"}],"curies":[{"name":"wp","href":"https:\/\/api.w.org\/{rel}","templated":true}]}}