{"id":32442,"date":"2023-07-26T09:20:30","date_gmt":"2023-07-26T12:20:30","guid":{"rendered":"https:\/\/maranhaotv.com.br\/?p=32442"},"modified":"2023-07-26T09:20:30","modified_gmt":"2023-07-26T12:20:30","slug":"pesquisa-gestao-calvet-filho-em-rosario-e-desaprovada-por-mais-de-64-da-populacao","status":"publish","type":"post","link":"https:\/\/maranhaotv.com.br\/index.php\/2023\/07\/26\/pesquisa-gestao-calvet-filho-em-rosario-e-desaprovada-por-mais-de-64-da-populacao\/","title":{"rendered":"Pesquisa: Gest\u00e3o Calvet Filho em Ros\u00e1rio \u00e9 desaprovada por mais de 64% da popula\u00e7\u00e3o"},"content":{"rendered":"\n<p><br>Pesquisa realizada pela empresa Solu\u00e7\u00e3o Consultoria, divulgada pelo blog do\u00a0Neto Cruz, ontem, atestou que \u00e9 estratosf\u00e9rica a rejei\u00e7\u00e3o do prefeito Calvet Filho, do munic\u00edpio de Ros\u00e1rio, que tentar\u00e1 renovar o mandato ano que vem.<br><br>Foram ouvidos, no \u00faltimo fim de semana, 211 moradores da cidade, os quais foram questionados sobre a aprova\u00e7\u00e3o e desaprova\u00e7\u00e3o do governo municipal.<br><br>64,9% disseram desaprovar a gest\u00e3o do evang\u00e9lico e apoiador do ex-presidente Jair Bolsonaro.<br><br>Glaucio Ericeira<\/p>\n","protected":false},"excerpt":{"rendered":"<p>Pesquisa realizada pela empresa Solu\u00e7\u00e3o Consultoria, divulgada pelo blog do\u00a0Neto Cruz, ontem, atestou que \u00e9 estratosf\u00e9rica a rejei\u00e7\u00e3o do prefeito<\/p>\n","protected":false},"author":2,"featured_media":32441,"comment_status":"open","ping_status":"open","sticky":false,"template":"","format":"standard","meta":{"colormag_page_container_layout":"default_layout","colormag_page_sidebar_layout":"default_layout","_jetpack_memberships_contains_paid_content":false,"footnotes":""},"categories":[2],"tags":[],"class_list":["post-32442","post","type-post","status-publish","format-standard","has-post-thumbnail","hentry","category-noticias"],"magazineBlocksPostFeaturedMedia":{"thumbnail":false,"medium":false,"medium_large":false,"large":false,"1536x1536":false,"2048x2048":false,"colormag-highlighted-post":false,"colormag-featured-post-medium":false,"colormag-featured-post-small":false,"colormag-featured-image":false,"colormag-default-news":false,"colormag-featured-image-large":false},"magazineBlocksPostAuthor":{"name":"maranhaotv","avatar":"https:\/\/secure.gravatar.com\/avatar\/8fadbca458d4cb68b1dd399ae9a40618d747bb1af65ac9fad21c89220a143eb4?s=96&d=mm&r=g"},"magazineBlocksPostCommentsNumber":"0","magazineBlocksPostExcerpt":"Pesquisa realizada pela empresa Solu\u00e7\u00e3o Consultoria, divulgada pelo blog do\u00a0Neto Cruz, ontem, atestou que \u00e9 estratosf\u00e9rica a rejei\u00e7\u00e3o do prefeito","magazineBlocksPostCategories":["not\u00edcias"],"magazineBlocksPostViewCount":242,"magazineBlocksPostReadTime":1,"magazine_blocks_featured_image_url":{"full":false,"medium":false,"thumbnail":false},"magazine_blocks_author":{"display_name":"maranhaotv","author_link":"https:\/\/maranhaotv.com.br\/index.php\/author\/maranhaotv\/"},"magazine_blocks_comment":0,"magazine_blocks_author_image":"https:\/\/secure.gravatar.com\/avatar\/8fadbca458d4cb68b1dd399ae9a40618d747bb1af65ac9fad21c89220a143eb4?s=96&d=mm&r=g","magazine_blocks_category":"<a href=\"#\" class=\"category-link category-link-2\">not\u00edcias<\/a>","jetpack_featured_media_url":"","jetpack_sharing_enabled":true,"_links":{"self":[{"href":"https:\/\/maranhaotv.com.br\/index.php\/wp-json\/wp\/v2\/posts\/32442","targetHints":{"allow":["GET"]}}],"collection":[{"href":"https:\/\/maranhaotv.com.br\/index.php\/wp-json\/wp\/v2\/posts"}],"about":[{"href":"https:\/\/maranhaotv.com.br\/index.php\/wp-json\/wp\/v2\/types\/post"}],"author":[{"embeddable":true,"href":"https:\/\/maranhaotv.com.br\/index.php\/wp-json\/wp\/v2\/users\/2"}],"replies":[{"embeddable":true,"href":"https:\/\/maranhaotv.com.br\/index.php\/wp-json\/wp\/v2\/comments?post=32442"}],"version-history":[{"count":0,"href":"https:\/\/maranhaotv.com.br\/index.php\/wp-json\/wp\/v2\/posts\/32442\/revisions"}],"wp:featuredmedia":[{"embeddable":true,"href":"https:\/\/maranhaotv.com.br\/index.php\/wp-json\/"}],"wp:attachment":[{"href":"https:\/\/maranhaotv.com.br\/index.php\/wp-json\/wp\/v2\/media?parent=32442"}],"wp:term":[{"taxonomy":"category","embeddable":true,"href":"https:\/\/maranhaotv.com.br\/index.php\/wp-json\/wp\/v2\/categories?post=32442"},{"taxonomy":"post_tag","embeddable":true,"href":"https:\/\/maranhaotv.com.br\/index.php\/wp-json\/wp\/v2\/tags?post=32442"}],"curies":[{"name":"wp","href":"https:\/\/api.w.org\/{rel}","templated":true}]}}