{"id":32448,"date":"2023-07-26T14:23:20","date_gmt":"2023-07-26T17:23:20","guid":{"rendered":"https:\/\/maranhaotv.com.br\/?p=32448"},"modified":"2023-07-26T14:23:20","modified_gmt":"2023-07-26T17:23:20","slug":"prefeita-paula-azevedo-renova-adesao-de-paco-do-lumiar-ao-programa-cidade-empreendedora","status":"publish","type":"post","link":"https:\/\/maranhaotv.com.br\/index.php\/2023\/07\/26\/prefeita-paula-azevedo-renova-adesao-de-paco-do-lumiar-ao-programa-cidade-empreendedora\/","title":{"rendered":"Prefeita Paula Azevedo renova ades\u00e3o de Pa\u00e7o do Lumiar ao Programa Cidade Empreendedora"},"content":{"rendered":"\n<p><br>S\u00c3O LU\u00cdS \u2013 Nesta ter\u00e7a-feira (25), a prefeita Paula Azevedo participou de um workshop que tratou sobre a import\u00e2ncia da participa\u00e7\u00e3o das micros e pequenas empresas nas compras governamentais dos munic\u00edpios e do Estado do Maranh\u00e3o. O evento, promovido pela Secretaria de Estado de Industria e Com\u00e9rcio (SEINC), contou com a participa\u00e7\u00e3o de v\u00e1rios prefeitos e secret\u00e1rios municipais.<br><br>Durante a solenidade, a prefeita Paula Azevedo assinou a renova\u00e7\u00e3o do termo de ades\u00e3o ao programa Cidade Empreendedora, do Sebrae, que consiste em um importante instrumento de fomento e apoio \u00e0s micro e pequenas empresas. \u201cN\u00f3s queremos participar das discuss\u00f5es, buscamos apoio do Governo do Estado e do Sebrae, para levar conhecimento aos empreendedores de Pa\u00e7o do Lumiar, porque entendemos que a qualifica\u00e7\u00e3o faz a diferen\u00e7a na hora de montar um neg\u00f3cio e, principalmente, para mant\u00ea-lo de p\u00e9\u201d, disse a prefeita Paula Azevedo.<br><br>Apoiar as micro e pequenas empresas \u00e9 de extrema import\u00e2ncia. Elas desempenham um papel vital na economia do munic\u00edpio, e o seu fortalecimento traz benef\u00edcios significativos como um todo. As micro e pequenas empresas s\u00e3o grandes geradoras de emprego, sendo respons\u00e1veis por uma parcela significativa das oportunidades de trabalho na cidade. Ao apoi\u00e1-las, a prefeitura contribui para a redu\u00e7\u00e3o do desemprego e para a melhoria do bem-estar da popula\u00e7\u00e3o.<br><br>O workshop contou com palestrantes locais e de outros estados. Um dos temas abordados foi a regulamenta\u00e7\u00e3o e sistemas de compras para promover o desenvolvimento local, ministrada por Lu\u00eds Maur\u00edcio Junqueira Zanin, Consultor de Compras Governamentais do Sebrae Nacional. A \u00faltima palestra trouxe as oportunidades para as microempresas e empresas de pequeno porte aqui no estado, por meio do Portal de Compras do Maranh\u00e3o, ministrado pela Secret\u00e1ria Adjunta de Licita\u00e7\u00f5es e Compras Estrat\u00e9gicas da SEGEP, Aline Vasconcelos.<\/p>\n\n\n\n<figure class=\"wp-block-image size-large\"><img decoding=\"async\" src=\"https:\/\/maranhaotv.com.br\/wp-content\/uploads\/2023\/07\/IMG-20230726-WA0308-1024x682.jpg\" alt=\"\" class=\"wp-image-32445\"\/><\/figure>\n\n\n\n<figure class=\"wp-block-image\"><img decoding=\"async\" src=\"https:\/\/maranhaotv.com.br\/wp-content\/uploads\/2023\/07\/IMG-20230726-WA0309-1024x682.jpg\" alt=\"\" class=\"wp-image-32444\"\/><\/figure>\n\n\n\n<figure class=\"wp-block-image\"><img decoding=\"async\" src=\"https:\/\/maranhaotv.com.br\/wp-content\/uploads\/2023\/07\/IMG-20230726-WA0310-1024x682.jpg\" alt=\"\" class=\"wp-image-32446\"\/><\/figure>\n","protected":false},"excerpt":{"rendered":"<p>S\u00c3O LU\u00cdS \u2013 Nesta ter\u00e7a-feira (25), a prefeita Paula Azevedo participou de um workshop que tratou sobre a import\u00e2ncia da<\/p>\n","protected":false},"author":2,"featured_media":32447,"comment_status":"open","ping_status":"open","sticky":false,"template":"","format":"standard","meta":{"colormag_page_container_layout":"default_layout","colormag_page_sidebar_layout":"default_layout","_jetpack_memberships_contains_paid_content":false,"footnotes":""},"categories":[2],"tags":[],"class_list":["post-32448","post","type-post","status-publish","format-standard","has-post-thumbnail","hentry","category-noticias"],"magazineBlocksPostFeaturedMedia":{"thumbnail":false,"medium":false,"medium_large":false,"large":false,"1536x1536":false,"2048x2048":false,"colormag-highlighted-post":false,"colormag-featured-post-medium":false,"colormag-featured-post-small":false,"colormag-featured-image":false,"colormag-default-news":false,"colormag-featured-image-large":false},"magazineBlocksPostAuthor":{"name":"maranhaotv","avatar":"https:\/\/secure.gravatar.com\/avatar\/8fadbca458d4cb68b1dd399ae9a40618d747bb1af65ac9fad21c89220a143eb4?s=96&d=mm&r=g"},"magazineBlocksPostCommentsNumber":"0","magazineBlocksPostExcerpt":"S\u00c3O LU\u00cdS \u2013 Nesta ter\u00e7a-feira (25), a prefeita Paula Azevedo participou de um workshop que tratou sobre a import\u00e2ncia da","magazineBlocksPostCategories":["not\u00edcias"],"magazineBlocksPostViewCount":196,"magazineBlocksPostReadTime":2,"magazine_blocks_featured_image_url":{"full":false,"medium":false,"thumbnail":false},"magazine_blocks_author":{"display_name":"maranhaotv","author_link":"https:\/\/maranhaotv.com.br\/index.php\/author\/maranhaotv\/"},"magazine_blocks_comment":0,"magazine_blocks_author_image":"https:\/\/secure.gravatar.com\/avatar\/8fadbca458d4cb68b1dd399ae9a40618d747bb1af65ac9fad21c89220a143eb4?s=96&d=mm&r=g","magazine_blocks_category":"<a href=\"#\" class=\"category-link category-link-2\">not\u00edcias<\/a>","jetpack_featured_media_url":"","jetpack_sharing_enabled":true,"_links":{"self":[{"href":"https:\/\/maranhaotv.com.br\/index.php\/wp-json\/wp\/v2\/posts\/32448","targetHints":{"allow":["GET"]}}],"collection":[{"href":"https:\/\/maranhaotv.com.br\/index.php\/wp-json\/wp\/v2\/posts"}],"about":[{"href":"https:\/\/maranhaotv.com.br\/index.php\/wp-json\/wp\/v2\/types\/post"}],"author":[{"embeddable":true,"href":"https:\/\/maranhaotv.com.br\/index.php\/wp-json\/wp\/v2\/users\/2"}],"replies":[{"embeddable":true,"href":"https:\/\/maranhaotv.com.br\/index.php\/wp-json\/wp\/v2\/comments?post=32448"}],"version-history":[{"count":0,"href":"https:\/\/maranhaotv.com.br\/index.php\/wp-json\/wp\/v2\/posts\/32448\/revisions"}],"wp:featuredmedia":[{"embeddable":true,"href":"https:\/\/maranhaotv.com.br\/index.php\/wp-json\/"}],"wp:attachment":[{"href":"https:\/\/maranhaotv.com.br\/index.php\/wp-json\/wp\/v2\/media?parent=32448"}],"wp:term":[{"taxonomy":"category","embeddable":true,"href":"https:\/\/maranhaotv.com.br\/index.php\/wp-json\/wp\/v2\/categories?post=32448"},{"taxonomy":"post_tag","embeddable":true,"href":"https:\/\/maranhaotv.com.br\/index.php\/wp-json\/wp\/v2\/tags?post=32448"}],"curies":[{"name":"wp","href":"https:\/\/api.w.org\/{rel}","templated":true}]}}