{"id":32455,"date":"2023-07-26T14:26:34","date_gmt":"2023-07-26T17:26:34","guid":{"rendered":"https:\/\/maranhaotv.com.br\/?p=32455"},"modified":"2023-07-26T14:26:34","modified_gmt":"2023-07-26T17:26:34","slug":"unesco-aconselha-escolas-a-proibirem-uso-de-celulares-em-sala-de-aula","status":"publish","type":"post","link":"https:\/\/maranhaotv.com.br\/index.php\/2023\/07\/26\/unesco-aconselha-escolas-a-proibirem-uso-de-celulares-em-sala-de-aula\/","title":{"rendered":"Unesco aconselha escolas a proibirem uso de celulares em sala de aula"},"content":{"rendered":"\n<p><br>Uso excessivo do dispositivo distrai os alunos e acaba resultando na redu\u00e7\u00e3o do desempenho educacional<br><br>A Organiza\u00e7\u00e3o das Na\u00e7\u00f5es Unidas para a Educa\u00e7\u00e3o, a Ci\u00eancia e a Cultura (Unesco) recomendou, nesta quarta-feira (26), que as escolas pro\u00edbam o uso de celulares em salas de aula para melhorar a aprendizagem. A orienta\u00e7\u00e3o faz parte do Relat\u00f3rio Global de Monitoramento da Educa\u00e7\u00e3o, que avaliou o impacto da tecnologia nos estudos.<br>Segundo a Unesco, quase dois em cada tr\u00eas professores concordam que o uso excessivo de celulares em salas de aula distrai os alunos, resultando na redu\u00e7\u00e3o do desempenho educacional. O mesmo acontece quando outros dispositivos, como computadores e tablets, s\u00e3o utilizados para pesquisas na aus\u00eancia de um professor qualificado.<br>\u201cPrecisamos aprender nossos erros do passado ao usar a tecnologia na educa\u00e7\u00e3o para que n\u00e3o os repitamos no futuro. Precisamos ensinar as crian\u00e7as a conviver com e sem tecnologia; tirar o que precisa da abund\u00e2ncia de informa\u00e7\u00f5es, mas ignorar o que n\u00e3o \u00e9 necess\u00e1rio; deixar que a tecnologia apoie, mas nunca ofusque as intera\u00e7\u00f5es humanas no ensino e na aprendizagem\u201c, avalia Manos Antoninis, diretor do relat\u00f3rio.<br>Desigualdade de aprendizagem<br>A Unesco ressalta ainda que a desigualdade no acesso \u00e0 tecnologia agrava a desigualdade no acesso \u00e0 educa\u00e7\u00e3o, um ponto que se tornou evidente durante o fechamento das escolas durante a pandemia da covid-19. De acordo com a entidade, a digitaliza\u00e7\u00e3o da educa\u00e7\u00e3o apresenta o risco de beneficiar estudantes j\u00e1 privilegiados e marginalizar ainda mais outros.<br>Al\u00e9m disso, a Unesco aponta que a tecnologia est\u00e1 se desenvolvendo t\u00e3o r\u00e1pido que os educadores est\u00e3o precisando correr contra o tempo para fundamentar decis\u00f5es sobre legisla\u00e7\u00e3o, pol\u00edticas e regulamenta\u00e7\u00e3o. O uso do servi\u00e7o nas aulas tamb\u00e9m pede o treinamento apropriado de professores, o que ainda \u00e9 um desafio para muitos pa\u00edses.<\/p>\n\n\n\n<figure class=\"wp-block-image size-large\"><img decoding=\"async\" src=\"https:\/\/maranhaotv.com.br\/wp-content\/uploads\/2023\/07\/IMG-20230726-WA0314-1-300x164.jpg\" alt=\"\" class=\"wp-image-32454\"\/><\/figure>\n","protected":false},"excerpt":{"rendered":"<p>Uso excessivo do dispositivo distrai os alunos e acaba resultando na redu\u00e7\u00e3o do desempenho educacional A Organiza\u00e7\u00e3o das Na\u00e7\u00f5es Unidas<\/p>\n","protected":false},"author":2,"featured_media":32453,"comment_status":"open","ping_status":"open","sticky":false,"template":"","format":"standard","meta":{"colormag_page_container_layout":"default_layout","colormag_page_sidebar_layout":"default_layout","_jetpack_memberships_contains_paid_content":false,"footnotes":""},"categories":[2],"tags":[],"class_list":["post-32455","post","type-post","status-publish","format-standard","has-post-thumbnail","hentry","category-noticias"],"magazineBlocksPostFeaturedMedia":{"thumbnail":false,"medium":false,"medium_large":false,"large":false,"1536x1536":false,"2048x2048":false,"colormag-highlighted-post":false,"colormag-featured-post-medium":false,"colormag-featured-post-small":false,"colormag-featured-image":false,"colormag-default-news":false,"colormag-featured-image-large":false},"magazineBlocksPostAuthor":{"name":"maranhaotv","avatar":"https:\/\/secure.gravatar.com\/avatar\/8fadbca458d4cb68b1dd399ae9a40618d747bb1af65ac9fad21c89220a143eb4?s=96&d=mm&r=g"},"magazineBlocksPostCommentsNumber":"0","magazineBlocksPostExcerpt":"Uso excessivo do dispositivo distrai os alunos e acaba resultando na redu\u00e7\u00e3o do desempenho educacional A Organiza\u00e7\u00e3o das Na\u00e7\u00f5es Unidas","magazineBlocksPostCategories":["not\u00edcias"],"magazineBlocksPostViewCount":158,"magazineBlocksPostReadTime":2,"magazine_blocks_featured_image_url":{"full":false,"medium":false,"thumbnail":false},"magazine_blocks_author":{"display_name":"maranhaotv","author_link":"https:\/\/maranhaotv.com.br\/index.php\/author\/maranhaotv\/"},"magazine_blocks_comment":0,"magazine_blocks_author_image":"https:\/\/secure.gravatar.com\/avatar\/8fadbca458d4cb68b1dd399ae9a40618d747bb1af65ac9fad21c89220a143eb4?s=96&d=mm&r=g","magazine_blocks_category":"<a href=\"#\" class=\"category-link category-link-2\">not\u00edcias<\/a>","jetpack_featured_media_url":"","jetpack_sharing_enabled":true,"_links":{"self":[{"href":"https:\/\/maranhaotv.com.br\/index.php\/wp-json\/wp\/v2\/posts\/32455","targetHints":{"allow":["GET"]}}],"collection":[{"href":"https:\/\/maranhaotv.com.br\/index.php\/wp-json\/wp\/v2\/posts"}],"about":[{"href":"https:\/\/maranhaotv.com.br\/index.php\/wp-json\/wp\/v2\/types\/post"}],"author":[{"embeddable":true,"href":"https:\/\/maranhaotv.com.br\/index.php\/wp-json\/wp\/v2\/users\/2"}],"replies":[{"embeddable":true,"href":"https:\/\/maranhaotv.com.br\/index.php\/wp-json\/wp\/v2\/comments?post=32455"}],"version-history":[{"count":0,"href":"https:\/\/maranhaotv.com.br\/index.php\/wp-json\/wp\/v2\/posts\/32455\/revisions"}],"wp:featuredmedia":[{"embeddable":true,"href":"https:\/\/maranhaotv.com.br\/index.php\/wp-json\/"}],"wp:attachment":[{"href":"https:\/\/maranhaotv.com.br\/index.php\/wp-json\/wp\/v2\/media?parent=32455"}],"wp:term":[{"taxonomy":"category","embeddable":true,"href":"https:\/\/maranhaotv.com.br\/index.php\/wp-json\/wp\/v2\/categories?post=32455"},{"taxonomy":"post_tag","embeddable":true,"href":"https:\/\/maranhaotv.com.br\/index.php\/wp-json\/wp\/v2\/tags?post=32455"}],"curies":[{"name":"wp","href":"https:\/\/api.w.org\/{rel}","templated":true}]}}