{"id":32459,"date":"2023-07-26T18:26:05","date_gmt":"2023-07-26T21:26:05","guid":{"rendered":"https:\/\/maranhaotv.com.br\/?p=32459"},"modified":"2023-07-26T18:26:05","modified_gmt":"2023-07-26T21:26:05","slug":"deputado-wellington-se-reune-com-diretores-da-equatorial-e-solicita-linha-de-distribuicao-de-energia-eletrica-para-santo-amaro","status":"publish","type":"post","link":"https:\/\/maranhaotv.com.br\/index.php\/2023\/07\/26\/deputado-wellington-se-reune-com-diretores-da-equatorial-e-solicita-linha-de-distribuicao-de-energia-eletrica-para-santo-amaro\/","title":{"rendered":"Deputado Wellington se re\u00fane com Diretores da Equatorial e solicita linha de distribui\u00e7\u00e3o de energia el\u00e9trica para Santo Amaro"},"content":{"rendered":"\n<p><br>Nesta quarta-feira (26), o deputado estadual Wellington do Curso esteve em importante reuni\u00e3o com o Diretor Presidente da Equatorial Energia, S\u00e9rvio T\u00falio, e com o Diretor de Rela\u00e7\u00f5es Institucionais, Jos\u00e9 Jorge. O objetivo foi tratar de medidas para sanar as falhas no sistema de fornecimento de energia el\u00e9trica na cidade de Santo Amaro.<br><br>Ainda na reuni\u00e3o, Wellington tratou de of\u00edcio em que requer a instala\u00e7\u00e3o de linha de distribui\u00e7\u00e3o dedicada exclusivamente \u00e0 cidade de Santo Amaro.<br><br>\u201cEstive em reuni\u00e3o com o Diretor Presidente da Equatorial e com o Diretor de Rela\u00e7\u00f5es Institucionais para tratar da instala\u00e7\u00e3o de uma linha de distribui\u00e7\u00e3o de energia el\u00e9trica dedicada exclusivamente \u00e0 cidade de Santo Amaro, que vem passando por um processo de crescimento acelerado em virtude do seu potencial tur\u00edstico. O objetivo \u00e9 garantir que a popula\u00e7\u00e3o n\u00e3o sofra mais com as recentes quedas de energia. A curto prazo, tamb\u00e9m solicitei a disponibiliza\u00e7\u00e3o de uma equipe plantonista, a fim de evitar que o reparo dos problemas seja demorado. Popula\u00e7\u00e3o de Santo Amaro, contem comigo!\u201d, destacou o deputado estadual Wellington do Curso.<\/p>\n\n\n\n<figure class=\"wp-block-image size-large\"><img decoding=\"async\" src=\"https:\/\/maranhaotv.com.br\/wp-content\/uploads\/2023\/07\/IMG-20230726-WA0402-707x1024.jpg\" alt=\"\" class=\"wp-image-32457\"\/><\/figure>\n","protected":false},"excerpt":{"rendered":"<p>Nesta quarta-feira (26), o deputado estadual Wellington do Curso esteve em importante reuni\u00e3o com o Diretor Presidente da Equatorial Energia,<\/p>\n","protected":false},"author":2,"featured_media":32458,"comment_status":"open","ping_status":"open","sticky":false,"template":"","format":"standard","meta":{"colormag_page_container_layout":"default_layout","colormag_page_sidebar_layout":"default_layout","_jetpack_memberships_contains_paid_content":false,"footnotes":""},"categories":[2],"tags":[],"class_list":["post-32459","post","type-post","status-publish","format-standard","has-post-thumbnail","hentry","category-noticias"],"magazineBlocksPostFeaturedMedia":{"thumbnail":false,"medium":false,"medium_large":false,"large":false,"1536x1536":false,"2048x2048":false,"colormag-highlighted-post":false,"colormag-featured-post-medium":false,"colormag-featured-post-small":false,"colormag-featured-image":false,"colormag-default-news":false,"colormag-featured-image-large":false},"magazineBlocksPostAuthor":{"name":"maranhaotv","avatar":"https:\/\/secure.gravatar.com\/avatar\/8fadbca458d4cb68b1dd399ae9a40618d747bb1af65ac9fad21c89220a143eb4?s=96&d=mm&r=g"},"magazineBlocksPostCommentsNumber":"0","magazineBlocksPostExcerpt":"Nesta quarta-feira (26), o deputado estadual Wellington do Curso esteve em importante reuni\u00e3o com o Diretor Presidente da Equatorial Energia,","magazineBlocksPostCategories":["not\u00edcias"],"magazineBlocksPostViewCount":183,"magazineBlocksPostReadTime":1,"magazine_blocks_featured_image_url":{"full":false,"medium":false,"thumbnail":false},"magazine_blocks_author":{"display_name":"maranhaotv","author_link":"https:\/\/maranhaotv.com.br\/index.php\/author\/maranhaotv\/"},"magazine_blocks_comment":0,"magazine_blocks_author_image":"https:\/\/secure.gravatar.com\/avatar\/8fadbca458d4cb68b1dd399ae9a40618d747bb1af65ac9fad21c89220a143eb4?s=96&d=mm&r=g","magazine_blocks_category":"<a href=\"#\" class=\"category-link category-link-2\">not\u00edcias<\/a>","yoast_head":"<!-- This site is optimized with the Yoast SEO plugin v27.4 - https:\/\/yoast.com\/product\/yoast-seo-wordpress\/ -->\n<title>Deputado Wellington se re\u00fane com Diretores da Equatorial e solicita linha de distribui\u00e7\u00e3o de energia el\u00e9trica para Santo Amaro - NOT\u00cdCIAS EM TEMPO REAL<\/title>\n<meta name=\"robots\" content=\"index, follow, max-snippet:-1, max-image-preview:large, max-video-preview:-1\" \/>\n<link rel=\"canonical\" href=\"https:\/\/maranhaotv.com.br\/index.php\/2023\/07\/26\/deputado-wellington-se-reune-com-diretores-da-equatorial-e-solicita-linha-de-distribuicao-de-energia-eletrica-para-santo-amaro\/\" \/>\n<meta property=\"og:locale\" content=\"pt_BR\" \/>\n<meta property=\"og:type\" content=\"article\" \/>\n<meta property=\"og:title\" content=\"Deputado Wellington se re\u00fane com Diretores da Equatorial e solicita linha de distribui\u00e7\u00e3o de energia el\u00e9trica para Santo Amaro - NOT\u00cdCIAS EM TEMPO REAL\" \/>\n<meta property=\"og:description\" content=\"Nesta quarta-feira (26), o deputado estadual Wellington do Curso esteve em importante reuni\u00e3o com o Diretor Presidente da Equatorial Energia,\" \/>\n<meta property=\"og:url\" content=\"https:\/\/maranhaotv.com.br\/index.php\/2023\/07\/26\/deputado-wellington-se-reune-com-diretores-da-equatorial-e-solicita-linha-de-distribuicao-de-energia-eletrica-para-santo-amaro\/\" \/>\n<meta property=\"og:site_name\" content=\"NOT\u00cdCIAS EM TEMPO REAL\" \/>\n<meta property=\"article:publisher\" content=\"https:\/\/www.facebook.com\/maiobaotv\" \/>\n<meta property=\"article:published_time\" content=\"2023-07-26T21:26:05+00:00\" \/>\n<meta name=\"author\" content=\"maranhaotv\" \/>\n<meta name=\"twitter:card\" content=\"summary_large_image\" \/>\n<meta name=\"twitter:creator\" content=\"@sitemaranhaotv\" \/>\n<meta name=\"twitter:site\" content=\"@sitemaranhaotv\" \/>\n<meta name=\"twitter:label1\" content=\"Escrito por\" \/>\n\t<meta name=\"twitter:data1\" content=\"maranhaotv\" \/>\n\t<meta name=\"twitter:label2\" content=\"Est. tempo de leitura\" \/>\n\t<meta name=\"twitter:data2\" content=\"1 minuto\" \/>\n<script type=\"application\/ld+json\" class=\"yoast-schema-graph\">{\"@context\":\"https:\\\/\\\/schema.org\",\"@graph\":[{\"@type\":\"Article\",\"@id\":\"https:\\\/\\\/maranhaotv.com.br\\\/index.php\\\/2023\\\/07\\\/26\\\/deputado-wellington-se-reune-com-diretores-da-equatorial-e-solicita-linha-de-distribuicao-de-energia-eletrica-para-santo-amaro\\\/#article\",\"isPartOf\":{\"@id\":\"https:\\\/\\\/maranhaotv.com.br\\\/index.php\\\/2023\\\/07\\\/26\\\/deputado-wellington-se-reune-com-diretores-da-equatorial-e-solicita-linha-de-distribuicao-de-energia-eletrica-para-santo-amaro\\\/\"},\"author\":{\"name\":\"maranhaotv\",\"@id\":\"https:\\\/\\\/maranhaotv.com.br\\\/#\\\/schema\\\/person\\\/3d54238e86b20bb5c89ab2fdb8f8829a\"},\"headline\":\"Deputado Wellington se re\u00fane com Diretores da Equatorial e solicita linha de distribui\u00e7\u00e3o de energia el\u00e9trica para Santo Amaro\",\"datePublished\":\"2023-07-26T21:26:05+00:00\",\"mainEntityOfPage\":{\"@id\":\"https:\\\/\\\/maranhaotv.com.br\\\/index.php\\\/2023\\\/07\\\/26\\\/deputado-wellington-se-reune-com-diretores-da-equatorial-e-solicita-linha-de-distribuicao-de-energia-eletrica-para-santo-amaro\\\/\"},\"wordCount\":215,\"commentCount\":0,\"publisher\":{\"@id\":\"https:\\\/\\\/maranhaotv.com.br\\\/#organization\"},\"image\":{\"@id\":\"https:\\\/\\\/maranhaotv.com.br\\\/index.php\\\/2023\\\/07\\\/26\\\/deputado-wellington-se-reune-com-diretores-da-equatorial-e-solicita-linha-de-distribuicao-de-energia-eletrica-para-santo-amaro\\\/#primaryimage\"},\"thumbnailUrl\":\"\",\"articleSection\":[\"not\u00edcias\"],\"inLanguage\":\"pt-BR\",\"potentialAction\":[{\"@type\":\"CommentAction\",\"name\":\"Comment\",\"target\":[\"https:\\\/\\\/maranhaotv.com.br\\\/index.php\\\/2023\\\/07\\\/26\\\/deputado-wellington-se-reune-com-diretores-da-equatorial-e-solicita-linha-de-distribuicao-de-energia-eletrica-para-santo-amaro\\\/#respond\"]}]},{\"@type\":\"WebPage\",\"@id\":\"https:\\\/\\\/maranhaotv.com.br\\\/index.php\\\/2023\\\/07\\\/26\\\/deputado-wellington-se-reune-com-diretores-da-equatorial-e-solicita-linha-de-distribuicao-de-energia-eletrica-para-santo-amaro\\\/\",\"url\":\"https:\\\/\\\/maranhaotv.com.br\\\/index.php\\\/2023\\\/07\\\/26\\\/deputado-wellington-se-reune-com-diretores-da-equatorial-e-solicita-linha-de-distribuicao-de-energia-eletrica-para-santo-amaro\\\/\",\"name\":\"Deputado Wellington se re\u00fane com Diretores da Equatorial e solicita linha de distribui\u00e7\u00e3o de energia el\u00e9trica para Santo Amaro - NOT\u00cdCIAS EM TEMPO REAL\",\"isPartOf\":{\"@id\":\"https:\\\/\\\/maranhaotv.com.br\\\/#website\"},\"primaryImageOfPage\":{\"@id\":\"https:\\\/\\\/maranhaotv.com.br\\\/index.php\\\/2023\\\/07\\\/26\\\/deputado-wellington-se-reune-com-diretores-da-equatorial-e-solicita-linha-de-distribuicao-de-energia-eletrica-para-santo-amaro\\\/#primaryimage\"},\"image\":{\"@id\":\"https:\\\/\\\/maranhaotv.com.br\\\/index.php\\\/2023\\\/07\\\/26\\\/deputado-wellington-se-reune-com-diretores-da-equatorial-e-solicita-linha-de-distribuicao-de-energia-eletrica-para-santo-amaro\\\/#primaryimage\"},\"thumbnailUrl\":\"\",\"datePublished\":\"2023-07-26T21:26:05+00:00\",\"breadcrumb\":{\"@id\":\"https:\\\/\\\/maranhaotv.com.br\\\/index.php\\\/2023\\\/07\\\/26\\\/deputado-wellington-se-reune-com-diretores-da-equatorial-e-solicita-linha-de-distribuicao-de-energia-eletrica-para-santo-amaro\\\/#breadcrumb\"},\"inLanguage\":\"pt-BR\",\"potentialAction\":[{\"@type\":\"ReadAction\",\"target\":[\"https:\\\/\\\/maranhaotv.com.br\\\/index.php\\\/2023\\\/07\\\/26\\\/deputado-wellington-se-reune-com-diretores-da-equatorial-e-solicita-linha-de-distribuicao-de-energia-eletrica-para-santo-amaro\\\/\"]}]},{\"@type\":\"ImageObject\",\"inLanguage\":\"pt-BR\",\"@id\":\"https:\\\/\\\/maranhaotv.com.br\\\/index.php\\\/2023\\\/07\\\/26\\\/deputado-wellington-se-reune-com-diretores-da-equatorial-e-solicita-linha-de-distribuicao-de-energia-eletrica-para-santo-amaro\\\/#primaryimage\",\"url\":\"\",\"contentUrl\":\"\"},{\"@type\":\"BreadcrumbList\",\"@id\":\"https:\\\/\\\/maranhaotv.com.br\\\/index.php\\\/2023\\\/07\\\/26\\\/deputado-wellington-se-reune-com-diretores-da-equatorial-e-solicita-linha-de-distribuicao-de-energia-eletrica-para-santo-amaro\\\/#breadcrumb\",\"itemListElement\":[{\"@type\":\"ListItem\",\"position\":1,\"name\":\"In\u00edcio\",\"item\":\"https:\\\/\\\/maranhaotv.com.br\\\/\"},{\"@type\":\"ListItem\",\"position\":2,\"name\":\"Deputado Wellington se re\u00fane com Diretores da Equatorial e solicita linha de distribui\u00e7\u00e3o de energia el\u00e9trica para Santo Amaro\"}]},{\"@type\":\"WebSite\",\"@id\":\"https:\\\/\\\/maranhaotv.com.br\\\/#website\",\"url\":\"https:\\\/\\\/maranhaotv.com.br\\\/\",\"name\":\"Maranh\u00e3oTV\",\"description\":\"\",\"publisher\":{\"@id\":\"https:\\\/\\\/maranhaotv.com.br\\\/#organization\"},\"potentialAction\":[{\"@type\":\"SearchAction\",\"target\":{\"@type\":\"EntryPoint\",\"urlTemplate\":\"https:\\\/\\\/maranhaotv.com.br\\\/?s={search_term_string}\"},\"query-input\":{\"@type\":\"PropertyValueSpecification\",\"valueRequired\":true,\"valueName\":\"search_term_string\"}}],\"inLanguage\":\"pt-BR\"},{\"@type\":\"Organization\",\"@id\":\"https:\\\/\\\/maranhaotv.com.br\\\/#organization\",\"name\":\"Portal de Not\u00edcias\",\"url\":\"https:\\\/\\\/maranhaotv.com.br\\\/\",\"logo\":{\"@type\":\"ImageObject\",\"inLanguage\":\"pt-BR\",\"@id\":\"https:\\\/\\\/maranhaotv.com.br\\\/#\\\/schema\\\/logo\\\/image\\\/\",\"url\":\"https:\\\/\\\/maranhaotv.com.br\\\/wp-content\\\/uploads\\\/2024\\\/05\\\/cropped-cropped-avatar-1.png\",\"contentUrl\":\"https:\\\/\\\/maranhaotv.com.br\\\/wp-content\\\/uploads\\\/2024\\\/05\\\/cropped-cropped-avatar-1.png\",\"width\":792,\"height\":428,\"caption\":\"Portal de Not\u00edcias\"},\"image\":{\"@id\":\"https:\\\/\\\/maranhaotv.com.br\\\/#\\\/schema\\\/logo\\\/image\\\/\"},\"sameAs\":[\"https:\\\/\\\/www.facebook.com\\\/maiobaotv\",\"https:\\\/\\\/x.com\\\/sitemaranhaotv\",\"https:\\\/\\\/www.instagram.com\\\/maranhao.tv\",\"https:\\\/\\\/www.threads.net\\\/@maranhao.tv\"]},{\"@type\":\"Person\",\"@id\":\"https:\\\/\\\/maranhaotv.com.br\\\/#\\\/schema\\\/person\\\/3d54238e86b20bb5c89ab2fdb8f8829a\",\"name\":\"maranhaotv\",\"image\":{\"@type\":\"ImageObject\",\"inLanguage\":\"pt-BR\",\"@id\":\"https:\\\/\\\/secure.gravatar.com\\\/avatar\\\/8fadbca458d4cb68b1dd399ae9a40618d747bb1af65ac9fad21c89220a143eb4?s=96&d=mm&r=g\",\"url\":\"https:\\\/\\\/secure.gravatar.com\\\/avatar\\\/8fadbca458d4cb68b1dd399ae9a40618d747bb1af65ac9fad21c89220a143eb4?s=96&d=mm&r=g\",\"contentUrl\":\"https:\\\/\\\/secure.gravatar.com\\\/avatar\\\/8fadbca458d4cb68b1dd399ae9a40618d747bb1af65ac9fad21c89220a143eb4?s=96&d=mm&r=g\",\"caption\":\"maranhaotv\"},\"sameAs\":[\"https:\\\/\\\/maranhaotv.com.br\\\/\"],\"url\":\"https:\\\/\\\/maranhaotv.com.br\\\/index.php\\\/author\\\/maranhaotv\\\/\"}]}<\/script>\n<!-- \/ Yoast SEO plugin. -->","yoast_head_json":{"title":"Deputado Wellington se re\u00fane com Diretores da Equatorial e solicita linha de distribui\u00e7\u00e3o de energia el\u00e9trica para Santo Amaro - NOT\u00cdCIAS EM TEMPO REAL","robots":{"index":"index","follow":"follow","max-snippet":"max-snippet:-1","max-image-preview":"max-image-preview:large","max-video-preview":"max-video-preview:-1"},"canonical":"https:\/\/maranhaotv.com.br\/index.php\/2023\/07\/26\/deputado-wellington-se-reune-com-diretores-da-equatorial-e-solicita-linha-de-distribuicao-de-energia-eletrica-para-santo-amaro\/","og_locale":"pt_BR","og_type":"article","og_title":"Deputado Wellington se re\u00fane com Diretores da Equatorial e solicita linha de distribui\u00e7\u00e3o de energia el\u00e9trica para Santo Amaro - NOT\u00cdCIAS EM TEMPO REAL","og_description":"Nesta quarta-feira (26), o deputado estadual Wellington do Curso esteve em importante reuni\u00e3o com o Diretor Presidente da Equatorial Energia,","og_url":"https:\/\/maranhaotv.com.br\/index.php\/2023\/07\/26\/deputado-wellington-se-reune-com-diretores-da-equatorial-e-solicita-linha-de-distribuicao-de-energia-eletrica-para-santo-amaro\/","og_site_name":"NOT\u00cdCIAS EM TEMPO REAL","article_publisher":"https:\/\/www.facebook.com\/maiobaotv","article_published_time":"2023-07-26T21:26:05+00:00","author":"maranhaotv","twitter_card":"summary_large_image","twitter_creator":"@sitemaranhaotv","twitter_site":"@sitemaranhaotv","twitter_misc":{"Escrito por":"maranhaotv","Est. tempo de leitura":"1 minuto"},"schema":{"@context":"https:\/\/schema.org","@graph":[{"@type":"Article","@id":"https:\/\/maranhaotv.com.br\/index.php\/2023\/07\/26\/deputado-wellington-se-reune-com-diretores-da-equatorial-e-solicita-linha-de-distribuicao-de-energia-eletrica-para-santo-amaro\/#article","isPartOf":{"@id":"https:\/\/maranhaotv.com.br\/index.php\/2023\/07\/26\/deputado-wellington-se-reune-com-diretores-da-equatorial-e-solicita-linha-de-distribuicao-de-energia-eletrica-para-santo-amaro\/"},"author":{"name":"maranhaotv","@id":"https:\/\/maranhaotv.com.br\/#\/schema\/person\/3d54238e86b20bb5c89ab2fdb8f8829a"},"headline":"Deputado Wellington se re\u00fane com Diretores da Equatorial e solicita linha de distribui\u00e7\u00e3o de energia el\u00e9trica para Santo Amaro","datePublished":"2023-07-26T21:26:05+00:00","mainEntityOfPage":{"@id":"https:\/\/maranhaotv.com.br\/index.php\/2023\/07\/26\/deputado-wellington-se-reune-com-diretores-da-equatorial-e-solicita-linha-de-distribuicao-de-energia-eletrica-para-santo-amaro\/"},"wordCount":215,"commentCount":0,"publisher":{"@id":"https:\/\/maranhaotv.com.br\/#organization"},"image":{"@id":"https:\/\/maranhaotv.com.br\/index.php\/2023\/07\/26\/deputado-wellington-se-reune-com-diretores-da-equatorial-e-solicita-linha-de-distribuicao-de-energia-eletrica-para-santo-amaro\/#primaryimage"},"thumbnailUrl":"","articleSection":["not\u00edcias"],"inLanguage":"pt-BR","potentialAction":[{"@type":"CommentAction","name":"Comment","target":["https:\/\/maranhaotv.com.br\/index.php\/2023\/07\/26\/deputado-wellington-se-reune-com-diretores-da-equatorial-e-solicita-linha-de-distribuicao-de-energia-eletrica-para-santo-amaro\/#respond"]}]},{"@type":"WebPage","@id":"https:\/\/maranhaotv.com.br\/index.php\/2023\/07\/26\/deputado-wellington-se-reune-com-diretores-da-equatorial-e-solicita-linha-de-distribuicao-de-energia-eletrica-para-santo-amaro\/","url":"https:\/\/maranhaotv.com.br\/index.php\/2023\/07\/26\/deputado-wellington-se-reune-com-diretores-da-equatorial-e-solicita-linha-de-distribuicao-de-energia-eletrica-para-santo-amaro\/","name":"Deputado Wellington se re\u00fane com Diretores da Equatorial e solicita linha de distribui\u00e7\u00e3o de energia el\u00e9trica para Santo Amaro - NOT\u00cdCIAS EM TEMPO REAL","isPartOf":{"@id":"https:\/\/maranhaotv.com.br\/#website"},"primaryImageOfPage":{"@id":"https:\/\/maranhaotv.com.br\/index.php\/2023\/07\/26\/deputado-wellington-se-reune-com-diretores-da-equatorial-e-solicita-linha-de-distribuicao-de-energia-eletrica-para-santo-amaro\/#primaryimage"},"image":{"@id":"https:\/\/maranhaotv.com.br\/index.php\/2023\/07\/26\/deputado-wellington-se-reune-com-diretores-da-equatorial-e-solicita-linha-de-distribuicao-de-energia-eletrica-para-santo-amaro\/#primaryimage"},"thumbnailUrl":"","datePublished":"2023-07-26T21:26:05+00:00","breadcrumb":{"@id":"https:\/\/maranhaotv.com.br\/index.php\/2023\/07\/26\/deputado-wellington-se-reune-com-diretores-da-equatorial-e-solicita-linha-de-distribuicao-de-energia-eletrica-para-santo-amaro\/#breadcrumb"},"inLanguage":"pt-BR","potentialAction":[{"@type":"ReadAction","target":["https:\/\/maranhaotv.com.br\/index.php\/2023\/07\/26\/deputado-wellington-se-reune-com-diretores-da-equatorial-e-solicita-linha-de-distribuicao-de-energia-eletrica-para-santo-amaro\/"]}]},{"@type":"ImageObject","inLanguage":"pt-BR","@id":"https:\/\/maranhaotv.com.br\/index.php\/2023\/07\/26\/deputado-wellington-se-reune-com-diretores-da-equatorial-e-solicita-linha-de-distribuicao-de-energia-eletrica-para-santo-amaro\/#primaryimage","url":"","contentUrl":""},{"@type":"BreadcrumbList","@id":"https:\/\/maranhaotv.com.br\/index.php\/2023\/07\/26\/deputado-wellington-se-reune-com-diretores-da-equatorial-e-solicita-linha-de-distribuicao-de-energia-eletrica-para-santo-amaro\/#breadcrumb","itemListElement":[{"@type":"ListItem","position":1,"name":"In\u00edcio","item":"https:\/\/maranhaotv.com.br\/"},{"@type":"ListItem","position":2,"name":"Deputado Wellington se re\u00fane com Diretores da Equatorial e solicita linha de distribui\u00e7\u00e3o de energia el\u00e9trica para Santo Amaro"}]},{"@type":"WebSite","@id":"https:\/\/maranhaotv.com.br\/#website","url":"https:\/\/maranhaotv.com.br\/","name":"Maranh\u00e3oTV","description":"","publisher":{"@id":"https:\/\/maranhaotv.com.br\/#organization"},"potentialAction":[{"@type":"SearchAction","target":{"@type":"EntryPoint","urlTemplate":"https:\/\/maranhaotv.com.br\/?s={search_term_string}"},"query-input":{"@type":"PropertyValueSpecification","valueRequired":true,"valueName":"search_term_string"}}],"inLanguage":"pt-BR"},{"@type":"Organization","@id":"https:\/\/maranhaotv.com.br\/#organization","name":"Portal de Not\u00edcias","url":"https:\/\/maranhaotv.com.br\/","logo":{"@type":"ImageObject","inLanguage":"pt-BR","@id":"https:\/\/maranhaotv.com.br\/#\/schema\/logo\/image\/","url":"https:\/\/maranhaotv.com.br\/wp-content\/uploads\/2024\/05\/cropped-cropped-avatar-1.png","contentUrl":"https:\/\/maranhaotv.com.br\/wp-content\/uploads\/2024\/05\/cropped-cropped-avatar-1.png","width":792,"height":428,"caption":"Portal de Not\u00edcias"},"image":{"@id":"https:\/\/maranhaotv.com.br\/#\/schema\/logo\/image\/"},"sameAs":["https:\/\/www.facebook.com\/maiobaotv","https:\/\/x.com\/sitemaranhaotv","https:\/\/www.instagram.com\/maranhao.tv","https:\/\/www.threads.net\/@maranhao.tv"]},{"@type":"Person","@id":"https:\/\/maranhaotv.com.br\/#\/schema\/person\/3d54238e86b20bb5c89ab2fdb8f8829a","name":"maranhaotv","image":{"@type":"ImageObject","inLanguage":"pt-BR","@id":"https:\/\/secure.gravatar.com\/avatar\/8fadbca458d4cb68b1dd399ae9a40618d747bb1af65ac9fad21c89220a143eb4?s=96&d=mm&r=g","url":"https:\/\/secure.gravatar.com\/avatar\/8fadbca458d4cb68b1dd399ae9a40618d747bb1af65ac9fad21c89220a143eb4?s=96&d=mm&r=g","contentUrl":"https:\/\/secure.gravatar.com\/avatar\/8fadbca458d4cb68b1dd399ae9a40618d747bb1af65ac9fad21c89220a143eb4?s=96&d=mm&r=g","caption":"maranhaotv"},"sameAs":["https:\/\/maranhaotv.com.br\/"],"url":"https:\/\/maranhaotv.com.br\/index.php\/author\/maranhaotv\/"}]}},"jetpack_featured_media_url":"","jetpack_sharing_enabled":true,"_links":{"self":[{"href":"https:\/\/maranhaotv.com.br\/index.php\/wp-json\/wp\/v2\/posts\/32459","targetHints":{"allow":["GET"]}}],"collection":[{"href":"https:\/\/maranhaotv.com.br\/index.php\/wp-json\/wp\/v2\/posts"}],"about":[{"href":"https:\/\/maranhaotv.com.br\/index.php\/wp-json\/wp\/v2\/types\/post"}],"author":[{"embeddable":true,"href":"https:\/\/maranhaotv.com.br\/index.php\/wp-json\/wp\/v2\/users\/2"}],"replies":[{"embeddable":true,"href":"https:\/\/maranhaotv.com.br\/index.php\/wp-json\/wp\/v2\/comments?post=32459"}],"version-history":[{"count":0,"href":"https:\/\/maranhaotv.com.br\/index.php\/wp-json\/wp\/v2\/posts\/32459\/revisions"}],"wp:featuredmedia":[{"embeddable":true,"href":"https:\/\/maranhaotv.com.br\/index.php\/wp-json\/"}],"wp:attachment":[{"href":"https:\/\/maranhaotv.com.br\/index.php\/wp-json\/wp\/v2\/media?parent=32459"}],"wp:term":[{"taxonomy":"category","embeddable":true,"href":"https:\/\/maranhaotv.com.br\/index.php\/wp-json\/wp\/v2\/categories?post=32459"},{"taxonomy":"post_tag","embeddable":true,"href":"https:\/\/maranhaotv.com.br\/index.php\/wp-json\/wp\/v2\/tags?post=32459"}],"curies":[{"name":"wp","href":"https:\/\/api.w.org\/{rel}","templated":true}]}}