{"id":32465,"date":"2023-07-28T11:54:08","date_gmt":"2023-07-28T14:54:08","guid":{"rendered":"https:\/\/maranhaotv.com.br\/?p=32465"},"modified":"2023-07-28T11:54:08","modified_gmt":"2023-07-28T14:54:08","slug":"absurdo-presidente-da-camara-de-viana-faz-b-o-contra-populacao-que-critica-votacao-de-projetos-que-beneficiam-vereadores","status":"publish","type":"post","link":"https:\/\/maranhaotv.com.br\/index.php\/2023\/07\/28\/absurdo-presidente-da-camara-de-viana-faz-b-o-contra-populacao-que-critica-votacao-de-projetos-que-beneficiam-vereadores\/","title":{"rendered":"Absurdo: Presidente da C\u00e2mara de Viana faz B.O contra popula\u00e7\u00e3o que cr\u00edtica vota\u00e7\u00e3o de projetos que beneficiam vereadores"},"content":{"rendered":"\n<p><br><br>A Presidente da C\u00e2mara de Vereadores de Viana,  teve uma atitude nada republicana e democr\u00e1tica,  agora, ao ser criticada em grupos de WhatsApp, Lauryfrancy Gomes, decidiu, de forma, arbitr\u00e1ria, denunciar via Boletim de Ocorr\u00eancia,  qualquer cidad\u00e3o que questione a vota\u00e7\u00e3o dela e dos demais.<br><br>Recentemente,  uma Emenda ao Projeto de Lei do TFD (Tratamento Fora do Domic\u00edlio) foi apresentada na C\u00e2mara, proposta pelo ent\u00e3o vereador Dorival Mendon\u00e7a. Nessa Emenda, a ajuda de custo do TFD que hoje a prefeitura paga o humilhante valor de R$15,00 seria reajustada para R$60,00. Por\u00e9m nove vereadores rejeitaram a Emenda e votaram para reajuste apenas de R$5,00. A realidade \u00e9 que qualquer pessoa decente, sabe que o valor de R$20,00  n\u00e3o \u00e9 suficiente para se manter em S\u00e3o Lu\u00eds,  por\u00e9m esse foi o reajuste proposto pelo prefeito Carrinho Cidreira, que foi acatado pela sua base. Nessa hora o que vale \u00e9 o benef\u00edcio para a prefeitura e n\u00e3o para a popula\u00e7\u00e3o. <br>Por\u00e9m, no v\u00eddeo da sess\u00e3o \u00e9 claramente visto quem s\u00e3o os nobres edis que prejudicaram a popula\u00e7\u00e3o. S\u00e3o eles:<br><br><strong>Merval Castro<\/strong><br><strong>Jamilson Fraz\u00e3o <\/strong><br><strong>J\u00falio Marinho<\/strong><br><strong>Markelio Vareta<\/strong><br><strong>Branco da farm\u00e1cia <\/strong><br><strong>Gutemberg morais <\/strong><br><strong>Lourival Gomes <\/strong><br><strong>Lauryfrancy Gomes <\/strong><br><strong>Irm\u00e3o Valtinho<\/strong><br><br>Infelizmente,  os nove acima esquecem qual seu real papel como vereador. Principalmente Lauryfrancy Gomes, que acusa moradores de fake news, quando na verdade ela votou contra a Emenda, e pelo visto, n\u00e3o quer que o povo saiba. <\/p>\n\n\n\n<p>\u00c9 importante ressaltar que todos os vereadores votaram a favor do aumento de suas pr\u00f3prias di\u00e1rias, chegando a mais de R$2 mil de aumento no sal\u00e1rio. Ou seja, eles podem se utilizar de valores exorbitantes, mas a popula\u00e7\u00e3o, que viaja doente para capital, n\u00e3o pode sequer ter o direito de comer dignamente. Fica o alerta para o povo, j\u00e1 que em 2024 ter\u00e3o que voltar \u00e0s urnas para eleger, seus representantes!<\/p>\n\n\n\n<p>Abaixo os v\u00eddeos que comprovam a veracidade dos fatos:<\/p>\n\n\n\n<figure class=\"wp-block-image size-large\"><img decoding=\"async\" src=\"https:\/\/maranhaotv.com.br\/wp-content\/uploads\/2023\/07\/IMG-20230728-WA0188-730x1024.jpg\" alt=\"\" class=\"wp-image-32462\"\/><figcaption class=\"wp-element-caption\">B.O da vereadora contra o povo<\/figcaption><\/figure>\n\n\n\n<figure class=\"wp-block-image\"><img decoding=\"async\" src=\"https:\/\/maranhaotv.com.br\/wp-content\/uploads\/2023\/07\/IMG-20230728-WA0178-723x1024.jpg\" alt=\"\" class=\"wp-image-32463\"\/><figcaption class=\"wp-element-caption\">Outro B.O contra a popula\u00e7\u00e3o <\/figcaption><\/figure>\n\n\n\n<p><div class=\"jetpack-video-wrapper\"><iframe loading=\"lazy\" title=\"Vereadores em Viana n\u00e3o aceitam cr\u00edticas\" width=\"800\" height=\"600\" src=\"https:\/\/www.youtube.com\/embed\/SqvDnZ39v8k?feature=oembed\" frameborder=\"0\" allow=\"accelerometer; autoplay; clipboard-write; encrypted-media; gyroscope; picture-in-picture; web-share\" referrerpolicy=\"strict-origin-when-cross-origin\" allowfullscreen><\/iframe><\/div><\/p>\n\n\n\n<p><div class=\"jetpack-video-wrapper\"><iframe loading=\"lazy\" title=\"Conhe\u00e7a os vereadores que votaram contra o projeto de aumento do TFD\" width=\"800\" height=\"600\" src=\"https:\/\/www.youtube.com\/embed\/RZPYr1kmi0o?feature=oembed\" frameborder=\"0\" allow=\"accelerometer; autoplay; clipboard-write; encrypted-media; gyroscope; picture-in-picture; web-share\" referrerpolicy=\"strict-origin-when-cross-origin\" allowfullscreen><\/iframe><\/div><\/p>\n\n\n\n<p><div class=\"jetpack-video-wrapper\"><iframe loading=\"lazy\" title=\"Vereadores de Viana aumentam suas pr\u00f3prias di\u00e1rias\" width=\"800\" height=\"600\" src=\"https:\/\/www.youtube.com\/embed\/UHsOHVWhz8Q?feature=oembed\" frameborder=\"0\" allow=\"accelerometer; autoplay; clipboard-write; encrypted-media; gyroscope; picture-in-picture; web-share\" referrerpolicy=\"strict-origin-when-cross-origin\" allowfullscreen><\/iframe><\/div><\/p>\n\n\n\n<p>Abaixo link da sess\u00e3o completa da C\u00e2mara <\/p>\n\n\n\n<p><a href=\"https:\/\/www.youtube.com\/live\/RTKDIp8rVrY?feature=shared\">https:\/\/www.youtube.com\/live\/RTKDIp8rVrY?feature=shared<\/a><\/p>\n","protected":false},"excerpt":{"rendered":"<p>A Presidente da C\u00e2mara de Vereadores de Viana, teve uma atitude nada republicana e democr\u00e1tica, agora, ao ser criticada em<\/p>\n","protected":false},"author":2,"featured_media":32464,"comment_status":"open","ping_status":"open","sticky":false,"template":"","format":"standard","meta":{"colormag_page_container_layout":"default_layout","colormag_page_sidebar_layout":"default_layout","_jetpack_memberships_contains_paid_content":false,"footnotes":""},"categories":[6],"tags":[389,397],"class_list":["post-32465","post","type-post","status-publish","format-standard","has-post-thumbnail","hentry","category-politica","tag-camara-de-vereadores-de-viana","tag-lauryfrancy-gomes"],"magazineBlocksPostFeaturedMedia":{"thumbnail":false,"medium":false,"medium_large":false,"large":false,"1536x1536":false,"2048x2048":false,"colormag-highlighted-post":false,"colormag-featured-post-medium":false,"colormag-featured-post-small":false,"colormag-featured-image":false,"colormag-default-news":false,"colormag-featured-image-large":false},"magazineBlocksPostAuthor":{"name":"maranhaotv","avatar":"https:\/\/secure.gravatar.com\/avatar\/8fadbca458d4cb68b1dd399ae9a40618d747bb1af65ac9fad21c89220a143eb4?s=96&d=mm&r=g"},"magazineBlocksPostCommentsNumber":"0","magazineBlocksPostExcerpt":"A Presidente da C\u00e2mara de Vereadores de Viana, teve uma atitude nada republicana e democr\u00e1tica, agora, ao ser criticada em","magazineBlocksPostCategories":["pol\u00edtica"],"magazineBlocksPostViewCount":318,"magazineBlocksPostReadTime":2,"magazine_blocks_featured_image_url":{"full":false,"medium":false,"thumbnail":false},"magazine_blocks_author":{"display_name":"maranhaotv","author_link":"https:\/\/maranhaotv.com.br\/index.php\/author\/maranhaotv\/"},"magazine_blocks_comment":0,"magazine_blocks_author_image":"https:\/\/secure.gravatar.com\/avatar\/8fadbca458d4cb68b1dd399ae9a40618d747bb1af65ac9fad21c89220a143eb4?s=96&d=mm&r=g","magazine_blocks_category":"<a href=\"#\" class=\"category-link category-link-6\">pol\u00edtica<\/a>","yoast_head":"<!-- This site is optimized with the Yoast SEO plugin v27.4 - https:\/\/yoast.com\/product\/yoast-seo-wordpress\/ -->\n<title>Absurdo: Presidente da C\u00e2mara de Viana faz B.O contra popula\u00e7\u00e3o que cr\u00edtica vota\u00e7\u00e3o de projetos que beneficiam vereadores - NOT\u00cdCIAS EM TEMPO REAL<\/title>\n<meta name=\"robots\" content=\"index, follow, max-snippet:-1, max-image-preview:large, max-video-preview:-1\" \/>\n<link rel=\"canonical\" href=\"https:\/\/maranhaotv.com.br\/index.php\/2023\/07\/28\/absurdo-presidente-da-camara-de-viana-faz-b-o-contra-populacao-que-critica-votacao-de-projetos-que-beneficiam-vereadores\/\" \/>\n<meta property=\"og:locale\" content=\"pt_BR\" \/>\n<meta property=\"og:type\" content=\"article\" \/>\n<meta property=\"og:title\" content=\"Absurdo: Presidente da C\u00e2mara de Viana faz B.O contra popula\u00e7\u00e3o que cr\u00edtica vota\u00e7\u00e3o de projetos que beneficiam vereadores - NOT\u00cdCIAS EM TEMPO REAL\" \/>\n<meta property=\"og:description\" content=\"A Presidente da C\u00e2mara de Vereadores de Viana, teve uma atitude nada republicana e democr\u00e1tica, agora, ao ser criticada em\" \/>\n<meta property=\"og:url\" content=\"https:\/\/maranhaotv.com.br\/index.php\/2023\/07\/28\/absurdo-presidente-da-camara-de-viana-faz-b-o-contra-populacao-que-critica-votacao-de-projetos-que-beneficiam-vereadores\/\" \/>\n<meta property=\"og:site_name\" content=\"NOT\u00cdCIAS EM TEMPO REAL\" \/>\n<meta property=\"article:publisher\" content=\"https:\/\/www.facebook.com\/maiobaotv\" \/>\n<meta property=\"article:published_time\" content=\"2023-07-28T14:54:08+00:00\" \/>\n<meta name=\"author\" content=\"maranhaotv\" \/>\n<meta name=\"twitter:card\" content=\"summary_large_image\" \/>\n<meta name=\"twitter:creator\" content=\"@sitemaranhaotv\" \/>\n<meta name=\"twitter:site\" content=\"@sitemaranhaotv\" \/>\n<meta name=\"twitter:label1\" content=\"Escrito por\" \/>\n\t<meta name=\"twitter:data1\" content=\"maranhaotv\" \/>\n\t<meta name=\"twitter:label2\" content=\"Est. tempo de leitura\" \/>\n\t<meta name=\"twitter:data2\" content=\"2 minutos\" \/>\n<script type=\"application\/ld+json\" class=\"yoast-schema-graph\">{\"@context\":\"https:\\\/\\\/schema.org\",\"@graph\":[{\"@type\":\"Article\",\"@id\":\"https:\\\/\\\/maranhaotv.com.br\\\/index.php\\\/2023\\\/07\\\/28\\\/absurdo-presidente-da-camara-de-viana-faz-b-o-contra-populacao-que-critica-votacao-de-projetos-que-beneficiam-vereadores\\\/#article\",\"isPartOf\":{\"@id\":\"https:\\\/\\\/maranhaotv.com.br\\\/index.php\\\/2023\\\/07\\\/28\\\/absurdo-presidente-da-camara-de-viana-faz-b-o-contra-populacao-que-critica-votacao-de-projetos-que-beneficiam-vereadores\\\/\"},\"author\":{\"name\":\"maranhaotv\",\"@id\":\"https:\\\/\\\/maranhaotv.com.br\\\/#\\\/schema\\\/person\\\/3d54238e86b20bb5c89ab2fdb8f8829a\"},\"headline\":\"Absurdo: Presidente da C\u00e2mara de Viana faz B.O contra popula\u00e7\u00e3o que cr\u00edtica vota\u00e7\u00e3o de projetos que beneficiam vereadores\",\"datePublished\":\"2023-07-28T14:54:08+00:00\",\"mainEntityOfPage\":{\"@id\":\"https:\\\/\\\/maranhaotv.com.br\\\/index.php\\\/2023\\\/07\\\/28\\\/absurdo-presidente-da-camara-de-viana-faz-b-o-contra-populacao-que-critica-votacao-de-projetos-que-beneficiam-vereadores\\\/\"},\"wordCount\":425,\"commentCount\":0,\"publisher\":{\"@id\":\"https:\\\/\\\/maranhaotv.com.br\\\/#organization\"},\"image\":{\"@id\":\"https:\\\/\\\/maranhaotv.com.br\\\/index.php\\\/2023\\\/07\\\/28\\\/absurdo-presidente-da-camara-de-viana-faz-b-o-contra-populacao-que-critica-votacao-de-projetos-que-beneficiam-vereadores\\\/#primaryimage\"},\"thumbnailUrl\":\"\",\"keywords\":[\"C\u00e2mara de Vereadores de Viana\",\"Lauryfrancy Gomes\"],\"articleSection\":[\"pol\u00edtica\"],\"inLanguage\":\"pt-BR\",\"potentialAction\":[{\"@type\":\"CommentAction\",\"name\":\"Comment\",\"target\":[\"https:\\\/\\\/maranhaotv.com.br\\\/index.php\\\/2023\\\/07\\\/28\\\/absurdo-presidente-da-camara-de-viana-faz-b-o-contra-populacao-que-critica-votacao-de-projetos-que-beneficiam-vereadores\\\/#respond\"]}]},{\"@type\":\"WebPage\",\"@id\":\"https:\\\/\\\/maranhaotv.com.br\\\/index.php\\\/2023\\\/07\\\/28\\\/absurdo-presidente-da-camara-de-viana-faz-b-o-contra-populacao-que-critica-votacao-de-projetos-que-beneficiam-vereadores\\\/\",\"url\":\"https:\\\/\\\/maranhaotv.com.br\\\/index.php\\\/2023\\\/07\\\/28\\\/absurdo-presidente-da-camara-de-viana-faz-b-o-contra-populacao-que-critica-votacao-de-projetos-que-beneficiam-vereadores\\\/\",\"name\":\"Absurdo: Presidente da C\u00e2mara de Viana faz B.O contra popula\u00e7\u00e3o que cr\u00edtica vota\u00e7\u00e3o de projetos que beneficiam vereadores - NOT\u00cdCIAS EM TEMPO REAL\",\"isPartOf\":{\"@id\":\"https:\\\/\\\/maranhaotv.com.br\\\/#website\"},\"primaryImageOfPage\":{\"@id\":\"https:\\\/\\\/maranhaotv.com.br\\\/index.php\\\/2023\\\/07\\\/28\\\/absurdo-presidente-da-camara-de-viana-faz-b-o-contra-populacao-que-critica-votacao-de-projetos-que-beneficiam-vereadores\\\/#primaryimage\"},\"image\":{\"@id\":\"https:\\\/\\\/maranhaotv.com.br\\\/index.php\\\/2023\\\/07\\\/28\\\/absurdo-presidente-da-camara-de-viana-faz-b-o-contra-populacao-que-critica-votacao-de-projetos-que-beneficiam-vereadores\\\/#primaryimage\"},\"thumbnailUrl\":\"\",\"datePublished\":\"2023-07-28T14:54:08+00:00\",\"breadcrumb\":{\"@id\":\"https:\\\/\\\/maranhaotv.com.br\\\/index.php\\\/2023\\\/07\\\/28\\\/absurdo-presidente-da-camara-de-viana-faz-b-o-contra-populacao-que-critica-votacao-de-projetos-que-beneficiam-vereadores\\\/#breadcrumb\"},\"inLanguage\":\"pt-BR\",\"potentialAction\":[{\"@type\":\"ReadAction\",\"target\":[\"https:\\\/\\\/maranhaotv.com.br\\\/index.php\\\/2023\\\/07\\\/28\\\/absurdo-presidente-da-camara-de-viana-faz-b-o-contra-populacao-que-critica-votacao-de-projetos-que-beneficiam-vereadores\\\/\"]}]},{\"@type\":\"ImageObject\",\"inLanguage\":\"pt-BR\",\"@id\":\"https:\\\/\\\/maranhaotv.com.br\\\/index.php\\\/2023\\\/07\\\/28\\\/absurdo-presidente-da-camara-de-viana-faz-b-o-contra-populacao-que-critica-votacao-de-projetos-que-beneficiam-vereadores\\\/#primaryimage\",\"url\":\"\",\"contentUrl\":\"\"},{\"@type\":\"BreadcrumbList\",\"@id\":\"https:\\\/\\\/maranhaotv.com.br\\\/index.php\\\/2023\\\/07\\\/28\\\/absurdo-presidente-da-camara-de-viana-faz-b-o-contra-populacao-que-critica-votacao-de-projetos-que-beneficiam-vereadores\\\/#breadcrumb\",\"itemListElement\":[{\"@type\":\"ListItem\",\"position\":1,\"name\":\"In\u00edcio\",\"item\":\"https:\\\/\\\/maranhaotv.com.br\\\/\"},{\"@type\":\"ListItem\",\"position\":2,\"name\":\"Absurdo: Presidente da C\u00e2mara de Viana faz B.O contra popula\u00e7\u00e3o que cr\u00edtica vota\u00e7\u00e3o de projetos que beneficiam vereadores\"}]},{\"@type\":\"WebSite\",\"@id\":\"https:\\\/\\\/maranhaotv.com.br\\\/#website\",\"url\":\"https:\\\/\\\/maranhaotv.com.br\\\/\",\"name\":\"Maranh\u00e3oTV\",\"description\":\"\",\"publisher\":{\"@id\":\"https:\\\/\\\/maranhaotv.com.br\\\/#organization\"},\"potentialAction\":[{\"@type\":\"SearchAction\",\"target\":{\"@type\":\"EntryPoint\",\"urlTemplate\":\"https:\\\/\\\/maranhaotv.com.br\\\/?s={search_term_string}\"},\"query-input\":{\"@type\":\"PropertyValueSpecification\",\"valueRequired\":true,\"valueName\":\"search_term_string\"}}],\"inLanguage\":\"pt-BR\"},{\"@type\":\"Organization\",\"@id\":\"https:\\\/\\\/maranhaotv.com.br\\\/#organization\",\"name\":\"Portal de Not\u00edcias\",\"url\":\"https:\\\/\\\/maranhaotv.com.br\\\/\",\"logo\":{\"@type\":\"ImageObject\",\"inLanguage\":\"pt-BR\",\"@id\":\"https:\\\/\\\/maranhaotv.com.br\\\/#\\\/schema\\\/logo\\\/image\\\/\",\"url\":\"https:\\\/\\\/maranhaotv.com.br\\\/wp-content\\\/uploads\\\/2024\\\/05\\\/cropped-cropped-avatar-1.png\",\"contentUrl\":\"https:\\\/\\\/maranhaotv.com.br\\\/wp-content\\\/uploads\\\/2024\\\/05\\\/cropped-cropped-avatar-1.png\",\"width\":792,\"height\":428,\"caption\":\"Portal de Not\u00edcias\"},\"image\":{\"@id\":\"https:\\\/\\\/maranhaotv.com.br\\\/#\\\/schema\\\/logo\\\/image\\\/\"},\"sameAs\":[\"https:\\\/\\\/www.facebook.com\\\/maiobaotv\",\"https:\\\/\\\/x.com\\\/sitemaranhaotv\",\"https:\\\/\\\/www.instagram.com\\\/maranhao.tv\",\"https:\\\/\\\/www.threads.net\\\/@maranhao.tv\"]},{\"@type\":\"Person\",\"@id\":\"https:\\\/\\\/maranhaotv.com.br\\\/#\\\/schema\\\/person\\\/3d54238e86b20bb5c89ab2fdb8f8829a\",\"name\":\"maranhaotv\",\"image\":{\"@type\":\"ImageObject\",\"inLanguage\":\"pt-BR\",\"@id\":\"https:\\\/\\\/secure.gravatar.com\\\/avatar\\\/8fadbca458d4cb68b1dd399ae9a40618d747bb1af65ac9fad21c89220a143eb4?s=96&d=mm&r=g\",\"url\":\"https:\\\/\\\/secure.gravatar.com\\\/avatar\\\/8fadbca458d4cb68b1dd399ae9a40618d747bb1af65ac9fad21c89220a143eb4?s=96&d=mm&r=g\",\"contentUrl\":\"https:\\\/\\\/secure.gravatar.com\\\/avatar\\\/8fadbca458d4cb68b1dd399ae9a40618d747bb1af65ac9fad21c89220a143eb4?s=96&d=mm&r=g\",\"caption\":\"maranhaotv\"},\"sameAs\":[\"https:\\\/\\\/maranhaotv.com.br\\\/\"],\"url\":\"https:\\\/\\\/maranhaotv.com.br\\\/index.php\\\/author\\\/maranhaotv\\\/\"}]}<\/script>\n<!-- \/ Yoast SEO plugin. -->","yoast_head_json":{"title":"Absurdo: Presidente da C\u00e2mara de Viana faz B.O contra popula\u00e7\u00e3o que cr\u00edtica vota\u00e7\u00e3o de projetos que beneficiam vereadores - NOT\u00cdCIAS EM TEMPO REAL","robots":{"index":"index","follow":"follow","max-snippet":"max-snippet:-1","max-image-preview":"max-image-preview:large","max-video-preview":"max-video-preview:-1"},"canonical":"https:\/\/maranhaotv.com.br\/index.php\/2023\/07\/28\/absurdo-presidente-da-camara-de-viana-faz-b-o-contra-populacao-que-critica-votacao-de-projetos-que-beneficiam-vereadores\/","og_locale":"pt_BR","og_type":"article","og_title":"Absurdo: Presidente da C\u00e2mara de Viana faz B.O contra popula\u00e7\u00e3o que cr\u00edtica vota\u00e7\u00e3o de projetos que beneficiam vereadores - NOT\u00cdCIAS EM TEMPO REAL","og_description":"A Presidente da C\u00e2mara de Vereadores de Viana, teve uma atitude nada republicana e democr\u00e1tica, agora, ao ser criticada em","og_url":"https:\/\/maranhaotv.com.br\/index.php\/2023\/07\/28\/absurdo-presidente-da-camara-de-viana-faz-b-o-contra-populacao-que-critica-votacao-de-projetos-que-beneficiam-vereadores\/","og_site_name":"NOT\u00cdCIAS EM TEMPO REAL","article_publisher":"https:\/\/www.facebook.com\/maiobaotv","article_published_time":"2023-07-28T14:54:08+00:00","author":"maranhaotv","twitter_card":"summary_large_image","twitter_creator":"@sitemaranhaotv","twitter_site":"@sitemaranhaotv","twitter_misc":{"Escrito por":"maranhaotv","Est. tempo de leitura":"2 minutos"},"schema":{"@context":"https:\/\/schema.org","@graph":[{"@type":"Article","@id":"https:\/\/maranhaotv.com.br\/index.php\/2023\/07\/28\/absurdo-presidente-da-camara-de-viana-faz-b-o-contra-populacao-que-critica-votacao-de-projetos-que-beneficiam-vereadores\/#article","isPartOf":{"@id":"https:\/\/maranhaotv.com.br\/index.php\/2023\/07\/28\/absurdo-presidente-da-camara-de-viana-faz-b-o-contra-populacao-que-critica-votacao-de-projetos-que-beneficiam-vereadores\/"},"author":{"name":"maranhaotv","@id":"https:\/\/maranhaotv.com.br\/#\/schema\/person\/3d54238e86b20bb5c89ab2fdb8f8829a"},"headline":"Absurdo: Presidente da C\u00e2mara de Viana faz B.O contra popula\u00e7\u00e3o que cr\u00edtica vota\u00e7\u00e3o de projetos que beneficiam vereadores","datePublished":"2023-07-28T14:54:08+00:00","mainEntityOfPage":{"@id":"https:\/\/maranhaotv.com.br\/index.php\/2023\/07\/28\/absurdo-presidente-da-camara-de-viana-faz-b-o-contra-populacao-que-critica-votacao-de-projetos-que-beneficiam-vereadores\/"},"wordCount":425,"commentCount":0,"publisher":{"@id":"https:\/\/maranhaotv.com.br\/#organization"},"image":{"@id":"https:\/\/maranhaotv.com.br\/index.php\/2023\/07\/28\/absurdo-presidente-da-camara-de-viana-faz-b-o-contra-populacao-que-critica-votacao-de-projetos-que-beneficiam-vereadores\/#primaryimage"},"thumbnailUrl":"","keywords":["C\u00e2mara de Vereadores de Viana","Lauryfrancy Gomes"],"articleSection":["pol\u00edtica"],"inLanguage":"pt-BR","potentialAction":[{"@type":"CommentAction","name":"Comment","target":["https:\/\/maranhaotv.com.br\/index.php\/2023\/07\/28\/absurdo-presidente-da-camara-de-viana-faz-b-o-contra-populacao-que-critica-votacao-de-projetos-que-beneficiam-vereadores\/#respond"]}]},{"@type":"WebPage","@id":"https:\/\/maranhaotv.com.br\/index.php\/2023\/07\/28\/absurdo-presidente-da-camara-de-viana-faz-b-o-contra-populacao-que-critica-votacao-de-projetos-que-beneficiam-vereadores\/","url":"https:\/\/maranhaotv.com.br\/index.php\/2023\/07\/28\/absurdo-presidente-da-camara-de-viana-faz-b-o-contra-populacao-que-critica-votacao-de-projetos-que-beneficiam-vereadores\/","name":"Absurdo: Presidente da C\u00e2mara de Viana faz B.O contra popula\u00e7\u00e3o que cr\u00edtica vota\u00e7\u00e3o de projetos que beneficiam vereadores - NOT\u00cdCIAS EM TEMPO REAL","isPartOf":{"@id":"https:\/\/maranhaotv.com.br\/#website"},"primaryImageOfPage":{"@id":"https:\/\/maranhaotv.com.br\/index.php\/2023\/07\/28\/absurdo-presidente-da-camara-de-viana-faz-b-o-contra-populacao-que-critica-votacao-de-projetos-que-beneficiam-vereadores\/#primaryimage"},"image":{"@id":"https:\/\/maranhaotv.com.br\/index.php\/2023\/07\/28\/absurdo-presidente-da-camara-de-viana-faz-b-o-contra-populacao-que-critica-votacao-de-projetos-que-beneficiam-vereadores\/#primaryimage"},"thumbnailUrl":"","datePublished":"2023-07-28T14:54:08+00:00","breadcrumb":{"@id":"https:\/\/maranhaotv.com.br\/index.php\/2023\/07\/28\/absurdo-presidente-da-camara-de-viana-faz-b-o-contra-populacao-que-critica-votacao-de-projetos-que-beneficiam-vereadores\/#breadcrumb"},"inLanguage":"pt-BR","potentialAction":[{"@type":"ReadAction","target":["https:\/\/maranhaotv.com.br\/index.php\/2023\/07\/28\/absurdo-presidente-da-camara-de-viana-faz-b-o-contra-populacao-que-critica-votacao-de-projetos-que-beneficiam-vereadores\/"]}]},{"@type":"ImageObject","inLanguage":"pt-BR","@id":"https:\/\/maranhaotv.com.br\/index.php\/2023\/07\/28\/absurdo-presidente-da-camara-de-viana-faz-b-o-contra-populacao-que-critica-votacao-de-projetos-que-beneficiam-vereadores\/#primaryimage","url":"","contentUrl":""},{"@type":"BreadcrumbList","@id":"https:\/\/maranhaotv.com.br\/index.php\/2023\/07\/28\/absurdo-presidente-da-camara-de-viana-faz-b-o-contra-populacao-que-critica-votacao-de-projetos-que-beneficiam-vereadores\/#breadcrumb","itemListElement":[{"@type":"ListItem","position":1,"name":"In\u00edcio","item":"https:\/\/maranhaotv.com.br\/"},{"@type":"ListItem","position":2,"name":"Absurdo: Presidente da C\u00e2mara de Viana faz B.O contra popula\u00e7\u00e3o que cr\u00edtica vota\u00e7\u00e3o de projetos que beneficiam vereadores"}]},{"@type":"WebSite","@id":"https:\/\/maranhaotv.com.br\/#website","url":"https:\/\/maranhaotv.com.br\/","name":"Maranh\u00e3oTV","description":"","publisher":{"@id":"https:\/\/maranhaotv.com.br\/#organization"},"potentialAction":[{"@type":"SearchAction","target":{"@type":"EntryPoint","urlTemplate":"https:\/\/maranhaotv.com.br\/?s={search_term_string}"},"query-input":{"@type":"PropertyValueSpecification","valueRequired":true,"valueName":"search_term_string"}}],"inLanguage":"pt-BR"},{"@type":"Organization","@id":"https:\/\/maranhaotv.com.br\/#organization","name":"Portal de Not\u00edcias","url":"https:\/\/maranhaotv.com.br\/","logo":{"@type":"ImageObject","inLanguage":"pt-BR","@id":"https:\/\/maranhaotv.com.br\/#\/schema\/logo\/image\/","url":"https:\/\/maranhaotv.com.br\/wp-content\/uploads\/2024\/05\/cropped-cropped-avatar-1.png","contentUrl":"https:\/\/maranhaotv.com.br\/wp-content\/uploads\/2024\/05\/cropped-cropped-avatar-1.png","width":792,"height":428,"caption":"Portal de Not\u00edcias"},"image":{"@id":"https:\/\/maranhaotv.com.br\/#\/schema\/logo\/image\/"},"sameAs":["https:\/\/www.facebook.com\/maiobaotv","https:\/\/x.com\/sitemaranhaotv","https:\/\/www.instagram.com\/maranhao.tv","https:\/\/www.threads.net\/@maranhao.tv"]},{"@type":"Person","@id":"https:\/\/maranhaotv.com.br\/#\/schema\/person\/3d54238e86b20bb5c89ab2fdb8f8829a","name":"maranhaotv","image":{"@type":"ImageObject","inLanguage":"pt-BR","@id":"https:\/\/secure.gravatar.com\/avatar\/8fadbca458d4cb68b1dd399ae9a40618d747bb1af65ac9fad21c89220a143eb4?s=96&d=mm&r=g","url":"https:\/\/secure.gravatar.com\/avatar\/8fadbca458d4cb68b1dd399ae9a40618d747bb1af65ac9fad21c89220a143eb4?s=96&d=mm&r=g","contentUrl":"https:\/\/secure.gravatar.com\/avatar\/8fadbca458d4cb68b1dd399ae9a40618d747bb1af65ac9fad21c89220a143eb4?s=96&d=mm&r=g","caption":"maranhaotv"},"sameAs":["https:\/\/maranhaotv.com.br\/"],"url":"https:\/\/maranhaotv.com.br\/index.php\/author\/maranhaotv\/"}]}},"jetpack_featured_media_url":"","jetpack_sharing_enabled":true,"_links":{"self":[{"href":"https:\/\/maranhaotv.com.br\/index.php\/wp-json\/wp\/v2\/posts\/32465","targetHints":{"allow":["GET"]}}],"collection":[{"href":"https:\/\/maranhaotv.com.br\/index.php\/wp-json\/wp\/v2\/posts"}],"about":[{"href":"https:\/\/maranhaotv.com.br\/index.php\/wp-json\/wp\/v2\/types\/post"}],"author":[{"embeddable":true,"href":"https:\/\/maranhaotv.com.br\/index.php\/wp-json\/wp\/v2\/users\/2"}],"replies":[{"embeddable":true,"href":"https:\/\/maranhaotv.com.br\/index.php\/wp-json\/wp\/v2\/comments?post=32465"}],"version-history":[{"count":0,"href":"https:\/\/maranhaotv.com.br\/index.php\/wp-json\/wp\/v2\/posts\/32465\/revisions"}],"wp:featuredmedia":[{"embeddable":true,"href":"https:\/\/maranhaotv.com.br\/index.php\/wp-json\/"}],"wp:attachment":[{"href":"https:\/\/maranhaotv.com.br\/index.php\/wp-json\/wp\/v2\/media?parent=32465"}],"wp:term":[{"taxonomy":"category","embeddable":true,"href":"https:\/\/maranhaotv.com.br\/index.php\/wp-json\/wp\/v2\/categories?post=32465"},{"taxonomy":"post_tag","embeddable":true,"href":"https:\/\/maranhaotv.com.br\/index.php\/wp-json\/wp\/v2\/tags?post=32465"}],"curies":[{"name":"wp","href":"https:\/\/api.w.org\/{rel}","templated":true}]}}