{"id":32472,"date":"2023-07-28T14:06:04","date_gmt":"2023-07-28T17:06:04","guid":{"rendered":"https:\/\/maranhaotv.com.br\/?p=32472"},"modified":"2023-07-28T14:06:04","modified_gmt":"2023-07-28T17:06:04","slug":"projeto-de-combate-ao-mosquito-aedes-aegypti-agita-criancada-da-vila-sao-jose-iicriancas-da-vila-sao-jose-recebem-orientacao-de-combate-ao-mosquito-aedes-aegypti","status":"publish","type":"post","link":"https:\/\/maranhaotv.com.br\/index.php\/2023\/07\/28\/projeto-de-combate-ao-mosquito-aedes-aegypti-agita-criancada-da-vila-sao-jose-iicriancas-da-vila-sao-jose-recebem-orientacao-de-combate-ao-mosquito-aedes-aegypti\/","title":{"rendered":"Projeto de combate ao mosquito Aedes aegypti agita crian\u00e7ada da Vila S\u00e3o Jos\u00e9 II"},"content":{"rendered":"\n<p><br \/>PA\u00c7O DO LUMIAR \u2013 Nesta quinta-feira (27), a Prefeitura de Pa\u00e7o do Lumiar, por meio da Secretaria Municipal de Sa\u00fade (SEMUS), realizou a a\u00e7\u00e3o do projeto F\u00e9rias no Combate ao mosquito Aedes aegypti, no bairro Vila S\u00e3o Jos\u00e9 II.<br \/>De acordo com a Secret\u00e1ria Municipal de Sa\u00fade Danielle Oliveira, o objetivo da a\u00e7\u00e3o \u00e9 conscientizar a popula\u00e7\u00e3o luminense sobre a import\u00e2ncia da preven\u00e7\u00e3o e do combate \u00e0 prolifera\u00e7\u00e3o do mosquito Aedes aegypti, por meio de a\u00e7\u00f5es efetivas, agindo diretamente na quebra do ciclo de vida deste. \u201cNada melhor que fazer campanhas de orienta\u00e7\u00e3o com a crian\u00e7ada, pois elas, s\u00e3o grandes multiplicadoras de informa\u00e7\u00f5es para os pais e respons\u00e1veis\u201d, explicou a Secret\u00e1ria Danielle.<br \/>A Chefe de Departamento da Divis\u00e3o de Arboviroses da SEMUS de Pa\u00e7o do Lumiar, Tain\u00e1 Serra Coelho Marques, explicou que o impacto na sa\u00fade p\u00fablica por meio das a\u00e7\u00f5es preventivas contribui para a diminui\u00e7\u00e3o de surtos e epidemias de doen\u00e7as causadas pelo vetor Aedes aegypti. \u201cAproveitamos as f\u00e9rias da crian\u00e7ada para elas nos ajudarem a fortalecer a campanha de combate ao mosquito Aedes e assim, coibir ainda a infec\u00e7\u00e3o e prolifera\u00e7\u00e3o do mosquito\u201d, disse a chefe de departamento Tain\u00e1.<br \/>Al\u00e9m da palestra educativa, a crian\u00e7ada teve direito a lanche a sorteio de passeio no Wang Park com direito a acompanhante.<\/p>\n\n\n\n<figure class=\"wp-block-image size-large\"><img decoding=\"async\" src=\"https:\/\/maranhaotv.com.br\/wp-content\/uploads\/2023\/07\/IMG-20230728-WA0269-1024x683.jpg\" alt=\"\" class=\"wp-image-32470\"\/><\/figure>\n","protected":false},"excerpt":{"rendered":"<p>PA\u00c7O DO LUMIAR \u2013 Nesta quinta-feira (27), a Prefeitura de Pa\u00e7o do Lumiar, por meio da Secretaria Municipal de Sa\u00fade<\/p>\n","protected":false},"author":2,"featured_media":32471,"comment_status":"open","ping_status":"open","sticky":false,"template":"","format":"standard","meta":{"colormag_page_container_layout":"default_layout","colormag_page_sidebar_layout":"default_layout","_jetpack_memberships_contains_paid_content":false,"footnotes":""},"categories":[8],"tags":[],"class_list":["post-32472","post","type-post","status-publish","format-standard","has-post-thumbnail","hentry","category-servicos"],"magazineBlocksPostFeaturedMedia":{"thumbnail":false,"medium":false,"medium_large":false,"large":false,"1536x1536":false,"2048x2048":false,"colormag-highlighted-post":false,"colormag-featured-post-medium":false,"colormag-featured-post-small":false,"colormag-featured-image":false,"colormag-default-news":false,"colormag-featured-image-large":false},"magazineBlocksPostAuthor":{"name":"maranhaotv","avatar":"https:\/\/secure.gravatar.com\/avatar\/8fadbca458d4cb68b1dd399ae9a40618d747bb1af65ac9fad21c89220a143eb4?s=96&d=mm&r=g"},"magazineBlocksPostCommentsNumber":"0","magazineBlocksPostExcerpt":"PA\u00c7O DO LUMIAR \u2013 Nesta quinta-feira (27), a Prefeitura de Pa\u00e7o do Lumiar, por meio da Secretaria Municipal de Sa\u00fade","magazineBlocksPostCategories":["servi\u00e7os"],"magazineBlocksPostViewCount":192,"magazineBlocksPostReadTime":2,"magazine_blocks_featured_image_url":{"full":false,"medium":false,"thumbnail":false},"magazine_blocks_author":{"display_name":"maranhaotv","author_link":"https:\/\/maranhaotv.com.br\/index.php\/author\/maranhaotv\/"},"magazine_blocks_comment":0,"magazine_blocks_author_image":"https:\/\/secure.gravatar.com\/avatar\/8fadbca458d4cb68b1dd399ae9a40618d747bb1af65ac9fad21c89220a143eb4?s=96&d=mm&r=g","magazine_blocks_category":"<a href=\"#\" class=\"category-link category-link-8\">servi\u00e7os<\/a>","yoast_head":"<!-- This site is optimized with the Yoast SEO plugin v27.4 - https:\/\/yoast.com\/product\/yoast-seo-wordpress\/ -->\n<title>Projeto de combate ao mosquito Aedes aegypti agita crian\u00e7ada da Vila S\u00e3o Jos\u00e9 II - NOT\u00cdCIAS EM TEMPO REAL<\/title>\n<meta name=\"robots\" content=\"index, follow, max-snippet:-1, max-image-preview:large, max-video-preview:-1\" \/>\n<link rel=\"canonical\" href=\"https:\/\/maranhaotv.com.br\/index.php\/2023\/07\/28\/projeto-de-combate-ao-mosquito-aedes-aegypti-agita-criancada-da-vila-sao-jose-iicriancas-da-vila-sao-jose-recebem-orientacao-de-combate-ao-mosquito-aedes-aegypti\/\" \/>\n<meta property=\"og:locale\" content=\"pt_BR\" \/>\n<meta property=\"og:type\" content=\"article\" \/>\n<meta property=\"og:title\" content=\"Projeto de combate ao mosquito Aedes aegypti agita crian\u00e7ada da Vila S\u00e3o Jos\u00e9 II - NOT\u00cdCIAS EM TEMPO REAL\" \/>\n<meta property=\"og:description\" content=\"PA\u00c7O DO LUMIAR \u2013 Nesta quinta-feira (27), a Prefeitura de Pa\u00e7o do Lumiar, por meio da Secretaria Municipal de Sa\u00fade\" \/>\n<meta property=\"og:url\" content=\"https:\/\/maranhaotv.com.br\/index.php\/2023\/07\/28\/projeto-de-combate-ao-mosquito-aedes-aegypti-agita-criancada-da-vila-sao-jose-iicriancas-da-vila-sao-jose-recebem-orientacao-de-combate-ao-mosquito-aedes-aegypti\/\" \/>\n<meta property=\"og:site_name\" content=\"NOT\u00cdCIAS EM TEMPO REAL\" \/>\n<meta property=\"article:publisher\" content=\"https:\/\/www.facebook.com\/maiobaotv\" \/>\n<meta property=\"article:published_time\" content=\"2023-07-28T17:06:04+00:00\" \/>\n<meta name=\"author\" content=\"maranhaotv\" \/>\n<meta name=\"twitter:card\" content=\"summary_large_image\" \/>\n<meta name=\"twitter:creator\" content=\"@sitemaranhaotv\" \/>\n<meta name=\"twitter:site\" content=\"@sitemaranhaotv\" \/>\n<meta name=\"twitter:label1\" content=\"Escrito por\" \/>\n\t<meta name=\"twitter:data1\" content=\"maranhaotv\" \/>\n\t<meta name=\"twitter:label2\" content=\"Est. tempo de leitura\" \/>\n\t<meta name=\"twitter:data2\" content=\"1 minuto\" \/>\n<script type=\"application\/ld+json\" class=\"yoast-schema-graph\">{\"@context\":\"https:\\\/\\\/schema.org\",\"@graph\":[{\"@type\":\"Article\",\"@id\":\"https:\\\/\\\/maranhaotv.com.br\\\/index.php\\\/2023\\\/07\\\/28\\\/projeto-de-combate-ao-mosquito-aedes-aegypti-agita-criancada-da-vila-sao-jose-iicriancas-da-vila-sao-jose-recebem-orientacao-de-combate-ao-mosquito-aedes-aegypti\\\/#article\",\"isPartOf\":{\"@id\":\"https:\\\/\\\/maranhaotv.com.br\\\/index.php\\\/2023\\\/07\\\/28\\\/projeto-de-combate-ao-mosquito-aedes-aegypti-agita-criancada-da-vila-sao-jose-iicriancas-da-vila-sao-jose-recebem-orientacao-de-combate-ao-mosquito-aedes-aegypti\\\/\"},\"author\":{\"name\":\"maranhaotv\",\"@id\":\"https:\\\/\\\/maranhaotv.com.br\\\/#\\\/schema\\\/person\\\/3d54238e86b20bb5c89ab2fdb8f8829a\"},\"headline\":\"Projeto de combate ao mosquito Aedes aegypti agita crian\u00e7ada da Vila S\u00e3o Jos\u00e9 II\",\"datePublished\":\"2023-07-28T17:06:04+00:00\",\"mainEntityOfPage\":{\"@id\":\"https:\\\/\\\/maranhaotv.com.br\\\/index.php\\\/2023\\\/07\\\/28\\\/projeto-de-combate-ao-mosquito-aedes-aegypti-agita-criancada-da-vila-sao-jose-iicriancas-da-vila-sao-jose-recebem-orientacao-de-combate-ao-mosquito-aedes-aegypti\\\/\"},\"wordCount\":257,\"commentCount\":0,\"publisher\":{\"@id\":\"https:\\\/\\\/maranhaotv.com.br\\\/#organization\"},\"image\":{\"@id\":\"https:\\\/\\\/maranhaotv.com.br\\\/index.php\\\/2023\\\/07\\\/28\\\/projeto-de-combate-ao-mosquito-aedes-aegypti-agita-criancada-da-vila-sao-jose-iicriancas-da-vila-sao-jose-recebem-orientacao-de-combate-ao-mosquito-aedes-aegypti\\\/#primaryimage\"},\"thumbnailUrl\":\"\",\"articleSection\":[\"servi\u00e7os\"],\"inLanguage\":\"pt-BR\",\"potentialAction\":[{\"@type\":\"CommentAction\",\"name\":\"Comment\",\"target\":[\"https:\\\/\\\/maranhaotv.com.br\\\/index.php\\\/2023\\\/07\\\/28\\\/projeto-de-combate-ao-mosquito-aedes-aegypti-agita-criancada-da-vila-sao-jose-iicriancas-da-vila-sao-jose-recebem-orientacao-de-combate-ao-mosquito-aedes-aegypti\\\/#respond\"]}]},{\"@type\":\"WebPage\",\"@id\":\"https:\\\/\\\/maranhaotv.com.br\\\/index.php\\\/2023\\\/07\\\/28\\\/projeto-de-combate-ao-mosquito-aedes-aegypti-agita-criancada-da-vila-sao-jose-iicriancas-da-vila-sao-jose-recebem-orientacao-de-combate-ao-mosquito-aedes-aegypti\\\/\",\"url\":\"https:\\\/\\\/maranhaotv.com.br\\\/index.php\\\/2023\\\/07\\\/28\\\/projeto-de-combate-ao-mosquito-aedes-aegypti-agita-criancada-da-vila-sao-jose-iicriancas-da-vila-sao-jose-recebem-orientacao-de-combate-ao-mosquito-aedes-aegypti\\\/\",\"name\":\"Projeto de combate ao mosquito Aedes aegypti agita crian\u00e7ada da Vila S\u00e3o Jos\u00e9 II - NOT\u00cdCIAS EM TEMPO REAL\",\"isPartOf\":{\"@id\":\"https:\\\/\\\/maranhaotv.com.br\\\/#website\"},\"primaryImageOfPage\":{\"@id\":\"https:\\\/\\\/maranhaotv.com.br\\\/index.php\\\/2023\\\/07\\\/28\\\/projeto-de-combate-ao-mosquito-aedes-aegypti-agita-criancada-da-vila-sao-jose-iicriancas-da-vila-sao-jose-recebem-orientacao-de-combate-ao-mosquito-aedes-aegypti\\\/#primaryimage\"},\"image\":{\"@id\":\"https:\\\/\\\/maranhaotv.com.br\\\/index.php\\\/2023\\\/07\\\/28\\\/projeto-de-combate-ao-mosquito-aedes-aegypti-agita-criancada-da-vila-sao-jose-iicriancas-da-vila-sao-jose-recebem-orientacao-de-combate-ao-mosquito-aedes-aegypti\\\/#primaryimage\"},\"thumbnailUrl\":\"\",\"datePublished\":\"2023-07-28T17:06:04+00:00\",\"breadcrumb\":{\"@id\":\"https:\\\/\\\/maranhaotv.com.br\\\/index.php\\\/2023\\\/07\\\/28\\\/projeto-de-combate-ao-mosquito-aedes-aegypti-agita-criancada-da-vila-sao-jose-iicriancas-da-vila-sao-jose-recebem-orientacao-de-combate-ao-mosquito-aedes-aegypti\\\/#breadcrumb\"},\"inLanguage\":\"pt-BR\",\"potentialAction\":[{\"@type\":\"ReadAction\",\"target\":[\"https:\\\/\\\/maranhaotv.com.br\\\/index.php\\\/2023\\\/07\\\/28\\\/projeto-de-combate-ao-mosquito-aedes-aegypti-agita-criancada-da-vila-sao-jose-iicriancas-da-vila-sao-jose-recebem-orientacao-de-combate-ao-mosquito-aedes-aegypti\\\/\"]}]},{\"@type\":\"ImageObject\",\"inLanguage\":\"pt-BR\",\"@id\":\"https:\\\/\\\/maranhaotv.com.br\\\/index.php\\\/2023\\\/07\\\/28\\\/projeto-de-combate-ao-mosquito-aedes-aegypti-agita-criancada-da-vila-sao-jose-iicriancas-da-vila-sao-jose-recebem-orientacao-de-combate-ao-mosquito-aedes-aegypti\\\/#primaryimage\",\"url\":\"\",\"contentUrl\":\"\"},{\"@type\":\"BreadcrumbList\",\"@id\":\"https:\\\/\\\/maranhaotv.com.br\\\/index.php\\\/2023\\\/07\\\/28\\\/projeto-de-combate-ao-mosquito-aedes-aegypti-agita-criancada-da-vila-sao-jose-iicriancas-da-vila-sao-jose-recebem-orientacao-de-combate-ao-mosquito-aedes-aegypti\\\/#breadcrumb\",\"itemListElement\":[{\"@type\":\"ListItem\",\"position\":1,\"name\":\"In\u00edcio\",\"item\":\"https:\\\/\\\/maranhaotv.com.br\\\/\"},{\"@type\":\"ListItem\",\"position\":2,\"name\":\"Projeto de combate ao mosquito Aedes aegypti agita crian\u00e7ada da Vila S\u00e3o Jos\u00e9 II\"}]},{\"@type\":\"WebSite\",\"@id\":\"https:\\\/\\\/maranhaotv.com.br\\\/#website\",\"url\":\"https:\\\/\\\/maranhaotv.com.br\\\/\",\"name\":\"Maranh\u00e3oTV\",\"description\":\"\",\"publisher\":{\"@id\":\"https:\\\/\\\/maranhaotv.com.br\\\/#organization\"},\"potentialAction\":[{\"@type\":\"SearchAction\",\"target\":{\"@type\":\"EntryPoint\",\"urlTemplate\":\"https:\\\/\\\/maranhaotv.com.br\\\/?s={search_term_string}\"},\"query-input\":{\"@type\":\"PropertyValueSpecification\",\"valueRequired\":true,\"valueName\":\"search_term_string\"}}],\"inLanguage\":\"pt-BR\"},{\"@type\":\"Organization\",\"@id\":\"https:\\\/\\\/maranhaotv.com.br\\\/#organization\",\"name\":\"Portal de Not\u00edcias\",\"url\":\"https:\\\/\\\/maranhaotv.com.br\\\/\",\"logo\":{\"@type\":\"ImageObject\",\"inLanguage\":\"pt-BR\",\"@id\":\"https:\\\/\\\/maranhaotv.com.br\\\/#\\\/schema\\\/logo\\\/image\\\/\",\"url\":\"https:\\\/\\\/maranhaotv.com.br\\\/wp-content\\\/uploads\\\/2024\\\/05\\\/cropped-cropped-avatar-1.png\",\"contentUrl\":\"https:\\\/\\\/maranhaotv.com.br\\\/wp-content\\\/uploads\\\/2024\\\/05\\\/cropped-cropped-avatar-1.png\",\"width\":792,\"height\":428,\"caption\":\"Portal de Not\u00edcias\"},\"image\":{\"@id\":\"https:\\\/\\\/maranhaotv.com.br\\\/#\\\/schema\\\/logo\\\/image\\\/\"},\"sameAs\":[\"https:\\\/\\\/www.facebook.com\\\/maiobaotv\",\"https:\\\/\\\/x.com\\\/sitemaranhaotv\",\"https:\\\/\\\/www.instagram.com\\\/maranhao.tv\",\"https:\\\/\\\/www.threads.net\\\/@maranhao.tv\"]},{\"@type\":\"Person\",\"@id\":\"https:\\\/\\\/maranhaotv.com.br\\\/#\\\/schema\\\/person\\\/3d54238e86b20bb5c89ab2fdb8f8829a\",\"name\":\"maranhaotv\",\"image\":{\"@type\":\"ImageObject\",\"inLanguage\":\"pt-BR\",\"@id\":\"https:\\\/\\\/secure.gravatar.com\\\/avatar\\\/8fadbca458d4cb68b1dd399ae9a40618d747bb1af65ac9fad21c89220a143eb4?s=96&d=mm&r=g\",\"url\":\"https:\\\/\\\/secure.gravatar.com\\\/avatar\\\/8fadbca458d4cb68b1dd399ae9a40618d747bb1af65ac9fad21c89220a143eb4?s=96&d=mm&r=g\",\"contentUrl\":\"https:\\\/\\\/secure.gravatar.com\\\/avatar\\\/8fadbca458d4cb68b1dd399ae9a40618d747bb1af65ac9fad21c89220a143eb4?s=96&d=mm&r=g\",\"caption\":\"maranhaotv\"},\"sameAs\":[\"https:\\\/\\\/maranhaotv.com.br\\\/\"],\"url\":\"https:\\\/\\\/maranhaotv.com.br\\\/index.php\\\/author\\\/maranhaotv\\\/\"}]}<\/script>\n<!-- \/ Yoast SEO plugin. -->","yoast_head_json":{"title":"Projeto de combate ao mosquito Aedes aegypti agita crian\u00e7ada da Vila S\u00e3o Jos\u00e9 II - NOT\u00cdCIAS EM TEMPO REAL","robots":{"index":"index","follow":"follow","max-snippet":"max-snippet:-1","max-image-preview":"max-image-preview:large","max-video-preview":"max-video-preview:-1"},"canonical":"https:\/\/maranhaotv.com.br\/index.php\/2023\/07\/28\/projeto-de-combate-ao-mosquito-aedes-aegypti-agita-criancada-da-vila-sao-jose-iicriancas-da-vila-sao-jose-recebem-orientacao-de-combate-ao-mosquito-aedes-aegypti\/","og_locale":"pt_BR","og_type":"article","og_title":"Projeto de combate ao mosquito Aedes aegypti agita crian\u00e7ada da Vila S\u00e3o Jos\u00e9 II - NOT\u00cdCIAS EM TEMPO REAL","og_description":"PA\u00c7O DO LUMIAR \u2013 Nesta quinta-feira (27), a Prefeitura de Pa\u00e7o do Lumiar, por meio da Secretaria Municipal de Sa\u00fade","og_url":"https:\/\/maranhaotv.com.br\/index.php\/2023\/07\/28\/projeto-de-combate-ao-mosquito-aedes-aegypti-agita-criancada-da-vila-sao-jose-iicriancas-da-vila-sao-jose-recebem-orientacao-de-combate-ao-mosquito-aedes-aegypti\/","og_site_name":"NOT\u00cdCIAS EM TEMPO REAL","article_publisher":"https:\/\/www.facebook.com\/maiobaotv","article_published_time":"2023-07-28T17:06:04+00:00","author":"maranhaotv","twitter_card":"summary_large_image","twitter_creator":"@sitemaranhaotv","twitter_site":"@sitemaranhaotv","twitter_misc":{"Escrito por":"maranhaotv","Est. tempo de leitura":"1 minuto"},"schema":{"@context":"https:\/\/schema.org","@graph":[{"@type":"Article","@id":"https:\/\/maranhaotv.com.br\/index.php\/2023\/07\/28\/projeto-de-combate-ao-mosquito-aedes-aegypti-agita-criancada-da-vila-sao-jose-iicriancas-da-vila-sao-jose-recebem-orientacao-de-combate-ao-mosquito-aedes-aegypti\/#article","isPartOf":{"@id":"https:\/\/maranhaotv.com.br\/index.php\/2023\/07\/28\/projeto-de-combate-ao-mosquito-aedes-aegypti-agita-criancada-da-vila-sao-jose-iicriancas-da-vila-sao-jose-recebem-orientacao-de-combate-ao-mosquito-aedes-aegypti\/"},"author":{"name":"maranhaotv","@id":"https:\/\/maranhaotv.com.br\/#\/schema\/person\/3d54238e86b20bb5c89ab2fdb8f8829a"},"headline":"Projeto de combate ao mosquito Aedes aegypti agita crian\u00e7ada da Vila S\u00e3o Jos\u00e9 II","datePublished":"2023-07-28T17:06:04+00:00","mainEntityOfPage":{"@id":"https:\/\/maranhaotv.com.br\/index.php\/2023\/07\/28\/projeto-de-combate-ao-mosquito-aedes-aegypti-agita-criancada-da-vila-sao-jose-iicriancas-da-vila-sao-jose-recebem-orientacao-de-combate-ao-mosquito-aedes-aegypti\/"},"wordCount":257,"commentCount":0,"publisher":{"@id":"https:\/\/maranhaotv.com.br\/#organization"},"image":{"@id":"https:\/\/maranhaotv.com.br\/index.php\/2023\/07\/28\/projeto-de-combate-ao-mosquito-aedes-aegypti-agita-criancada-da-vila-sao-jose-iicriancas-da-vila-sao-jose-recebem-orientacao-de-combate-ao-mosquito-aedes-aegypti\/#primaryimage"},"thumbnailUrl":"","articleSection":["servi\u00e7os"],"inLanguage":"pt-BR","potentialAction":[{"@type":"CommentAction","name":"Comment","target":["https:\/\/maranhaotv.com.br\/index.php\/2023\/07\/28\/projeto-de-combate-ao-mosquito-aedes-aegypti-agita-criancada-da-vila-sao-jose-iicriancas-da-vila-sao-jose-recebem-orientacao-de-combate-ao-mosquito-aedes-aegypti\/#respond"]}]},{"@type":"WebPage","@id":"https:\/\/maranhaotv.com.br\/index.php\/2023\/07\/28\/projeto-de-combate-ao-mosquito-aedes-aegypti-agita-criancada-da-vila-sao-jose-iicriancas-da-vila-sao-jose-recebem-orientacao-de-combate-ao-mosquito-aedes-aegypti\/","url":"https:\/\/maranhaotv.com.br\/index.php\/2023\/07\/28\/projeto-de-combate-ao-mosquito-aedes-aegypti-agita-criancada-da-vila-sao-jose-iicriancas-da-vila-sao-jose-recebem-orientacao-de-combate-ao-mosquito-aedes-aegypti\/","name":"Projeto de combate ao mosquito Aedes aegypti agita crian\u00e7ada da Vila S\u00e3o Jos\u00e9 II - NOT\u00cdCIAS EM TEMPO REAL","isPartOf":{"@id":"https:\/\/maranhaotv.com.br\/#website"},"primaryImageOfPage":{"@id":"https:\/\/maranhaotv.com.br\/index.php\/2023\/07\/28\/projeto-de-combate-ao-mosquito-aedes-aegypti-agita-criancada-da-vila-sao-jose-iicriancas-da-vila-sao-jose-recebem-orientacao-de-combate-ao-mosquito-aedes-aegypti\/#primaryimage"},"image":{"@id":"https:\/\/maranhaotv.com.br\/index.php\/2023\/07\/28\/projeto-de-combate-ao-mosquito-aedes-aegypti-agita-criancada-da-vila-sao-jose-iicriancas-da-vila-sao-jose-recebem-orientacao-de-combate-ao-mosquito-aedes-aegypti\/#primaryimage"},"thumbnailUrl":"","datePublished":"2023-07-28T17:06:04+00:00","breadcrumb":{"@id":"https:\/\/maranhaotv.com.br\/index.php\/2023\/07\/28\/projeto-de-combate-ao-mosquito-aedes-aegypti-agita-criancada-da-vila-sao-jose-iicriancas-da-vila-sao-jose-recebem-orientacao-de-combate-ao-mosquito-aedes-aegypti\/#breadcrumb"},"inLanguage":"pt-BR","potentialAction":[{"@type":"ReadAction","target":["https:\/\/maranhaotv.com.br\/index.php\/2023\/07\/28\/projeto-de-combate-ao-mosquito-aedes-aegypti-agita-criancada-da-vila-sao-jose-iicriancas-da-vila-sao-jose-recebem-orientacao-de-combate-ao-mosquito-aedes-aegypti\/"]}]},{"@type":"ImageObject","inLanguage":"pt-BR","@id":"https:\/\/maranhaotv.com.br\/index.php\/2023\/07\/28\/projeto-de-combate-ao-mosquito-aedes-aegypti-agita-criancada-da-vila-sao-jose-iicriancas-da-vila-sao-jose-recebem-orientacao-de-combate-ao-mosquito-aedes-aegypti\/#primaryimage","url":"","contentUrl":""},{"@type":"BreadcrumbList","@id":"https:\/\/maranhaotv.com.br\/index.php\/2023\/07\/28\/projeto-de-combate-ao-mosquito-aedes-aegypti-agita-criancada-da-vila-sao-jose-iicriancas-da-vila-sao-jose-recebem-orientacao-de-combate-ao-mosquito-aedes-aegypti\/#breadcrumb","itemListElement":[{"@type":"ListItem","position":1,"name":"In\u00edcio","item":"https:\/\/maranhaotv.com.br\/"},{"@type":"ListItem","position":2,"name":"Projeto de combate ao mosquito Aedes aegypti agita crian\u00e7ada da Vila S\u00e3o Jos\u00e9 II"}]},{"@type":"WebSite","@id":"https:\/\/maranhaotv.com.br\/#website","url":"https:\/\/maranhaotv.com.br\/","name":"Maranh\u00e3oTV","description":"","publisher":{"@id":"https:\/\/maranhaotv.com.br\/#organization"},"potentialAction":[{"@type":"SearchAction","target":{"@type":"EntryPoint","urlTemplate":"https:\/\/maranhaotv.com.br\/?s={search_term_string}"},"query-input":{"@type":"PropertyValueSpecification","valueRequired":true,"valueName":"search_term_string"}}],"inLanguage":"pt-BR"},{"@type":"Organization","@id":"https:\/\/maranhaotv.com.br\/#organization","name":"Portal de Not\u00edcias","url":"https:\/\/maranhaotv.com.br\/","logo":{"@type":"ImageObject","inLanguage":"pt-BR","@id":"https:\/\/maranhaotv.com.br\/#\/schema\/logo\/image\/","url":"https:\/\/maranhaotv.com.br\/wp-content\/uploads\/2024\/05\/cropped-cropped-avatar-1.png","contentUrl":"https:\/\/maranhaotv.com.br\/wp-content\/uploads\/2024\/05\/cropped-cropped-avatar-1.png","width":792,"height":428,"caption":"Portal de Not\u00edcias"},"image":{"@id":"https:\/\/maranhaotv.com.br\/#\/schema\/logo\/image\/"},"sameAs":["https:\/\/www.facebook.com\/maiobaotv","https:\/\/x.com\/sitemaranhaotv","https:\/\/www.instagram.com\/maranhao.tv","https:\/\/www.threads.net\/@maranhao.tv"]},{"@type":"Person","@id":"https:\/\/maranhaotv.com.br\/#\/schema\/person\/3d54238e86b20bb5c89ab2fdb8f8829a","name":"maranhaotv","image":{"@type":"ImageObject","inLanguage":"pt-BR","@id":"https:\/\/secure.gravatar.com\/avatar\/8fadbca458d4cb68b1dd399ae9a40618d747bb1af65ac9fad21c89220a143eb4?s=96&d=mm&r=g","url":"https:\/\/secure.gravatar.com\/avatar\/8fadbca458d4cb68b1dd399ae9a40618d747bb1af65ac9fad21c89220a143eb4?s=96&d=mm&r=g","contentUrl":"https:\/\/secure.gravatar.com\/avatar\/8fadbca458d4cb68b1dd399ae9a40618d747bb1af65ac9fad21c89220a143eb4?s=96&d=mm&r=g","caption":"maranhaotv"},"sameAs":["https:\/\/maranhaotv.com.br\/"],"url":"https:\/\/maranhaotv.com.br\/index.php\/author\/maranhaotv\/"}]}},"jetpack_featured_media_url":"","jetpack_sharing_enabled":true,"_links":{"self":[{"href":"https:\/\/maranhaotv.com.br\/index.php\/wp-json\/wp\/v2\/posts\/32472","targetHints":{"allow":["GET"]}}],"collection":[{"href":"https:\/\/maranhaotv.com.br\/index.php\/wp-json\/wp\/v2\/posts"}],"about":[{"href":"https:\/\/maranhaotv.com.br\/index.php\/wp-json\/wp\/v2\/types\/post"}],"author":[{"embeddable":true,"href":"https:\/\/maranhaotv.com.br\/index.php\/wp-json\/wp\/v2\/users\/2"}],"replies":[{"embeddable":true,"href":"https:\/\/maranhaotv.com.br\/index.php\/wp-json\/wp\/v2\/comments?post=32472"}],"version-history":[{"count":0,"href":"https:\/\/maranhaotv.com.br\/index.php\/wp-json\/wp\/v2\/posts\/32472\/revisions"}],"wp:featuredmedia":[{"embeddable":true,"href":"https:\/\/maranhaotv.com.br\/index.php\/wp-json\/"}],"wp:attachment":[{"href":"https:\/\/maranhaotv.com.br\/index.php\/wp-json\/wp\/v2\/media?parent=32472"}],"wp:term":[{"taxonomy":"category","embeddable":true,"href":"https:\/\/maranhaotv.com.br\/index.php\/wp-json\/wp\/v2\/categories?post=32472"},{"taxonomy":"post_tag","embeddable":true,"href":"https:\/\/maranhaotv.com.br\/index.php\/wp-json\/wp\/v2\/tags?post=32472"}],"curies":[{"name":"wp","href":"https:\/\/api.w.org\/{rel}","templated":true}]}}