{"id":32495,"date":"2023-08-01T13:42:33","date_gmt":"2023-08-01T16:42:33","guid":{"rendered":"https:\/\/maranhaotv.com.br\/?p=32495"},"modified":"2023-08-01T13:42:33","modified_gmt":"2023-08-01T16:42:33","slug":"vice-governador-felipe-camarao-participa-de-sancao-da-lei-programa-escola-em-tempo-integral-pelo-presidente-lula","status":"publish","type":"post","link":"https:\/\/maranhaotv.com.br\/index.php\/2023\/08\/01\/vice-governador-felipe-camarao-participa-de-sancao-da-lei-programa-escola-em-tempo-integral-pelo-presidente-lula\/","title":{"rendered":"Vice-governador Felipe Camar\u00e3o participa de san\u00e7\u00e3o da lei Programa Escola em Tempo Integral, pelo presidente Lula"},"content":{"rendered":"\n<p><br>Grande defensor do modelo educacional em tempo integral, o vice-governador e secret\u00e1rio de Educa\u00e7\u00e3o do Maranh\u00e3o, Felipe Camar\u00e3o, representou o governador Carlos Brand\u00e3o, em Bras\u00edlia, no ato em que o presidente Lula sancionou a lei que institui o Programa Escola em Tempo Integral. A solenidade aconteceu no Pal\u00e1cio do Planalto e contou com a participa\u00e7\u00e3o de ministros, governadores e secret\u00e1rios de todo pa\u00eds.<br><br>O programa far\u00e1 um investimento de R$ 4 bilh\u00f5es visando possibilitar que estados e munic\u00edpios possam ampliar ou implantar a oferta de ensino em tempo integral em suas redes, ainda nos anos de 2023 e 2024. O objetivo \u00e9 ampliar, logo nesse primeiro momento, 1 milh\u00e3o de novas matr\u00edculas no pa\u00eds e, at\u00e9 2026, ter mais de 3 milh\u00f5es de crian\u00e7as e adolescentes matriculados no ensino integral. <br><br>&#8220;A educa\u00e7\u00e3o precisa ser enxergada por todos n\u00f3s como o mais importante investimento que precisa ser feito em uma cidade, em um estado ou em um pa\u00eds. \u00c9 com educa\u00e7\u00e3o em tempo integral que avan\u00e7aremos ainda mais na dire\u00e7\u00e3o do pa\u00eds que precisamos construir. Oferecer ensino em tempo integral n\u00e3o \u00e9 s\u00f3 deixar alunos e alunas na escola o tempo inteiro. \u00c9 oferecer atividades complementares ao ensino formal que melhor desenvolvam as capacidades dos estudantes. Queremos fazer das escolas um espa\u00e7o onde as crian\u00e7as e os adolescentes gostem de estar. As crian\u00e7as precisam levantar de manh\u00e3 querendo ir pra escola&#8221;, afirmou o presidente Lula, durante o ato.<br><br>Para Felipe Camar\u00e3o, a lei \u00e9 mais um marco importante para a educa\u00e7\u00e3o brasileira, que vive um novo momento \u00e0 luz de investimentos e debates que visam melhorar os \u00edndices educacionais do pa\u00eds e tornar a educa\u00e7\u00e3o b\u00e1sica cada vez mais atrativa. <\/p>\n\n\n\n<figure class=\"wp-block-image size-large\"><img decoding=\"async\" src=\"https:\/\/maranhaotv.com.br\/wp-content\/uploads\/2023\/08\/IMG-20230801-WA0115-300x185.jpg\" alt=\"\" class=\"wp-image-32491\"\/><\/figure>\n\n\n\n<p><br><\/p>\n\n\n\n<blockquote class=\"wp-block-quote is-layout-flow wp-block-quote-is-layout-flow\">\n<p><br>&#8220;No Maranh\u00e3o, desde 2015 n\u00f3s j\u00e1 v\u00ednhamos investindo na implanta\u00e7\u00e3o de escolas em tempo integral no Estado, seja na rede p\u00fablica estadual com os nossos Iemas, Centros Educa Mais ou creches em tempo integral, ou por meio do incentivo e apoio com o programa Mais Integral, desenvolvido pela Seduc MA para ajudar as redes municipais a implantarem o modelo em suas redes e, assim, podermos ofertar esse modelo de ensino ao maior n\u00famero de crian\u00e7as e adolescentes. Ter um presidente sens\u00edvel a essa causa s\u00f3 nos motiva e tenho certeza que o governo Carlos Brand\u00e3o avan\u00e7ar\u00e1 mais ainda com o ensino em tempo integral, com esse apoio que o governo federal dar\u00e1 para estados e munic\u00edpios&#8221;, declarou o vice-governador, Felipe Camar\u00e3o.<\/p>\n<\/blockquote>\n\n\n\n<p> &#8220;Com isso queremos elevar ao patamar que o Brasil merece, com a qualidade da educa\u00e7\u00e3o b\u00e1sica para nossas crian\u00e7as e jovens desse pa\u00eds. Posso sonhar com um futuro melhor&#8221;, destacou o ministro da Educa\u00e7\u00e3o, Camilo Santana. <br><br><strong>Escolas em Tempo Integral\u202f<\/strong><br><br>O\u202f Programa\u202f \u00e9 um mecanismo de fomento do MEC que visa estabelecer uma pol\u00edtica de pactua\u00e7\u00e3o entre os entes federativos, objetivando fazer o pa\u00eds alcan\u00e7ar a meta 6 do Plano Nacional de Educa\u00e7\u00e3o (PNE), que estabelece a oferta de \u201ceduca\u00e7\u00e3o\u202f em \u202ftempo\u202f integral\u202fem, no m\u00ednimo, 50% das\u202fescolas p\u00fablicas, de forma a atender, pelo menos, 25% dos(as) alunos(as) da educa\u00e7\u00e3o b\u00e1sica\u201d. Dados do Relat\u00f3rio do 4\u00ba Ciclo de Monitoramento das Metas do PNE 2022 apontam que, de 2014 para 2021, o percentual de matr\u00edculas\u202fem\u202ftempo\u202fintegral\u202fna rede p\u00fablica brasileira caiu de 17,6% para 15,1%.<br><br>No Maranh\u00e3o, a rede p\u00fablica estadual soma 94 institui\u00e7\u00f5es de ensino em tempo integral, implantadas de 2015 para c\u00e1, entre Iemas e Centros Educa Mais &#8211; escolas que ofertam ensino m\u00e9dio em tempo integral; Iema Bil\u00edngue Integral &#8211; escola de ensino fundamental que oferta educa\u00e7\u00e3o bil\u00edngue em tempo integral; e creches em tempo integral.<\/p>\n\n\n\n<figure class=\"wp-block-image size-large\"><img decoding=\"async\" src=\"https:\/\/maranhaotv.com.br\/wp-content\/uploads\/2023\/08\/IMG-20230801-WA0114-300x169.jpg\" alt=\"\" class=\"wp-image-32492\"\/><\/figure>\n\n\n\n<figure class=\"wp-block-image\"><img decoding=\"async\" src=\"https:\/\/maranhaotv.com.br\/wp-content\/uploads\/2023\/08\/IMG-20230801-WA0112-300x169.jpg\" alt=\"\" class=\"wp-image-32493\"\/><\/figure>\n\n\n\n<p><br><br>Texto: Luana M\u00fcriella<\/p>\n","protected":false},"excerpt":{"rendered":"<p>Grande defensor do modelo educacional em tempo integral, o vice-governador e secret\u00e1rio de Educa\u00e7\u00e3o do Maranh\u00e3o, Felipe Camar\u00e3o, representou o<\/p>\n","protected":false},"author":2,"featured_media":32494,"comment_status":"open","ping_status":"open","sticky":false,"template":"","format":"standard","meta":{"colormag_page_container_layout":"default_layout","colormag_page_sidebar_layout":"default_layout","_jetpack_memberships_contains_paid_content":false,"footnotes":""},"categories":[2],"tags":[352],"class_list":["post-32495","post","type-post","status-publish","format-standard","has-post-thumbnail","hentry","category-noticias","tag-felipe-camarao"],"magazineBlocksPostFeaturedMedia":{"thumbnail":false,"medium":false,"medium_large":false,"large":false,"1536x1536":false,"2048x2048":false,"colormag-highlighted-post":false,"colormag-featured-post-medium":false,"colormag-featured-post-small":false,"colormag-featured-image":false,"colormag-default-news":false,"colormag-featured-image-large":false},"magazineBlocksPostAuthor":{"name":"maranhaotv","avatar":"https:\/\/secure.gravatar.com\/avatar\/8fadbca458d4cb68b1dd399ae9a40618d747bb1af65ac9fad21c89220a143eb4?s=96&d=mm&r=g"},"magazineBlocksPostCommentsNumber":"0","magazineBlocksPostExcerpt":"Grande defensor do modelo educacional em tempo integral, o vice-governador e secret\u00e1rio de Educa\u00e7\u00e3o do Maranh\u00e3o, Felipe Camar\u00e3o, representou o","magazineBlocksPostCategories":["not\u00edcias"],"magazineBlocksPostViewCount":139,"magazineBlocksPostReadTime":4,"magazine_blocks_featured_image_url":{"full":false,"medium":false,"thumbnail":false},"magazine_blocks_author":{"display_name":"maranhaotv","author_link":"https:\/\/maranhaotv.com.br\/index.php\/author\/maranhaotv\/"},"magazine_blocks_comment":0,"magazine_blocks_author_image":"https:\/\/secure.gravatar.com\/avatar\/8fadbca458d4cb68b1dd399ae9a40618d747bb1af65ac9fad21c89220a143eb4?s=96&d=mm&r=g","magazine_blocks_category":"<a href=\"#\" class=\"category-link category-link-2\">not\u00edcias<\/a>","yoast_head":"<!-- This site is optimized with the Yoast SEO plugin v27.4 - https:\/\/yoast.com\/product\/yoast-seo-wordpress\/ -->\n<title>Vice-governador Felipe Camar\u00e3o participa de san\u00e7\u00e3o da lei Programa Escola em Tempo Integral, pelo presidente Lula - NOT\u00cdCIAS EM TEMPO REAL<\/title>\n<meta name=\"robots\" content=\"index, follow, max-snippet:-1, max-image-preview:large, max-video-preview:-1\" \/>\n<link rel=\"canonical\" href=\"https:\/\/maranhaotv.com.br\/index.php\/2023\/08\/01\/vice-governador-felipe-camarao-participa-de-sancao-da-lei-programa-escola-em-tempo-integral-pelo-presidente-lula\/\" \/>\n<meta property=\"og:locale\" content=\"pt_BR\" \/>\n<meta property=\"og:type\" content=\"article\" \/>\n<meta property=\"og:title\" content=\"Vice-governador Felipe Camar\u00e3o participa de san\u00e7\u00e3o da lei Programa Escola em Tempo Integral, pelo presidente Lula - NOT\u00cdCIAS EM TEMPO REAL\" \/>\n<meta property=\"og:description\" content=\"Grande defensor do modelo educacional em tempo integral, o vice-governador e secret\u00e1rio de Educa\u00e7\u00e3o do Maranh\u00e3o, Felipe Camar\u00e3o, representou o\" \/>\n<meta property=\"og:url\" content=\"https:\/\/maranhaotv.com.br\/index.php\/2023\/08\/01\/vice-governador-felipe-camarao-participa-de-sancao-da-lei-programa-escola-em-tempo-integral-pelo-presidente-lula\/\" \/>\n<meta property=\"og:site_name\" content=\"NOT\u00cdCIAS EM TEMPO REAL\" \/>\n<meta property=\"article:publisher\" content=\"https:\/\/www.facebook.com\/maiobaotv\" \/>\n<meta property=\"article:published_time\" content=\"2023-08-01T16:42:33+00:00\" \/>\n<meta name=\"author\" content=\"maranhaotv\" \/>\n<meta name=\"twitter:card\" content=\"summary_large_image\" \/>\n<meta name=\"twitter:creator\" content=\"@sitemaranhaotv\" \/>\n<meta name=\"twitter:site\" content=\"@sitemaranhaotv\" \/>\n<meta name=\"twitter:label1\" content=\"Escrito por\" \/>\n\t<meta name=\"twitter:data1\" content=\"maranhaotv\" \/>\n\t<meta name=\"twitter:label2\" content=\"Est. tempo de leitura\" \/>\n\t<meta name=\"twitter:data2\" content=\"3 minutos\" \/>\n<script type=\"application\/ld+json\" class=\"yoast-schema-graph\">{\"@context\":\"https:\\\/\\\/schema.org\",\"@graph\":[{\"@type\":\"Article\",\"@id\":\"https:\\\/\\\/maranhaotv.com.br\\\/index.php\\\/2023\\\/08\\\/01\\\/vice-governador-felipe-camarao-participa-de-sancao-da-lei-programa-escola-em-tempo-integral-pelo-presidente-lula\\\/#article\",\"isPartOf\":{\"@id\":\"https:\\\/\\\/maranhaotv.com.br\\\/index.php\\\/2023\\\/08\\\/01\\\/vice-governador-felipe-camarao-participa-de-sancao-da-lei-programa-escola-em-tempo-integral-pelo-presidente-lula\\\/\"},\"author\":{\"name\":\"maranhaotv\",\"@id\":\"https:\\\/\\\/maranhaotv.com.br\\\/#\\\/schema\\\/person\\\/3d54238e86b20bb5c89ab2fdb8f8829a\"},\"headline\":\"Vice-governador Felipe Camar\u00e3o participa de san\u00e7\u00e3o da lei Programa Escola em Tempo Integral, pelo presidente Lula\",\"datePublished\":\"2023-08-01T16:42:33+00:00\",\"mainEntityOfPage\":{\"@id\":\"https:\\\/\\\/maranhaotv.com.br\\\/index.php\\\/2023\\\/08\\\/01\\\/vice-governador-felipe-camarao-participa-de-sancao-da-lei-programa-escola-em-tempo-integral-pelo-presidente-lula\\\/\"},\"wordCount\":660,\"commentCount\":0,\"publisher\":{\"@id\":\"https:\\\/\\\/maranhaotv.com.br\\\/#organization\"},\"image\":{\"@id\":\"https:\\\/\\\/maranhaotv.com.br\\\/index.php\\\/2023\\\/08\\\/01\\\/vice-governador-felipe-camarao-participa-de-sancao-da-lei-programa-escola-em-tempo-integral-pelo-presidente-lula\\\/#primaryimage\"},\"thumbnailUrl\":\"\",\"keywords\":[\"Felipe Camar\u00e3o\"],\"articleSection\":[\"not\u00edcias\"],\"inLanguage\":\"pt-BR\",\"potentialAction\":[{\"@type\":\"CommentAction\",\"name\":\"Comment\",\"target\":[\"https:\\\/\\\/maranhaotv.com.br\\\/index.php\\\/2023\\\/08\\\/01\\\/vice-governador-felipe-camarao-participa-de-sancao-da-lei-programa-escola-em-tempo-integral-pelo-presidente-lula\\\/#respond\"]}]},{\"@type\":\"WebPage\",\"@id\":\"https:\\\/\\\/maranhaotv.com.br\\\/index.php\\\/2023\\\/08\\\/01\\\/vice-governador-felipe-camarao-participa-de-sancao-da-lei-programa-escola-em-tempo-integral-pelo-presidente-lula\\\/\",\"url\":\"https:\\\/\\\/maranhaotv.com.br\\\/index.php\\\/2023\\\/08\\\/01\\\/vice-governador-felipe-camarao-participa-de-sancao-da-lei-programa-escola-em-tempo-integral-pelo-presidente-lula\\\/\",\"name\":\"Vice-governador Felipe Camar\u00e3o participa de san\u00e7\u00e3o da lei Programa Escola em Tempo Integral, pelo presidente Lula - NOT\u00cdCIAS EM TEMPO REAL\",\"isPartOf\":{\"@id\":\"https:\\\/\\\/maranhaotv.com.br\\\/#website\"},\"primaryImageOfPage\":{\"@id\":\"https:\\\/\\\/maranhaotv.com.br\\\/index.php\\\/2023\\\/08\\\/01\\\/vice-governador-felipe-camarao-participa-de-sancao-da-lei-programa-escola-em-tempo-integral-pelo-presidente-lula\\\/#primaryimage\"},\"image\":{\"@id\":\"https:\\\/\\\/maranhaotv.com.br\\\/index.php\\\/2023\\\/08\\\/01\\\/vice-governador-felipe-camarao-participa-de-sancao-da-lei-programa-escola-em-tempo-integral-pelo-presidente-lula\\\/#primaryimage\"},\"thumbnailUrl\":\"\",\"datePublished\":\"2023-08-01T16:42:33+00:00\",\"breadcrumb\":{\"@id\":\"https:\\\/\\\/maranhaotv.com.br\\\/index.php\\\/2023\\\/08\\\/01\\\/vice-governador-felipe-camarao-participa-de-sancao-da-lei-programa-escola-em-tempo-integral-pelo-presidente-lula\\\/#breadcrumb\"},\"inLanguage\":\"pt-BR\",\"potentialAction\":[{\"@type\":\"ReadAction\",\"target\":[\"https:\\\/\\\/maranhaotv.com.br\\\/index.php\\\/2023\\\/08\\\/01\\\/vice-governador-felipe-camarao-participa-de-sancao-da-lei-programa-escola-em-tempo-integral-pelo-presidente-lula\\\/\"]}]},{\"@type\":\"ImageObject\",\"inLanguage\":\"pt-BR\",\"@id\":\"https:\\\/\\\/maranhaotv.com.br\\\/index.php\\\/2023\\\/08\\\/01\\\/vice-governador-felipe-camarao-participa-de-sancao-da-lei-programa-escola-em-tempo-integral-pelo-presidente-lula\\\/#primaryimage\",\"url\":\"\",\"contentUrl\":\"\"},{\"@type\":\"BreadcrumbList\",\"@id\":\"https:\\\/\\\/maranhaotv.com.br\\\/index.php\\\/2023\\\/08\\\/01\\\/vice-governador-felipe-camarao-participa-de-sancao-da-lei-programa-escola-em-tempo-integral-pelo-presidente-lula\\\/#breadcrumb\",\"itemListElement\":[{\"@type\":\"ListItem\",\"position\":1,\"name\":\"In\u00edcio\",\"item\":\"https:\\\/\\\/maranhaotv.com.br\\\/\"},{\"@type\":\"ListItem\",\"position\":2,\"name\":\"Vice-governador Felipe Camar\u00e3o participa de san\u00e7\u00e3o da lei Programa Escola em Tempo Integral, pelo presidente Lula\"}]},{\"@type\":\"WebSite\",\"@id\":\"https:\\\/\\\/maranhaotv.com.br\\\/#website\",\"url\":\"https:\\\/\\\/maranhaotv.com.br\\\/\",\"name\":\"Maranh\u00e3oTV\",\"description\":\"\",\"publisher\":{\"@id\":\"https:\\\/\\\/maranhaotv.com.br\\\/#organization\"},\"potentialAction\":[{\"@type\":\"SearchAction\",\"target\":{\"@type\":\"EntryPoint\",\"urlTemplate\":\"https:\\\/\\\/maranhaotv.com.br\\\/?s={search_term_string}\"},\"query-input\":{\"@type\":\"PropertyValueSpecification\",\"valueRequired\":true,\"valueName\":\"search_term_string\"}}],\"inLanguage\":\"pt-BR\"},{\"@type\":\"Organization\",\"@id\":\"https:\\\/\\\/maranhaotv.com.br\\\/#organization\",\"name\":\"Portal de Not\u00edcias\",\"url\":\"https:\\\/\\\/maranhaotv.com.br\\\/\",\"logo\":{\"@type\":\"ImageObject\",\"inLanguage\":\"pt-BR\",\"@id\":\"https:\\\/\\\/maranhaotv.com.br\\\/#\\\/schema\\\/logo\\\/image\\\/\",\"url\":\"https:\\\/\\\/maranhaotv.com.br\\\/wp-content\\\/uploads\\\/2024\\\/05\\\/cropped-cropped-avatar-1.png\",\"contentUrl\":\"https:\\\/\\\/maranhaotv.com.br\\\/wp-content\\\/uploads\\\/2024\\\/05\\\/cropped-cropped-avatar-1.png\",\"width\":792,\"height\":428,\"caption\":\"Portal de Not\u00edcias\"},\"image\":{\"@id\":\"https:\\\/\\\/maranhaotv.com.br\\\/#\\\/schema\\\/logo\\\/image\\\/\"},\"sameAs\":[\"https:\\\/\\\/www.facebook.com\\\/maiobaotv\",\"https:\\\/\\\/x.com\\\/sitemaranhaotv\",\"https:\\\/\\\/www.instagram.com\\\/maranhao.tv\",\"https:\\\/\\\/www.threads.net\\\/@maranhao.tv\"]},{\"@type\":\"Person\",\"@id\":\"https:\\\/\\\/maranhaotv.com.br\\\/#\\\/schema\\\/person\\\/3d54238e86b20bb5c89ab2fdb8f8829a\",\"name\":\"maranhaotv\",\"image\":{\"@type\":\"ImageObject\",\"inLanguage\":\"pt-BR\",\"@id\":\"https:\\\/\\\/secure.gravatar.com\\\/avatar\\\/8fadbca458d4cb68b1dd399ae9a40618d747bb1af65ac9fad21c89220a143eb4?s=96&d=mm&r=g\",\"url\":\"https:\\\/\\\/secure.gravatar.com\\\/avatar\\\/8fadbca458d4cb68b1dd399ae9a40618d747bb1af65ac9fad21c89220a143eb4?s=96&d=mm&r=g\",\"contentUrl\":\"https:\\\/\\\/secure.gravatar.com\\\/avatar\\\/8fadbca458d4cb68b1dd399ae9a40618d747bb1af65ac9fad21c89220a143eb4?s=96&d=mm&r=g\",\"caption\":\"maranhaotv\"},\"sameAs\":[\"https:\\\/\\\/maranhaotv.com.br\\\/\"],\"url\":\"https:\\\/\\\/maranhaotv.com.br\\\/index.php\\\/author\\\/maranhaotv\\\/\"}]}<\/script>\n<!-- \/ Yoast SEO plugin. -->","yoast_head_json":{"title":"Vice-governador Felipe Camar\u00e3o participa de san\u00e7\u00e3o da lei Programa Escola em Tempo Integral, pelo presidente Lula - NOT\u00cdCIAS EM TEMPO REAL","robots":{"index":"index","follow":"follow","max-snippet":"max-snippet:-1","max-image-preview":"max-image-preview:large","max-video-preview":"max-video-preview:-1"},"canonical":"https:\/\/maranhaotv.com.br\/index.php\/2023\/08\/01\/vice-governador-felipe-camarao-participa-de-sancao-da-lei-programa-escola-em-tempo-integral-pelo-presidente-lula\/","og_locale":"pt_BR","og_type":"article","og_title":"Vice-governador Felipe Camar\u00e3o participa de san\u00e7\u00e3o da lei Programa Escola em Tempo Integral, pelo presidente Lula - NOT\u00cdCIAS EM TEMPO REAL","og_description":"Grande defensor do modelo educacional em tempo integral, o vice-governador e secret\u00e1rio de Educa\u00e7\u00e3o do Maranh\u00e3o, Felipe Camar\u00e3o, representou o","og_url":"https:\/\/maranhaotv.com.br\/index.php\/2023\/08\/01\/vice-governador-felipe-camarao-participa-de-sancao-da-lei-programa-escola-em-tempo-integral-pelo-presidente-lula\/","og_site_name":"NOT\u00cdCIAS EM TEMPO REAL","article_publisher":"https:\/\/www.facebook.com\/maiobaotv","article_published_time":"2023-08-01T16:42:33+00:00","author":"maranhaotv","twitter_card":"summary_large_image","twitter_creator":"@sitemaranhaotv","twitter_site":"@sitemaranhaotv","twitter_misc":{"Escrito por":"maranhaotv","Est. tempo de leitura":"3 minutos"},"schema":{"@context":"https:\/\/schema.org","@graph":[{"@type":"Article","@id":"https:\/\/maranhaotv.com.br\/index.php\/2023\/08\/01\/vice-governador-felipe-camarao-participa-de-sancao-da-lei-programa-escola-em-tempo-integral-pelo-presidente-lula\/#article","isPartOf":{"@id":"https:\/\/maranhaotv.com.br\/index.php\/2023\/08\/01\/vice-governador-felipe-camarao-participa-de-sancao-da-lei-programa-escola-em-tempo-integral-pelo-presidente-lula\/"},"author":{"name":"maranhaotv","@id":"https:\/\/maranhaotv.com.br\/#\/schema\/person\/3d54238e86b20bb5c89ab2fdb8f8829a"},"headline":"Vice-governador Felipe Camar\u00e3o participa de san\u00e7\u00e3o da lei Programa Escola em Tempo Integral, pelo presidente Lula","datePublished":"2023-08-01T16:42:33+00:00","mainEntityOfPage":{"@id":"https:\/\/maranhaotv.com.br\/index.php\/2023\/08\/01\/vice-governador-felipe-camarao-participa-de-sancao-da-lei-programa-escola-em-tempo-integral-pelo-presidente-lula\/"},"wordCount":660,"commentCount":0,"publisher":{"@id":"https:\/\/maranhaotv.com.br\/#organization"},"image":{"@id":"https:\/\/maranhaotv.com.br\/index.php\/2023\/08\/01\/vice-governador-felipe-camarao-participa-de-sancao-da-lei-programa-escola-em-tempo-integral-pelo-presidente-lula\/#primaryimage"},"thumbnailUrl":"","keywords":["Felipe Camar\u00e3o"],"articleSection":["not\u00edcias"],"inLanguage":"pt-BR","potentialAction":[{"@type":"CommentAction","name":"Comment","target":["https:\/\/maranhaotv.com.br\/index.php\/2023\/08\/01\/vice-governador-felipe-camarao-participa-de-sancao-da-lei-programa-escola-em-tempo-integral-pelo-presidente-lula\/#respond"]}]},{"@type":"WebPage","@id":"https:\/\/maranhaotv.com.br\/index.php\/2023\/08\/01\/vice-governador-felipe-camarao-participa-de-sancao-da-lei-programa-escola-em-tempo-integral-pelo-presidente-lula\/","url":"https:\/\/maranhaotv.com.br\/index.php\/2023\/08\/01\/vice-governador-felipe-camarao-participa-de-sancao-da-lei-programa-escola-em-tempo-integral-pelo-presidente-lula\/","name":"Vice-governador Felipe Camar\u00e3o participa de san\u00e7\u00e3o da lei Programa Escola em Tempo Integral, pelo presidente Lula - NOT\u00cdCIAS EM TEMPO REAL","isPartOf":{"@id":"https:\/\/maranhaotv.com.br\/#website"},"primaryImageOfPage":{"@id":"https:\/\/maranhaotv.com.br\/index.php\/2023\/08\/01\/vice-governador-felipe-camarao-participa-de-sancao-da-lei-programa-escola-em-tempo-integral-pelo-presidente-lula\/#primaryimage"},"image":{"@id":"https:\/\/maranhaotv.com.br\/index.php\/2023\/08\/01\/vice-governador-felipe-camarao-participa-de-sancao-da-lei-programa-escola-em-tempo-integral-pelo-presidente-lula\/#primaryimage"},"thumbnailUrl":"","datePublished":"2023-08-01T16:42:33+00:00","breadcrumb":{"@id":"https:\/\/maranhaotv.com.br\/index.php\/2023\/08\/01\/vice-governador-felipe-camarao-participa-de-sancao-da-lei-programa-escola-em-tempo-integral-pelo-presidente-lula\/#breadcrumb"},"inLanguage":"pt-BR","potentialAction":[{"@type":"ReadAction","target":["https:\/\/maranhaotv.com.br\/index.php\/2023\/08\/01\/vice-governador-felipe-camarao-participa-de-sancao-da-lei-programa-escola-em-tempo-integral-pelo-presidente-lula\/"]}]},{"@type":"ImageObject","inLanguage":"pt-BR","@id":"https:\/\/maranhaotv.com.br\/index.php\/2023\/08\/01\/vice-governador-felipe-camarao-participa-de-sancao-da-lei-programa-escola-em-tempo-integral-pelo-presidente-lula\/#primaryimage","url":"","contentUrl":""},{"@type":"BreadcrumbList","@id":"https:\/\/maranhaotv.com.br\/index.php\/2023\/08\/01\/vice-governador-felipe-camarao-participa-de-sancao-da-lei-programa-escola-em-tempo-integral-pelo-presidente-lula\/#breadcrumb","itemListElement":[{"@type":"ListItem","position":1,"name":"In\u00edcio","item":"https:\/\/maranhaotv.com.br\/"},{"@type":"ListItem","position":2,"name":"Vice-governador Felipe Camar\u00e3o participa de san\u00e7\u00e3o da lei Programa Escola em Tempo Integral, pelo presidente Lula"}]},{"@type":"WebSite","@id":"https:\/\/maranhaotv.com.br\/#website","url":"https:\/\/maranhaotv.com.br\/","name":"Maranh\u00e3oTV","description":"","publisher":{"@id":"https:\/\/maranhaotv.com.br\/#organization"},"potentialAction":[{"@type":"SearchAction","target":{"@type":"EntryPoint","urlTemplate":"https:\/\/maranhaotv.com.br\/?s={search_term_string}"},"query-input":{"@type":"PropertyValueSpecification","valueRequired":true,"valueName":"search_term_string"}}],"inLanguage":"pt-BR"},{"@type":"Organization","@id":"https:\/\/maranhaotv.com.br\/#organization","name":"Portal de Not\u00edcias","url":"https:\/\/maranhaotv.com.br\/","logo":{"@type":"ImageObject","inLanguage":"pt-BR","@id":"https:\/\/maranhaotv.com.br\/#\/schema\/logo\/image\/","url":"https:\/\/maranhaotv.com.br\/wp-content\/uploads\/2024\/05\/cropped-cropped-avatar-1.png","contentUrl":"https:\/\/maranhaotv.com.br\/wp-content\/uploads\/2024\/05\/cropped-cropped-avatar-1.png","width":792,"height":428,"caption":"Portal de Not\u00edcias"},"image":{"@id":"https:\/\/maranhaotv.com.br\/#\/schema\/logo\/image\/"},"sameAs":["https:\/\/www.facebook.com\/maiobaotv","https:\/\/x.com\/sitemaranhaotv","https:\/\/www.instagram.com\/maranhao.tv","https:\/\/www.threads.net\/@maranhao.tv"]},{"@type":"Person","@id":"https:\/\/maranhaotv.com.br\/#\/schema\/person\/3d54238e86b20bb5c89ab2fdb8f8829a","name":"maranhaotv","image":{"@type":"ImageObject","inLanguage":"pt-BR","@id":"https:\/\/secure.gravatar.com\/avatar\/8fadbca458d4cb68b1dd399ae9a40618d747bb1af65ac9fad21c89220a143eb4?s=96&d=mm&r=g","url":"https:\/\/secure.gravatar.com\/avatar\/8fadbca458d4cb68b1dd399ae9a40618d747bb1af65ac9fad21c89220a143eb4?s=96&d=mm&r=g","contentUrl":"https:\/\/secure.gravatar.com\/avatar\/8fadbca458d4cb68b1dd399ae9a40618d747bb1af65ac9fad21c89220a143eb4?s=96&d=mm&r=g","caption":"maranhaotv"},"sameAs":["https:\/\/maranhaotv.com.br\/"],"url":"https:\/\/maranhaotv.com.br\/index.php\/author\/maranhaotv\/"}]}},"jetpack_featured_media_url":"","jetpack_sharing_enabled":true,"_links":{"self":[{"href":"https:\/\/maranhaotv.com.br\/index.php\/wp-json\/wp\/v2\/posts\/32495","targetHints":{"allow":["GET"]}}],"collection":[{"href":"https:\/\/maranhaotv.com.br\/index.php\/wp-json\/wp\/v2\/posts"}],"about":[{"href":"https:\/\/maranhaotv.com.br\/index.php\/wp-json\/wp\/v2\/types\/post"}],"author":[{"embeddable":true,"href":"https:\/\/maranhaotv.com.br\/index.php\/wp-json\/wp\/v2\/users\/2"}],"replies":[{"embeddable":true,"href":"https:\/\/maranhaotv.com.br\/index.php\/wp-json\/wp\/v2\/comments?post=32495"}],"version-history":[{"count":0,"href":"https:\/\/maranhaotv.com.br\/index.php\/wp-json\/wp\/v2\/posts\/32495\/revisions"}],"wp:featuredmedia":[{"embeddable":true,"href":"https:\/\/maranhaotv.com.br\/index.php\/wp-json\/"}],"wp:attachment":[{"href":"https:\/\/maranhaotv.com.br\/index.php\/wp-json\/wp\/v2\/media?parent=32495"}],"wp:term":[{"taxonomy":"category","embeddable":true,"href":"https:\/\/maranhaotv.com.br\/index.php\/wp-json\/wp\/v2\/categories?post=32495"},{"taxonomy":"post_tag","embeddable":true,"href":"https:\/\/maranhaotv.com.br\/index.php\/wp-json\/wp\/v2\/tags?post=32495"}],"curies":[{"name":"wp","href":"https:\/\/api.w.org\/{rel}","templated":true}]}}