{"id":32501,"date":"2023-08-01T16:52:05","date_gmt":"2023-08-01T19:52:05","guid":{"rendered":"https:\/\/maranhaotv.com.br\/?p=32501"},"modified":"2023-08-01T16:52:05","modified_gmt":"2023-08-01T19:52:05","slug":"carlos-lula-propoe-politica-de-incentivo-e-apoio-ao-aleitamento-materno-no-maranhao","status":"publish","type":"post","link":"https:\/\/maranhaotv.com.br\/index.php\/2023\/08\/01\/carlos-lula-propoe-politica-de-incentivo-e-apoio-ao-aleitamento-materno-no-maranhao\/","title":{"rendered":"Carlos Lula prop\u00f5e pol\u00edtica de incentivo e apoio ao aleitamento materno no Maranh\u00e3o"},"content":{"rendered":"\n<p><br>Durante este m\u00eas, o poder p\u00fablico e a sociedade civil realizam a Campanha Agosto Dourado para est\u00edmulo \u00e0 amamenta\u00e7\u00e3o. Com o intuito de assegurar o direito da m\u00e3e e da crian\u00e7a ao aleitamento materno nos padr\u00f5es estabelecidos pelas autoridades sanit\u00e1rias, o deputado estadual Carlos Lula (PSB) prop\u00f4s a cria\u00e7\u00e3o da Pol\u00edtica Estadual de Promo\u00e7\u00e3o, Prote\u00e7\u00e3o e Apoio ao Aleitamento Materno no Maranh\u00e3o.<br><br>A proposta prev\u00ea o incentivo a medidas que facilitem \u00e0 amamenta\u00e7\u00e3o em ambientes de trabalho, lazer e transporte, unidades hospitalares, educacionais e prisionais, bem como o est\u00edmulo a doa\u00e7\u00e3o de leite materno. \u201cAtrav\u00e9s desse Projeto de Lei, estamos propondo pol\u00edticas p\u00fablicas voltadas para quem amamenta e para quem \u00e9 amamentado. As m\u00e3es precisam ter o direito de amamentar e n\u00e3o ter nenhum tipo de constrangimento em rela\u00e7\u00e3o a isso, inclusive, com o direito de amamentar durante concursos p\u00fablicos, sem preju\u00edzo ao tempo de prova. Tamb\u00e9m defendemos pol\u00edticas de incentivo \u00e0 doa\u00e7\u00e3o nos bancos de leite com benef\u00edcios \u00e0s doadoras\u201d, explicou Carlos Lula. <br><br>Entre os benef\u00edcios \u00e0s doadoras regulares est\u00e3o a isen\u00e7\u00e3o do pagamento de taxa de inscri\u00e7\u00e3o em concurso para cargos na administra\u00e7\u00e3o p\u00fablica e o direito a pagamento de meia entrada nas salas de cinema, cineclubes, teatros, espet\u00e1culos, eventos educativos, esportivos, de lazer e de entretenimento.<br><br>O est\u00edmulo \u00e0 doa\u00e7\u00e3o de leite proposto no Projeto de Lei visa aumentar o estoque para atender as necessidades dos beb\u00eas prematuros ou de baixo peso internados nas unidades p\u00fablicas de sa\u00fade. <br><br>Al\u00e9m disso, o PL quer a expans\u00e3o da rede de Bancos de Leite Humano no Maranh\u00e3o. Apenas as cidades de S\u00e3o Lu\u00eds, Imperatriz e Caxias possuem o servi\u00e7o para assistir beb\u00eas internados na MACMA, Hospital Materno Infantil (HUUFMA), Maternidade de Alto Risco de Imperatriz (MARI), a Maternidade Carmosina Coutinho.<br><br>*Leis sancionadas*<br><br>Na reabertura dos trabalhos legislativos nesta ter\u00e7a-feira (1\u00ba), Carlos Lula destacou ainda a san\u00e7\u00e3o de duas leis de sua autoria durante o recesso parlamentar. A lei n\u00b0 11.984\/2023, que estabelece a Pol\u00edtica Estadual Integrada pela Primeira Inf\u00e2ncia no Maranh\u00e3o, e a lei n\u00ba 11.992\/2023, que institui a Pol\u00edtica Estadual de Combate ao preconceito e de preven\u00e7\u00e3o contra a hansen\u00edase no Maranh\u00e3o e estabelece o m\u00eas de janeiro como m\u00eas de combate \u00e0 doen\u00e7a. <br><br>\u201cS\u00e3o leis muito importantes que tratam de sa\u00fade e garantia do direito das crian\u00e7as, que, com certeza, far\u00e3o a diferen\u00e7a na vida da popula\u00e7\u00e3o maranhense. Agora, voltamos aos trabalhos legislativos com muitas a\u00e7\u00f5es e projetos em benef\u00edcio do Maranh\u00e3o\u201d, ressaltou o deputado estadual.<\/p>\n","protected":false},"excerpt":{"rendered":"<p>Durante este m\u00eas, o poder p\u00fablico e a sociedade civil realizam a Campanha Agosto Dourado para est\u00edmulo \u00e0 amamenta\u00e7\u00e3o. Com<\/p>\n","protected":false},"author":2,"featured_media":32500,"comment_status":"open","ping_status":"open","sticky":false,"template":"","format":"standard","meta":{"colormag_page_container_layout":"default_layout","colormag_page_sidebar_layout":"default_layout","_jetpack_memberships_contains_paid_content":false,"footnotes":""},"categories":[2],"tags":[],"class_list":["post-32501","post","type-post","status-publish","format-standard","has-post-thumbnail","hentry","category-noticias"],"magazineBlocksPostFeaturedMedia":{"thumbnail":false,"medium":false,"medium_large":false,"large":false,"1536x1536":false,"2048x2048":false,"colormag-highlighted-post":false,"colormag-featured-post-medium":false,"colormag-featured-post-small":false,"colormag-featured-image":false,"colormag-default-news":false,"colormag-featured-image-large":false},"magazineBlocksPostAuthor":{"name":"maranhaotv","avatar":"https:\/\/secure.gravatar.com\/avatar\/8fadbca458d4cb68b1dd399ae9a40618d747bb1af65ac9fad21c89220a143eb4?s=96&d=mm&r=g"},"magazineBlocksPostCommentsNumber":"0","magazineBlocksPostExcerpt":"Durante este m\u00eas, o poder p\u00fablico e a sociedade civil realizam a Campanha Agosto Dourado para est\u00edmulo \u00e0 amamenta\u00e7\u00e3o. Com","magazineBlocksPostCategories":["not\u00edcias"],"magazineBlocksPostViewCount":246,"magazineBlocksPostReadTime":3,"magazine_blocks_featured_image_url":{"full":false,"medium":false,"thumbnail":false},"magazine_blocks_author":{"display_name":"maranhaotv","author_link":"https:\/\/maranhaotv.com.br\/index.php\/author\/maranhaotv\/"},"magazine_blocks_comment":0,"magazine_blocks_author_image":"https:\/\/secure.gravatar.com\/avatar\/8fadbca458d4cb68b1dd399ae9a40618d747bb1af65ac9fad21c89220a143eb4?s=96&d=mm&r=g","magazine_blocks_category":"<a href=\"#\" class=\"category-link category-link-2\">not\u00edcias<\/a>","yoast_head":"<!-- This site is optimized with the Yoast SEO plugin v27.4 - https:\/\/yoast.com\/product\/yoast-seo-wordpress\/ -->\n<title>Carlos Lula prop\u00f5e pol\u00edtica de incentivo e apoio ao aleitamento materno no Maranh\u00e3o - NOT\u00cdCIAS EM TEMPO REAL<\/title>\n<meta name=\"robots\" content=\"index, follow, max-snippet:-1, max-image-preview:large, max-video-preview:-1\" \/>\n<link rel=\"canonical\" href=\"https:\/\/maranhaotv.com.br\/index.php\/2023\/08\/01\/carlos-lula-propoe-politica-de-incentivo-e-apoio-ao-aleitamento-materno-no-maranhao\/\" \/>\n<meta property=\"og:locale\" content=\"pt_BR\" \/>\n<meta property=\"og:type\" content=\"article\" \/>\n<meta property=\"og:title\" content=\"Carlos Lula prop\u00f5e pol\u00edtica de incentivo e apoio ao aleitamento materno no Maranh\u00e3o - NOT\u00cdCIAS EM TEMPO REAL\" \/>\n<meta property=\"og:description\" content=\"Durante este m\u00eas, o poder p\u00fablico e a sociedade civil realizam a Campanha Agosto Dourado para est\u00edmulo \u00e0 amamenta\u00e7\u00e3o. Com\" \/>\n<meta property=\"og:url\" content=\"https:\/\/maranhaotv.com.br\/index.php\/2023\/08\/01\/carlos-lula-propoe-politica-de-incentivo-e-apoio-ao-aleitamento-materno-no-maranhao\/\" \/>\n<meta property=\"og:site_name\" content=\"NOT\u00cdCIAS EM TEMPO REAL\" \/>\n<meta property=\"article:publisher\" content=\"https:\/\/www.facebook.com\/maiobaotv\" \/>\n<meta property=\"article:published_time\" content=\"2023-08-01T19:52:05+00:00\" \/>\n<meta name=\"author\" content=\"maranhaotv\" \/>\n<meta name=\"twitter:card\" content=\"summary_large_image\" \/>\n<meta name=\"twitter:creator\" content=\"@sitemaranhaotv\" \/>\n<meta name=\"twitter:site\" content=\"@sitemaranhaotv\" \/>\n<meta name=\"twitter:label1\" content=\"Escrito por\" \/>\n\t<meta name=\"twitter:data1\" content=\"maranhaotv\" \/>\n\t<meta name=\"twitter:label2\" content=\"Est. tempo de leitura\" \/>\n\t<meta name=\"twitter:data2\" content=\"2 minutos\" \/>\n<script type=\"application\/ld+json\" class=\"yoast-schema-graph\">{\"@context\":\"https:\\\/\\\/schema.org\",\"@graph\":[{\"@type\":\"Article\",\"@id\":\"https:\\\/\\\/maranhaotv.com.br\\\/index.php\\\/2023\\\/08\\\/01\\\/carlos-lula-propoe-politica-de-incentivo-e-apoio-ao-aleitamento-materno-no-maranhao\\\/#article\",\"isPartOf\":{\"@id\":\"https:\\\/\\\/maranhaotv.com.br\\\/index.php\\\/2023\\\/08\\\/01\\\/carlos-lula-propoe-politica-de-incentivo-e-apoio-ao-aleitamento-materno-no-maranhao\\\/\"},\"author\":{\"name\":\"maranhaotv\",\"@id\":\"https:\\\/\\\/maranhaotv.com.br\\\/#\\\/schema\\\/person\\\/3d54238e86b20bb5c89ab2fdb8f8829a\"},\"headline\":\"Carlos Lula prop\u00f5e pol\u00edtica de incentivo e apoio ao aleitamento materno no Maranh\u00e3o\",\"datePublished\":\"2023-08-01T19:52:05+00:00\",\"mainEntityOfPage\":{\"@id\":\"https:\\\/\\\/maranhaotv.com.br\\\/index.php\\\/2023\\\/08\\\/01\\\/carlos-lula-propoe-politica-de-incentivo-e-apoio-ao-aleitamento-materno-no-maranhao\\\/\"},\"wordCount\":484,\"commentCount\":0,\"publisher\":{\"@id\":\"https:\\\/\\\/maranhaotv.com.br\\\/#organization\"},\"image\":{\"@id\":\"https:\\\/\\\/maranhaotv.com.br\\\/index.php\\\/2023\\\/08\\\/01\\\/carlos-lula-propoe-politica-de-incentivo-e-apoio-ao-aleitamento-materno-no-maranhao\\\/#primaryimage\"},\"thumbnailUrl\":\"\",\"articleSection\":[\"not\u00edcias\"],\"inLanguage\":\"pt-BR\",\"potentialAction\":[{\"@type\":\"CommentAction\",\"name\":\"Comment\",\"target\":[\"https:\\\/\\\/maranhaotv.com.br\\\/index.php\\\/2023\\\/08\\\/01\\\/carlos-lula-propoe-politica-de-incentivo-e-apoio-ao-aleitamento-materno-no-maranhao\\\/#respond\"]}]},{\"@type\":\"WebPage\",\"@id\":\"https:\\\/\\\/maranhaotv.com.br\\\/index.php\\\/2023\\\/08\\\/01\\\/carlos-lula-propoe-politica-de-incentivo-e-apoio-ao-aleitamento-materno-no-maranhao\\\/\",\"url\":\"https:\\\/\\\/maranhaotv.com.br\\\/index.php\\\/2023\\\/08\\\/01\\\/carlos-lula-propoe-politica-de-incentivo-e-apoio-ao-aleitamento-materno-no-maranhao\\\/\",\"name\":\"Carlos Lula prop\u00f5e pol\u00edtica de incentivo e apoio ao aleitamento materno no Maranh\u00e3o - NOT\u00cdCIAS EM TEMPO REAL\",\"isPartOf\":{\"@id\":\"https:\\\/\\\/maranhaotv.com.br\\\/#website\"},\"primaryImageOfPage\":{\"@id\":\"https:\\\/\\\/maranhaotv.com.br\\\/index.php\\\/2023\\\/08\\\/01\\\/carlos-lula-propoe-politica-de-incentivo-e-apoio-ao-aleitamento-materno-no-maranhao\\\/#primaryimage\"},\"image\":{\"@id\":\"https:\\\/\\\/maranhaotv.com.br\\\/index.php\\\/2023\\\/08\\\/01\\\/carlos-lula-propoe-politica-de-incentivo-e-apoio-ao-aleitamento-materno-no-maranhao\\\/#primaryimage\"},\"thumbnailUrl\":\"\",\"datePublished\":\"2023-08-01T19:52:05+00:00\",\"breadcrumb\":{\"@id\":\"https:\\\/\\\/maranhaotv.com.br\\\/index.php\\\/2023\\\/08\\\/01\\\/carlos-lula-propoe-politica-de-incentivo-e-apoio-ao-aleitamento-materno-no-maranhao\\\/#breadcrumb\"},\"inLanguage\":\"pt-BR\",\"potentialAction\":[{\"@type\":\"ReadAction\",\"target\":[\"https:\\\/\\\/maranhaotv.com.br\\\/index.php\\\/2023\\\/08\\\/01\\\/carlos-lula-propoe-politica-de-incentivo-e-apoio-ao-aleitamento-materno-no-maranhao\\\/\"]}]},{\"@type\":\"ImageObject\",\"inLanguage\":\"pt-BR\",\"@id\":\"https:\\\/\\\/maranhaotv.com.br\\\/index.php\\\/2023\\\/08\\\/01\\\/carlos-lula-propoe-politica-de-incentivo-e-apoio-ao-aleitamento-materno-no-maranhao\\\/#primaryimage\",\"url\":\"\",\"contentUrl\":\"\"},{\"@type\":\"BreadcrumbList\",\"@id\":\"https:\\\/\\\/maranhaotv.com.br\\\/index.php\\\/2023\\\/08\\\/01\\\/carlos-lula-propoe-politica-de-incentivo-e-apoio-ao-aleitamento-materno-no-maranhao\\\/#breadcrumb\",\"itemListElement\":[{\"@type\":\"ListItem\",\"position\":1,\"name\":\"In\u00edcio\",\"item\":\"https:\\\/\\\/maranhaotv.com.br\\\/\"},{\"@type\":\"ListItem\",\"position\":2,\"name\":\"Carlos Lula prop\u00f5e pol\u00edtica de incentivo e apoio ao aleitamento materno no Maranh\u00e3o\"}]},{\"@type\":\"WebSite\",\"@id\":\"https:\\\/\\\/maranhaotv.com.br\\\/#website\",\"url\":\"https:\\\/\\\/maranhaotv.com.br\\\/\",\"name\":\"Maranh\u00e3oTV\",\"description\":\"\",\"publisher\":{\"@id\":\"https:\\\/\\\/maranhaotv.com.br\\\/#organization\"},\"potentialAction\":[{\"@type\":\"SearchAction\",\"target\":{\"@type\":\"EntryPoint\",\"urlTemplate\":\"https:\\\/\\\/maranhaotv.com.br\\\/?s={search_term_string}\"},\"query-input\":{\"@type\":\"PropertyValueSpecification\",\"valueRequired\":true,\"valueName\":\"search_term_string\"}}],\"inLanguage\":\"pt-BR\"},{\"@type\":\"Organization\",\"@id\":\"https:\\\/\\\/maranhaotv.com.br\\\/#organization\",\"name\":\"Portal de Not\u00edcias\",\"url\":\"https:\\\/\\\/maranhaotv.com.br\\\/\",\"logo\":{\"@type\":\"ImageObject\",\"inLanguage\":\"pt-BR\",\"@id\":\"https:\\\/\\\/maranhaotv.com.br\\\/#\\\/schema\\\/logo\\\/image\\\/\",\"url\":\"https:\\\/\\\/maranhaotv.com.br\\\/wp-content\\\/uploads\\\/2024\\\/05\\\/cropped-cropped-avatar-1.png\",\"contentUrl\":\"https:\\\/\\\/maranhaotv.com.br\\\/wp-content\\\/uploads\\\/2024\\\/05\\\/cropped-cropped-avatar-1.png\",\"width\":792,\"height\":428,\"caption\":\"Portal de Not\u00edcias\"},\"image\":{\"@id\":\"https:\\\/\\\/maranhaotv.com.br\\\/#\\\/schema\\\/logo\\\/image\\\/\"},\"sameAs\":[\"https:\\\/\\\/www.facebook.com\\\/maiobaotv\",\"https:\\\/\\\/x.com\\\/sitemaranhaotv\",\"https:\\\/\\\/www.instagram.com\\\/maranhao.tv\",\"https:\\\/\\\/www.threads.net\\\/@maranhao.tv\"]},{\"@type\":\"Person\",\"@id\":\"https:\\\/\\\/maranhaotv.com.br\\\/#\\\/schema\\\/person\\\/3d54238e86b20bb5c89ab2fdb8f8829a\",\"name\":\"maranhaotv\",\"image\":{\"@type\":\"ImageObject\",\"inLanguage\":\"pt-BR\",\"@id\":\"https:\\\/\\\/secure.gravatar.com\\\/avatar\\\/8fadbca458d4cb68b1dd399ae9a40618d747bb1af65ac9fad21c89220a143eb4?s=96&d=mm&r=g\",\"url\":\"https:\\\/\\\/secure.gravatar.com\\\/avatar\\\/8fadbca458d4cb68b1dd399ae9a40618d747bb1af65ac9fad21c89220a143eb4?s=96&d=mm&r=g\",\"contentUrl\":\"https:\\\/\\\/secure.gravatar.com\\\/avatar\\\/8fadbca458d4cb68b1dd399ae9a40618d747bb1af65ac9fad21c89220a143eb4?s=96&d=mm&r=g\",\"caption\":\"maranhaotv\"},\"sameAs\":[\"https:\\\/\\\/maranhaotv.com.br\\\/\"],\"url\":\"https:\\\/\\\/maranhaotv.com.br\\\/index.php\\\/author\\\/maranhaotv\\\/\"}]}<\/script>\n<!-- \/ Yoast SEO plugin. -->","yoast_head_json":{"title":"Carlos Lula prop\u00f5e pol\u00edtica de incentivo e apoio ao aleitamento materno no Maranh\u00e3o - NOT\u00cdCIAS EM TEMPO REAL","robots":{"index":"index","follow":"follow","max-snippet":"max-snippet:-1","max-image-preview":"max-image-preview:large","max-video-preview":"max-video-preview:-1"},"canonical":"https:\/\/maranhaotv.com.br\/index.php\/2023\/08\/01\/carlos-lula-propoe-politica-de-incentivo-e-apoio-ao-aleitamento-materno-no-maranhao\/","og_locale":"pt_BR","og_type":"article","og_title":"Carlos Lula prop\u00f5e pol\u00edtica de incentivo e apoio ao aleitamento materno no Maranh\u00e3o - NOT\u00cdCIAS EM TEMPO REAL","og_description":"Durante este m\u00eas, o poder p\u00fablico e a sociedade civil realizam a Campanha Agosto Dourado para est\u00edmulo \u00e0 amamenta\u00e7\u00e3o. Com","og_url":"https:\/\/maranhaotv.com.br\/index.php\/2023\/08\/01\/carlos-lula-propoe-politica-de-incentivo-e-apoio-ao-aleitamento-materno-no-maranhao\/","og_site_name":"NOT\u00cdCIAS EM TEMPO REAL","article_publisher":"https:\/\/www.facebook.com\/maiobaotv","article_published_time":"2023-08-01T19:52:05+00:00","author":"maranhaotv","twitter_card":"summary_large_image","twitter_creator":"@sitemaranhaotv","twitter_site":"@sitemaranhaotv","twitter_misc":{"Escrito por":"maranhaotv","Est. tempo de leitura":"2 minutos"},"schema":{"@context":"https:\/\/schema.org","@graph":[{"@type":"Article","@id":"https:\/\/maranhaotv.com.br\/index.php\/2023\/08\/01\/carlos-lula-propoe-politica-de-incentivo-e-apoio-ao-aleitamento-materno-no-maranhao\/#article","isPartOf":{"@id":"https:\/\/maranhaotv.com.br\/index.php\/2023\/08\/01\/carlos-lula-propoe-politica-de-incentivo-e-apoio-ao-aleitamento-materno-no-maranhao\/"},"author":{"name":"maranhaotv","@id":"https:\/\/maranhaotv.com.br\/#\/schema\/person\/3d54238e86b20bb5c89ab2fdb8f8829a"},"headline":"Carlos Lula prop\u00f5e pol\u00edtica de incentivo e apoio ao aleitamento materno no Maranh\u00e3o","datePublished":"2023-08-01T19:52:05+00:00","mainEntityOfPage":{"@id":"https:\/\/maranhaotv.com.br\/index.php\/2023\/08\/01\/carlos-lula-propoe-politica-de-incentivo-e-apoio-ao-aleitamento-materno-no-maranhao\/"},"wordCount":484,"commentCount":0,"publisher":{"@id":"https:\/\/maranhaotv.com.br\/#organization"},"image":{"@id":"https:\/\/maranhaotv.com.br\/index.php\/2023\/08\/01\/carlos-lula-propoe-politica-de-incentivo-e-apoio-ao-aleitamento-materno-no-maranhao\/#primaryimage"},"thumbnailUrl":"","articleSection":["not\u00edcias"],"inLanguage":"pt-BR","potentialAction":[{"@type":"CommentAction","name":"Comment","target":["https:\/\/maranhaotv.com.br\/index.php\/2023\/08\/01\/carlos-lula-propoe-politica-de-incentivo-e-apoio-ao-aleitamento-materno-no-maranhao\/#respond"]}]},{"@type":"WebPage","@id":"https:\/\/maranhaotv.com.br\/index.php\/2023\/08\/01\/carlos-lula-propoe-politica-de-incentivo-e-apoio-ao-aleitamento-materno-no-maranhao\/","url":"https:\/\/maranhaotv.com.br\/index.php\/2023\/08\/01\/carlos-lula-propoe-politica-de-incentivo-e-apoio-ao-aleitamento-materno-no-maranhao\/","name":"Carlos Lula prop\u00f5e pol\u00edtica de incentivo e apoio ao aleitamento materno no Maranh\u00e3o - NOT\u00cdCIAS EM TEMPO REAL","isPartOf":{"@id":"https:\/\/maranhaotv.com.br\/#website"},"primaryImageOfPage":{"@id":"https:\/\/maranhaotv.com.br\/index.php\/2023\/08\/01\/carlos-lula-propoe-politica-de-incentivo-e-apoio-ao-aleitamento-materno-no-maranhao\/#primaryimage"},"image":{"@id":"https:\/\/maranhaotv.com.br\/index.php\/2023\/08\/01\/carlos-lula-propoe-politica-de-incentivo-e-apoio-ao-aleitamento-materno-no-maranhao\/#primaryimage"},"thumbnailUrl":"","datePublished":"2023-08-01T19:52:05+00:00","breadcrumb":{"@id":"https:\/\/maranhaotv.com.br\/index.php\/2023\/08\/01\/carlos-lula-propoe-politica-de-incentivo-e-apoio-ao-aleitamento-materno-no-maranhao\/#breadcrumb"},"inLanguage":"pt-BR","potentialAction":[{"@type":"ReadAction","target":["https:\/\/maranhaotv.com.br\/index.php\/2023\/08\/01\/carlos-lula-propoe-politica-de-incentivo-e-apoio-ao-aleitamento-materno-no-maranhao\/"]}]},{"@type":"ImageObject","inLanguage":"pt-BR","@id":"https:\/\/maranhaotv.com.br\/index.php\/2023\/08\/01\/carlos-lula-propoe-politica-de-incentivo-e-apoio-ao-aleitamento-materno-no-maranhao\/#primaryimage","url":"","contentUrl":""},{"@type":"BreadcrumbList","@id":"https:\/\/maranhaotv.com.br\/index.php\/2023\/08\/01\/carlos-lula-propoe-politica-de-incentivo-e-apoio-ao-aleitamento-materno-no-maranhao\/#breadcrumb","itemListElement":[{"@type":"ListItem","position":1,"name":"In\u00edcio","item":"https:\/\/maranhaotv.com.br\/"},{"@type":"ListItem","position":2,"name":"Carlos Lula prop\u00f5e pol\u00edtica de incentivo e apoio ao aleitamento materno no Maranh\u00e3o"}]},{"@type":"WebSite","@id":"https:\/\/maranhaotv.com.br\/#website","url":"https:\/\/maranhaotv.com.br\/","name":"Maranh\u00e3oTV","description":"","publisher":{"@id":"https:\/\/maranhaotv.com.br\/#organization"},"potentialAction":[{"@type":"SearchAction","target":{"@type":"EntryPoint","urlTemplate":"https:\/\/maranhaotv.com.br\/?s={search_term_string}"},"query-input":{"@type":"PropertyValueSpecification","valueRequired":true,"valueName":"search_term_string"}}],"inLanguage":"pt-BR"},{"@type":"Organization","@id":"https:\/\/maranhaotv.com.br\/#organization","name":"Portal de Not\u00edcias","url":"https:\/\/maranhaotv.com.br\/","logo":{"@type":"ImageObject","inLanguage":"pt-BR","@id":"https:\/\/maranhaotv.com.br\/#\/schema\/logo\/image\/","url":"https:\/\/maranhaotv.com.br\/wp-content\/uploads\/2024\/05\/cropped-cropped-avatar-1.png","contentUrl":"https:\/\/maranhaotv.com.br\/wp-content\/uploads\/2024\/05\/cropped-cropped-avatar-1.png","width":792,"height":428,"caption":"Portal de Not\u00edcias"},"image":{"@id":"https:\/\/maranhaotv.com.br\/#\/schema\/logo\/image\/"},"sameAs":["https:\/\/www.facebook.com\/maiobaotv","https:\/\/x.com\/sitemaranhaotv","https:\/\/www.instagram.com\/maranhao.tv","https:\/\/www.threads.net\/@maranhao.tv"]},{"@type":"Person","@id":"https:\/\/maranhaotv.com.br\/#\/schema\/person\/3d54238e86b20bb5c89ab2fdb8f8829a","name":"maranhaotv","image":{"@type":"ImageObject","inLanguage":"pt-BR","@id":"https:\/\/secure.gravatar.com\/avatar\/8fadbca458d4cb68b1dd399ae9a40618d747bb1af65ac9fad21c89220a143eb4?s=96&d=mm&r=g","url":"https:\/\/secure.gravatar.com\/avatar\/8fadbca458d4cb68b1dd399ae9a40618d747bb1af65ac9fad21c89220a143eb4?s=96&d=mm&r=g","contentUrl":"https:\/\/secure.gravatar.com\/avatar\/8fadbca458d4cb68b1dd399ae9a40618d747bb1af65ac9fad21c89220a143eb4?s=96&d=mm&r=g","caption":"maranhaotv"},"sameAs":["https:\/\/maranhaotv.com.br\/"],"url":"https:\/\/maranhaotv.com.br\/index.php\/author\/maranhaotv\/"}]}},"jetpack_featured_media_url":"","jetpack_sharing_enabled":true,"_links":{"self":[{"href":"https:\/\/maranhaotv.com.br\/index.php\/wp-json\/wp\/v2\/posts\/32501","targetHints":{"allow":["GET"]}}],"collection":[{"href":"https:\/\/maranhaotv.com.br\/index.php\/wp-json\/wp\/v2\/posts"}],"about":[{"href":"https:\/\/maranhaotv.com.br\/index.php\/wp-json\/wp\/v2\/types\/post"}],"author":[{"embeddable":true,"href":"https:\/\/maranhaotv.com.br\/index.php\/wp-json\/wp\/v2\/users\/2"}],"replies":[{"embeddable":true,"href":"https:\/\/maranhaotv.com.br\/index.php\/wp-json\/wp\/v2\/comments?post=32501"}],"version-history":[{"count":0,"href":"https:\/\/maranhaotv.com.br\/index.php\/wp-json\/wp\/v2\/posts\/32501\/revisions"}],"wp:featuredmedia":[{"embeddable":true,"href":"https:\/\/maranhaotv.com.br\/index.php\/wp-json\/"}],"wp:attachment":[{"href":"https:\/\/maranhaotv.com.br\/index.php\/wp-json\/wp\/v2\/media?parent=32501"}],"wp:term":[{"taxonomy":"category","embeddable":true,"href":"https:\/\/maranhaotv.com.br\/index.php\/wp-json\/wp\/v2\/categories?post=32501"},{"taxonomy":"post_tag","embeddable":true,"href":"https:\/\/maranhaotv.com.br\/index.php\/wp-json\/wp\/v2\/tags?post=32501"}],"curies":[{"name":"wp","href":"https:\/\/api.w.org\/{rel}","templated":true}]}}