{"id":32507,"date":"2023-08-01T17:31:31","date_gmt":"2023-08-01T20:31:31","guid":{"rendered":"https:\/\/maranhaotv.com.br\/?p=32507"},"modified":"2023-08-01T17:31:31","modified_gmt":"2023-08-01T20:31:31","slug":"prefeita-paula-azevedo-entrega-mais-uma-ubs-revitalizada-a-segunda-em-menos-de-um-mes","status":"publish","type":"post","link":"https:\/\/maranhaotv.com.br\/index.php\/2023\/08\/01\/prefeita-paula-azevedo-entrega-mais-uma-ubs-revitalizada-a-segunda-em-menos-de-um-mes\/","title":{"rendered":"Prefeita Paula Azevedo entrega mais uma UBS revitalizada! A segunda em menos de um m\u00eas"},"content":{"rendered":"\n<p><br>A UBS Safira foi totalmente revitalizada e recebeu novo imobili\u00e1rio<br>PA\u00c7O DO LUMIAR \u2013 Os moradores do Residencial Safira, em Pa\u00e7o do Lumiar, tiveram um motivo para comemorar nesta segunda-feira (31). Gra\u00e7as a prefeita Paula Azevedo (PCdoB), a Unidade B\u00e1sica de Sa\u00fade (UBS) Safira, que atende a regi\u00e3o, foi totalmente revitalizada e agora conta com um novo imobili\u00e1rio e a capacidade de oferecer atendimento m\u00e9dico, odontol\u00f3gico e de enfermagem para a popula\u00e7\u00e3o.<br>\u201cEstamos cumprindo com a nossa t\u00e3o sonhada meta, que \u00e9 a revitaliza\u00e7\u00e3o as Unidades B\u00e1sicas de Sa\u00fade de Pa\u00e7o do Lumiar. Algo jamais visto aqui no munic\u00edpio at\u00e9 ent\u00e3o\u201d, disse a prefeita Paula.<br>\u201cA Sa\u00fade P\u00fablica de Pa\u00e7o do Lumiar n\u00e3o deixa a desejar a nenhuma cl\u00ednica particular da regi\u00e3o metropolitana de S\u00e3o Lu\u00eds. Com a revitaliza\u00e7\u00e3o, nossas unidades b\u00e1sicas n\u00e3o deixam a desejar a nenhum atendimento m\u00e9dico particular. Orgulho do trabalho de equipe que vem sendo realizado pelos profissionais da SEMUS. Estamos caminhando firmes e de forma correta para fazer a coisa acontecer\u201d, frisou a Paula.<br>A UBS Safira fica localizada na Rua 20, quadra 21, S\/N, no bairro Residencial Safira. A unidade \u00e9 essencial e de refer\u00eancia na presta\u00e7\u00e3o de servi\u00e7os em sa\u00fade no munic\u00edpio de Pa\u00e7o do Lumiar. H\u00e1 10 anos vem realizando atendimento m\u00e9dico, de enfermagem, odontol\u00f3gico, exames laboratoriais, testes r\u00e1pidos, orienta\u00e7\u00f5es, entre outras atividades para a popula\u00e7\u00e3o local e adjac\u00eancias.<br>Na UBS Safira s\u00e3o realizados mensalmente, mais de 500 atendimentos, entre eles, m\u00e9dicos, de enfermagem e odontol\u00f3gicos. E, para dar continuidade a esses servi\u00e7os essenciais para a popula\u00e7\u00e3o, a UBS passou recentemente por reparos em sua infraestrutura. Algo que aprovado pela popula\u00e7\u00e3o que fez quest\u00e3o de estar presente durante a entrega.<br>Danielle Oliveira, Secret\u00e1ria Municipal de Sa\u00fade de Pa\u00e7o de Lumiar, explicou que a revitaliza\u00e7\u00e3o da UBS Safira faz parte do plano de gest\u00e3o de readequa\u00e7\u00e3o das Unidades B\u00e1sicas de Sa\u00fade de Pa\u00e7o do Lumiar. \u201cA readequa\u00e7\u00e3o das UBS se faz necess\u00e1ria para que possamos ofertar um melhor atendimento aos nossos clientes, que \u00e9 a popula\u00e7\u00e3o. Isso \u00e9 satisfat\u00f3rio para toda a equipe envolvida nesse trabalho de revitaliza\u00e7\u00e3o\u201d, disse a secret\u00e1ria da Semus Danielle.<br>A revitaliza\u00e7\u00e3o faz parte de um conjunto de unidades de assist\u00eancia \u00e0 Sa\u00fade da popula\u00e7\u00e3o luminense, que conta com 17 UBS, Centros de Aten\u00e7\u00e3o Psicossocial, e espa\u00e7os de atendimento para pacientes com Transtorno do Espectro Autista (TEA).<\/p>\n\n\n\n<figure class=\"wp-block-image size-large\"><img decoding=\"async\" src=\"https:\/\/maranhaotv.com.br\/wp-content\/uploads\/2023\/08\/IMG-20230801-WA0478-1024x682.jpg\" alt=\"\" class=\"wp-image-32504\"\/><\/figure>\n\n\n\n<figure class=\"wp-block-image\"><img decoding=\"async\" src=\"https:\/\/maranhaotv.com.br\/wp-content\/uploads\/2023\/08\/IMG-20230801-WA0479-1024x669.jpg\" alt=\"\" class=\"wp-image-32503\"\/><\/figure>\n\n\n\n<figure class=\"wp-block-image\"><img decoding=\"async\" src=\"https:\/\/maranhaotv.com.br\/wp-content\/uploads\/2023\/08\/IMG-20230801-WA0481-1024x682.jpg\" alt=\"\" class=\"wp-image-32505\"\/><\/figure>\n","protected":false},"excerpt":{"rendered":"<p>A UBS Safira foi totalmente revitalizada e recebeu novo imobili\u00e1rioPA\u00c7O DO LUMIAR \u2013 Os moradores do Residencial Safira, em Pa\u00e7o<\/p>\n","protected":false},"author":2,"featured_media":32506,"comment_status":"open","ping_status":"open","sticky":false,"template":"","format":"standard","meta":{"colormag_page_container_layout":"default_layout","colormag_page_sidebar_layout":"default_layout","_jetpack_memberships_contains_paid_content":false,"footnotes":""},"categories":[2],"tags":[],"class_list":["post-32507","post","type-post","status-publish","format-standard","has-post-thumbnail","hentry","category-noticias"],"magazineBlocksPostFeaturedMedia":{"thumbnail":false,"medium":false,"medium_large":false,"large":false,"1536x1536":false,"2048x2048":false,"colormag-highlighted-post":false,"colormag-featured-post-medium":false,"colormag-featured-post-small":false,"colormag-featured-image":false,"colormag-default-news":false,"colormag-featured-image-large":false},"magazineBlocksPostAuthor":{"name":"maranhaotv","avatar":"https:\/\/secure.gravatar.com\/avatar\/8fadbca458d4cb68b1dd399ae9a40618d747bb1af65ac9fad21c89220a143eb4?s=96&d=mm&r=g"},"magazineBlocksPostCommentsNumber":"0","magazineBlocksPostExcerpt":"A UBS Safira foi totalmente revitalizada e recebeu novo imobili\u00e1rioPA\u00c7O DO LUMIAR \u2013 Os moradores do Residencial Safira, em Pa\u00e7o","magazineBlocksPostCategories":["not\u00edcias"],"magazineBlocksPostViewCount":208,"magazineBlocksPostReadTime":3,"magazine_blocks_featured_image_url":{"full":false,"medium":false,"thumbnail":false},"magazine_blocks_author":{"display_name":"maranhaotv","author_link":"https:\/\/maranhaotv.com.br\/index.php\/author\/maranhaotv\/"},"magazine_blocks_comment":0,"magazine_blocks_author_image":"https:\/\/secure.gravatar.com\/avatar\/8fadbca458d4cb68b1dd399ae9a40618d747bb1af65ac9fad21c89220a143eb4?s=96&d=mm&r=g","magazine_blocks_category":"<a href=\"#\" class=\"category-link category-link-2\">not\u00edcias<\/a>","yoast_head":"<!-- This site is optimized with the Yoast SEO plugin v27.4 - https:\/\/yoast.com\/product\/yoast-seo-wordpress\/ -->\n<title>Prefeita Paula Azevedo entrega mais uma UBS revitalizada! A segunda em menos de um m\u00eas - NOT\u00cdCIAS EM TEMPO REAL<\/title>\n<meta name=\"robots\" content=\"index, follow, max-snippet:-1, max-image-preview:large, max-video-preview:-1\" \/>\n<link rel=\"canonical\" href=\"https:\/\/maranhaotv.com.br\/index.php\/2023\/08\/01\/prefeita-paula-azevedo-entrega-mais-uma-ubs-revitalizada-a-segunda-em-menos-de-um-mes\/\" \/>\n<meta property=\"og:locale\" content=\"pt_BR\" \/>\n<meta property=\"og:type\" content=\"article\" \/>\n<meta property=\"og:title\" content=\"Prefeita Paula Azevedo entrega mais uma UBS revitalizada! A segunda em menos de um m\u00eas - NOT\u00cdCIAS EM TEMPO REAL\" \/>\n<meta property=\"og:description\" content=\"A UBS Safira foi totalmente revitalizada e recebeu novo imobili\u00e1rioPA\u00c7O DO LUMIAR \u2013 Os moradores do Residencial Safira, em Pa\u00e7o\" \/>\n<meta property=\"og:url\" content=\"https:\/\/maranhaotv.com.br\/index.php\/2023\/08\/01\/prefeita-paula-azevedo-entrega-mais-uma-ubs-revitalizada-a-segunda-em-menos-de-um-mes\/\" \/>\n<meta property=\"og:site_name\" content=\"NOT\u00cdCIAS EM TEMPO REAL\" \/>\n<meta property=\"article:publisher\" content=\"https:\/\/www.facebook.com\/maiobaotv\" \/>\n<meta property=\"article:published_time\" content=\"2023-08-01T20:31:31+00:00\" \/>\n<meta name=\"author\" content=\"maranhaotv\" \/>\n<meta name=\"twitter:card\" content=\"summary_large_image\" \/>\n<meta name=\"twitter:creator\" content=\"@sitemaranhaotv\" \/>\n<meta name=\"twitter:site\" content=\"@sitemaranhaotv\" \/>\n<meta name=\"twitter:label1\" content=\"Escrito por\" \/>\n\t<meta name=\"twitter:data1\" content=\"maranhaotv\" \/>\n\t<meta name=\"twitter:label2\" content=\"Est. tempo de leitura\" \/>\n\t<meta name=\"twitter:data2\" content=\"2 minutos\" \/>\n<script type=\"application\/ld+json\" class=\"yoast-schema-graph\">{\"@context\":\"https:\\\/\\\/schema.org\",\"@graph\":[{\"@type\":\"Article\",\"@id\":\"https:\\\/\\\/maranhaotv.com.br\\\/index.php\\\/2023\\\/08\\\/01\\\/prefeita-paula-azevedo-entrega-mais-uma-ubs-revitalizada-a-segunda-em-menos-de-um-mes\\\/#article\",\"isPartOf\":{\"@id\":\"https:\\\/\\\/maranhaotv.com.br\\\/index.php\\\/2023\\\/08\\\/01\\\/prefeita-paula-azevedo-entrega-mais-uma-ubs-revitalizada-a-segunda-em-menos-de-um-mes\\\/\"},\"author\":{\"name\":\"maranhaotv\",\"@id\":\"https:\\\/\\\/maranhaotv.com.br\\\/#\\\/schema\\\/person\\\/3d54238e86b20bb5c89ab2fdb8f8829a\"},\"headline\":\"Prefeita Paula Azevedo entrega mais uma UBS revitalizada! A segunda em menos de um m\u00eas\",\"datePublished\":\"2023-08-01T20:31:31+00:00\",\"mainEntityOfPage\":{\"@id\":\"https:\\\/\\\/maranhaotv.com.br\\\/index.php\\\/2023\\\/08\\\/01\\\/prefeita-paula-azevedo-entrega-mais-uma-ubs-revitalizada-a-segunda-em-menos-de-um-mes\\\/\"},\"wordCount\":462,\"commentCount\":0,\"publisher\":{\"@id\":\"https:\\\/\\\/maranhaotv.com.br\\\/#organization\"},\"image\":{\"@id\":\"https:\\\/\\\/maranhaotv.com.br\\\/index.php\\\/2023\\\/08\\\/01\\\/prefeita-paula-azevedo-entrega-mais-uma-ubs-revitalizada-a-segunda-em-menos-de-um-mes\\\/#primaryimage\"},\"thumbnailUrl\":\"\",\"articleSection\":[\"not\u00edcias\"],\"inLanguage\":\"pt-BR\",\"potentialAction\":[{\"@type\":\"CommentAction\",\"name\":\"Comment\",\"target\":[\"https:\\\/\\\/maranhaotv.com.br\\\/index.php\\\/2023\\\/08\\\/01\\\/prefeita-paula-azevedo-entrega-mais-uma-ubs-revitalizada-a-segunda-em-menos-de-um-mes\\\/#respond\"]}]},{\"@type\":\"WebPage\",\"@id\":\"https:\\\/\\\/maranhaotv.com.br\\\/index.php\\\/2023\\\/08\\\/01\\\/prefeita-paula-azevedo-entrega-mais-uma-ubs-revitalizada-a-segunda-em-menos-de-um-mes\\\/\",\"url\":\"https:\\\/\\\/maranhaotv.com.br\\\/index.php\\\/2023\\\/08\\\/01\\\/prefeita-paula-azevedo-entrega-mais-uma-ubs-revitalizada-a-segunda-em-menos-de-um-mes\\\/\",\"name\":\"Prefeita Paula Azevedo entrega mais uma UBS revitalizada! A segunda em menos de um m\u00eas - NOT\u00cdCIAS EM TEMPO REAL\",\"isPartOf\":{\"@id\":\"https:\\\/\\\/maranhaotv.com.br\\\/#website\"},\"primaryImageOfPage\":{\"@id\":\"https:\\\/\\\/maranhaotv.com.br\\\/index.php\\\/2023\\\/08\\\/01\\\/prefeita-paula-azevedo-entrega-mais-uma-ubs-revitalizada-a-segunda-em-menos-de-um-mes\\\/#primaryimage\"},\"image\":{\"@id\":\"https:\\\/\\\/maranhaotv.com.br\\\/index.php\\\/2023\\\/08\\\/01\\\/prefeita-paula-azevedo-entrega-mais-uma-ubs-revitalizada-a-segunda-em-menos-de-um-mes\\\/#primaryimage\"},\"thumbnailUrl\":\"\",\"datePublished\":\"2023-08-01T20:31:31+00:00\",\"breadcrumb\":{\"@id\":\"https:\\\/\\\/maranhaotv.com.br\\\/index.php\\\/2023\\\/08\\\/01\\\/prefeita-paula-azevedo-entrega-mais-uma-ubs-revitalizada-a-segunda-em-menos-de-um-mes\\\/#breadcrumb\"},\"inLanguage\":\"pt-BR\",\"potentialAction\":[{\"@type\":\"ReadAction\",\"target\":[\"https:\\\/\\\/maranhaotv.com.br\\\/index.php\\\/2023\\\/08\\\/01\\\/prefeita-paula-azevedo-entrega-mais-uma-ubs-revitalizada-a-segunda-em-menos-de-um-mes\\\/\"]}]},{\"@type\":\"ImageObject\",\"inLanguage\":\"pt-BR\",\"@id\":\"https:\\\/\\\/maranhaotv.com.br\\\/index.php\\\/2023\\\/08\\\/01\\\/prefeita-paula-azevedo-entrega-mais-uma-ubs-revitalizada-a-segunda-em-menos-de-um-mes\\\/#primaryimage\",\"url\":\"\",\"contentUrl\":\"\"},{\"@type\":\"BreadcrumbList\",\"@id\":\"https:\\\/\\\/maranhaotv.com.br\\\/index.php\\\/2023\\\/08\\\/01\\\/prefeita-paula-azevedo-entrega-mais-uma-ubs-revitalizada-a-segunda-em-menos-de-um-mes\\\/#breadcrumb\",\"itemListElement\":[{\"@type\":\"ListItem\",\"position\":1,\"name\":\"In\u00edcio\",\"item\":\"https:\\\/\\\/maranhaotv.com.br\\\/\"},{\"@type\":\"ListItem\",\"position\":2,\"name\":\"Prefeita Paula Azevedo entrega mais uma UBS revitalizada! A segunda em menos de um m\u00eas\"}]},{\"@type\":\"WebSite\",\"@id\":\"https:\\\/\\\/maranhaotv.com.br\\\/#website\",\"url\":\"https:\\\/\\\/maranhaotv.com.br\\\/\",\"name\":\"Maranh\u00e3oTV\",\"description\":\"\",\"publisher\":{\"@id\":\"https:\\\/\\\/maranhaotv.com.br\\\/#organization\"},\"potentialAction\":[{\"@type\":\"SearchAction\",\"target\":{\"@type\":\"EntryPoint\",\"urlTemplate\":\"https:\\\/\\\/maranhaotv.com.br\\\/?s={search_term_string}\"},\"query-input\":{\"@type\":\"PropertyValueSpecification\",\"valueRequired\":true,\"valueName\":\"search_term_string\"}}],\"inLanguage\":\"pt-BR\"},{\"@type\":\"Organization\",\"@id\":\"https:\\\/\\\/maranhaotv.com.br\\\/#organization\",\"name\":\"Portal de Not\u00edcias\",\"url\":\"https:\\\/\\\/maranhaotv.com.br\\\/\",\"logo\":{\"@type\":\"ImageObject\",\"inLanguage\":\"pt-BR\",\"@id\":\"https:\\\/\\\/maranhaotv.com.br\\\/#\\\/schema\\\/logo\\\/image\\\/\",\"url\":\"https:\\\/\\\/maranhaotv.com.br\\\/wp-content\\\/uploads\\\/2024\\\/05\\\/cropped-cropped-avatar-1.png\",\"contentUrl\":\"https:\\\/\\\/maranhaotv.com.br\\\/wp-content\\\/uploads\\\/2024\\\/05\\\/cropped-cropped-avatar-1.png\",\"width\":792,\"height\":428,\"caption\":\"Portal de Not\u00edcias\"},\"image\":{\"@id\":\"https:\\\/\\\/maranhaotv.com.br\\\/#\\\/schema\\\/logo\\\/image\\\/\"},\"sameAs\":[\"https:\\\/\\\/www.facebook.com\\\/maiobaotv\",\"https:\\\/\\\/x.com\\\/sitemaranhaotv\",\"https:\\\/\\\/www.instagram.com\\\/maranhao.tv\",\"https:\\\/\\\/www.threads.net\\\/@maranhao.tv\"]},{\"@type\":\"Person\",\"@id\":\"https:\\\/\\\/maranhaotv.com.br\\\/#\\\/schema\\\/person\\\/3d54238e86b20bb5c89ab2fdb8f8829a\",\"name\":\"maranhaotv\",\"image\":{\"@type\":\"ImageObject\",\"inLanguage\":\"pt-BR\",\"@id\":\"https:\\\/\\\/secure.gravatar.com\\\/avatar\\\/8fadbca458d4cb68b1dd399ae9a40618d747bb1af65ac9fad21c89220a143eb4?s=96&d=mm&r=g\",\"url\":\"https:\\\/\\\/secure.gravatar.com\\\/avatar\\\/8fadbca458d4cb68b1dd399ae9a40618d747bb1af65ac9fad21c89220a143eb4?s=96&d=mm&r=g\",\"contentUrl\":\"https:\\\/\\\/secure.gravatar.com\\\/avatar\\\/8fadbca458d4cb68b1dd399ae9a40618d747bb1af65ac9fad21c89220a143eb4?s=96&d=mm&r=g\",\"caption\":\"maranhaotv\"},\"sameAs\":[\"https:\\\/\\\/maranhaotv.com.br\\\/\"],\"url\":\"https:\\\/\\\/maranhaotv.com.br\\\/index.php\\\/author\\\/maranhaotv\\\/\"}]}<\/script>\n<!-- \/ Yoast SEO plugin. -->","yoast_head_json":{"title":"Prefeita Paula Azevedo entrega mais uma UBS revitalizada! A segunda em menos de um m\u00eas - NOT\u00cdCIAS EM TEMPO REAL","robots":{"index":"index","follow":"follow","max-snippet":"max-snippet:-1","max-image-preview":"max-image-preview:large","max-video-preview":"max-video-preview:-1"},"canonical":"https:\/\/maranhaotv.com.br\/index.php\/2023\/08\/01\/prefeita-paula-azevedo-entrega-mais-uma-ubs-revitalizada-a-segunda-em-menos-de-um-mes\/","og_locale":"pt_BR","og_type":"article","og_title":"Prefeita Paula Azevedo entrega mais uma UBS revitalizada! A segunda em menos de um m\u00eas - NOT\u00cdCIAS EM TEMPO REAL","og_description":"A UBS Safira foi totalmente revitalizada e recebeu novo imobili\u00e1rioPA\u00c7O DO LUMIAR \u2013 Os moradores do Residencial Safira, em Pa\u00e7o","og_url":"https:\/\/maranhaotv.com.br\/index.php\/2023\/08\/01\/prefeita-paula-azevedo-entrega-mais-uma-ubs-revitalizada-a-segunda-em-menos-de-um-mes\/","og_site_name":"NOT\u00cdCIAS EM TEMPO REAL","article_publisher":"https:\/\/www.facebook.com\/maiobaotv","article_published_time":"2023-08-01T20:31:31+00:00","author":"maranhaotv","twitter_card":"summary_large_image","twitter_creator":"@sitemaranhaotv","twitter_site":"@sitemaranhaotv","twitter_misc":{"Escrito por":"maranhaotv","Est. tempo de leitura":"2 minutos"},"schema":{"@context":"https:\/\/schema.org","@graph":[{"@type":"Article","@id":"https:\/\/maranhaotv.com.br\/index.php\/2023\/08\/01\/prefeita-paula-azevedo-entrega-mais-uma-ubs-revitalizada-a-segunda-em-menos-de-um-mes\/#article","isPartOf":{"@id":"https:\/\/maranhaotv.com.br\/index.php\/2023\/08\/01\/prefeita-paula-azevedo-entrega-mais-uma-ubs-revitalizada-a-segunda-em-menos-de-um-mes\/"},"author":{"name":"maranhaotv","@id":"https:\/\/maranhaotv.com.br\/#\/schema\/person\/3d54238e86b20bb5c89ab2fdb8f8829a"},"headline":"Prefeita Paula Azevedo entrega mais uma UBS revitalizada! A segunda em menos de um m\u00eas","datePublished":"2023-08-01T20:31:31+00:00","mainEntityOfPage":{"@id":"https:\/\/maranhaotv.com.br\/index.php\/2023\/08\/01\/prefeita-paula-azevedo-entrega-mais-uma-ubs-revitalizada-a-segunda-em-menos-de-um-mes\/"},"wordCount":462,"commentCount":0,"publisher":{"@id":"https:\/\/maranhaotv.com.br\/#organization"},"image":{"@id":"https:\/\/maranhaotv.com.br\/index.php\/2023\/08\/01\/prefeita-paula-azevedo-entrega-mais-uma-ubs-revitalizada-a-segunda-em-menos-de-um-mes\/#primaryimage"},"thumbnailUrl":"","articleSection":["not\u00edcias"],"inLanguage":"pt-BR","potentialAction":[{"@type":"CommentAction","name":"Comment","target":["https:\/\/maranhaotv.com.br\/index.php\/2023\/08\/01\/prefeita-paula-azevedo-entrega-mais-uma-ubs-revitalizada-a-segunda-em-menos-de-um-mes\/#respond"]}]},{"@type":"WebPage","@id":"https:\/\/maranhaotv.com.br\/index.php\/2023\/08\/01\/prefeita-paula-azevedo-entrega-mais-uma-ubs-revitalizada-a-segunda-em-menos-de-um-mes\/","url":"https:\/\/maranhaotv.com.br\/index.php\/2023\/08\/01\/prefeita-paula-azevedo-entrega-mais-uma-ubs-revitalizada-a-segunda-em-menos-de-um-mes\/","name":"Prefeita Paula Azevedo entrega mais uma UBS revitalizada! A segunda em menos de um m\u00eas - NOT\u00cdCIAS EM TEMPO REAL","isPartOf":{"@id":"https:\/\/maranhaotv.com.br\/#website"},"primaryImageOfPage":{"@id":"https:\/\/maranhaotv.com.br\/index.php\/2023\/08\/01\/prefeita-paula-azevedo-entrega-mais-uma-ubs-revitalizada-a-segunda-em-menos-de-um-mes\/#primaryimage"},"image":{"@id":"https:\/\/maranhaotv.com.br\/index.php\/2023\/08\/01\/prefeita-paula-azevedo-entrega-mais-uma-ubs-revitalizada-a-segunda-em-menos-de-um-mes\/#primaryimage"},"thumbnailUrl":"","datePublished":"2023-08-01T20:31:31+00:00","breadcrumb":{"@id":"https:\/\/maranhaotv.com.br\/index.php\/2023\/08\/01\/prefeita-paula-azevedo-entrega-mais-uma-ubs-revitalizada-a-segunda-em-menos-de-um-mes\/#breadcrumb"},"inLanguage":"pt-BR","potentialAction":[{"@type":"ReadAction","target":["https:\/\/maranhaotv.com.br\/index.php\/2023\/08\/01\/prefeita-paula-azevedo-entrega-mais-uma-ubs-revitalizada-a-segunda-em-menos-de-um-mes\/"]}]},{"@type":"ImageObject","inLanguage":"pt-BR","@id":"https:\/\/maranhaotv.com.br\/index.php\/2023\/08\/01\/prefeita-paula-azevedo-entrega-mais-uma-ubs-revitalizada-a-segunda-em-menos-de-um-mes\/#primaryimage","url":"","contentUrl":""},{"@type":"BreadcrumbList","@id":"https:\/\/maranhaotv.com.br\/index.php\/2023\/08\/01\/prefeita-paula-azevedo-entrega-mais-uma-ubs-revitalizada-a-segunda-em-menos-de-um-mes\/#breadcrumb","itemListElement":[{"@type":"ListItem","position":1,"name":"In\u00edcio","item":"https:\/\/maranhaotv.com.br\/"},{"@type":"ListItem","position":2,"name":"Prefeita Paula Azevedo entrega mais uma UBS revitalizada! A segunda em menos de um m\u00eas"}]},{"@type":"WebSite","@id":"https:\/\/maranhaotv.com.br\/#website","url":"https:\/\/maranhaotv.com.br\/","name":"Maranh\u00e3oTV","description":"","publisher":{"@id":"https:\/\/maranhaotv.com.br\/#organization"},"potentialAction":[{"@type":"SearchAction","target":{"@type":"EntryPoint","urlTemplate":"https:\/\/maranhaotv.com.br\/?s={search_term_string}"},"query-input":{"@type":"PropertyValueSpecification","valueRequired":true,"valueName":"search_term_string"}}],"inLanguage":"pt-BR"},{"@type":"Organization","@id":"https:\/\/maranhaotv.com.br\/#organization","name":"Portal de Not\u00edcias","url":"https:\/\/maranhaotv.com.br\/","logo":{"@type":"ImageObject","inLanguage":"pt-BR","@id":"https:\/\/maranhaotv.com.br\/#\/schema\/logo\/image\/","url":"https:\/\/maranhaotv.com.br\/wp-content\/uploads\/2024\/05\/cropped-cropped-avatar-1.png","contentUrl":"https:\/\/maranhaotv.com.br\/wp-content\/uploads\/2024\/05\/cropped-cropped-avatar-1.png","width":792,"height":428,"caption":"Portal de Not\u00edcias"},"image":{"@id":"https:\/\/maranhaotv.com.br\/#\/schema\/logo\/image\/"},"sameAs":["https:\/\/www.facebook.com\/maiobaotv","https:\/\/x.com\/sitemaranhaotv","https:\/\/www.instagram.com\/maranhao.tv","https:\/\/www.threads.net\/@maranhao.tv"]},{"@type":"Person","@id":"https:\/\/maranhaotv.com.br\/#\/schema\/person\/3d54238e86b20bb5c89ab2fdb8f8829a","name":"maranhaotv","image":{"@type":"ImageObject","inLanguage":"pt-BR","@id":"https:\/\/secure.gravatar.com\/avatar\/8fadbca458d4cb68b1dd399ae9a40618d747bb1af65ac9fad21c89220a143eb4?s=96&d=mm&r=g","url":"https:\/\/secure.gravatar.com\/avatar\/8fadbca458d4cb68b1dd399ae9a40618d747bb1af65ac9fad21c89220a143eb4?s=96&d=mm&r=g","contentUrl":"https:\/\/secure.gravatar.com\/avatar\/8fadbca458d4cb68b1dd399ae9a40618d747bb1af65ac9fad21c89220a143eb4?s=96&d=mm&r=g","caption":"maranhaotv"},"sameAs":["https:\/\/maranhaotv.com.br\/"],"url":"https:\/\/maranhaotv.com.br\/index.php\/author\/maranhaotv\/"}]}},"jetpack_featured_media_url":"","jetpack_sharing_enabled":true,"_links":{"self":[{"href":"https:\/\/maranhaotv.com.br\/index.php\/wp-json\/wp\/v2\/posts\/32507","targetHints":{"allow":["GET"]}}],"collection":[{"href":"https:\/\/maranhaotv.com.br\/index.php\/wp-json\/wp\/v2\/posts"}],"about":[{"href":"https:\/\/maranhaotv.com.br\/index.php\/wp-json\/wp\/v2\/types\/post"}],"author":[{"embeddable":true,"href":"https:\/\/maranhaotv.com.br\/index.php\/wp-json\/wp\/v2\/users\/2"}],"replies":[{"embeddable":true,"href":"https:\/\/maranhaotv.com.br\/index.php\/wp-json\/wp\/v2\/comments?post=32507"}],"version-history":[{"count":0,"href":"https:\/\/maranhaotv.com.br\/index.php\/wp-json\/wp\/v2\/posts\/32507\/revisions"}],"wp:featuredmedia":[{"embeddable":true,"href":"https:\/\/maranhaotv.com.br\/index.php\/wp-json\/"}],"wp:attachment":[{"href":"https:\/\/maranhaotv.com.br\/index.php\/wp-json\/wp\/v2\/media?parent=32507"}],"wp:term":[{"taxonomy":"category","embeddable":true,"href":"https:\/\/maranhaotv.com.br\/index.php\/wp-json\/wp\/v2\/categories?post=32507"},{"taxonomy":"post_tag","embeddable":true,"href":"https:\/\/maranhaotv.com.br\/index.php\/wp-json\/wp\/v2\/tags?post=32507"}],"curies":[{"name":"wp","href":"https:\/\/api.w.org\/{rel}","templated":true}]}}