{"id":32510,"date":"2023-08-01T19:55:42","date_gmt":"2023-08-01T22:55:42","guid":{"rendered":"https:\/\/maranhaotv.com.br\/?p=32510"},"modified":"2023-08-01T19:55:42","modified_gmt":"2023-08-01T22:55:42","slug":"deputado-wellington-denuncia-suposta-venda-de-macas-vagas-nos-socorroes-e-cobra-esclarecimentos-da-prefeitura","status":"publish","type":"post","link":"https:\/\/maranhaotv.com.br\/index.php\/2023\/08\/01\/deputado-wellington-denuncia-suposta-venda-de-macas-vagas-nos-socorroes-e-cobra-esclarecimentos-da-prefeitura\/","title":{"rendered":"Deputado Wellington denuncia suposta \u201cvenda\u201d de macas\/vagas nos Socorr\u00f5es e cobra esclarecimentos da Prefeitura"},"content":{"rendered":"\n<p><br>Na manh\u00e3 desta  ter\u00e7a-feira (01), o deputado estadual Wellington do Curso utilizou a tribuna da Assembleia Legislativa para fazer refer\u00eancia a alguns relatos que recebeu em seu gabinete. A den\u00fancia aponta para uma suposta \u201cvenda\u201d de macas e\/ou vagas no Hospital Socorr\u00e3o I e II em S\u00e3o Lu\u00eds.<br><br>Na ocasi\u00e3o, Wellington solicitou esclarecimentos da Prefeitura de S\u00e3o Lu\u00eds e informou que est\u00e1 em fase final de elabora\u00e7\u00e3o de relat\u00f3rio com todos os ind\u00edcios dessa den\u00fancia para encaminhar ao Minist\u00e9rio P\u00fablico.<br><br>\u201cRelatos de pacientes e acompanhantes apontam para uma suposta \u2018venda\u2019 de macas e vagas no Hospital Socorr\u00e3o I e Socorr\u00e3o II. Pelo apurado, o paciente chega e h\u00e1 funcion\u00e1rios que pedem um \u2018cafezinho\u2019. Esse \u2018cafezinho\u2019 \u00e9 como chamam a propina, dinheiro que garantiria a disponibiliza\u00e7\u00e3o de uma maca para o paciente, ou seja, disponibilidade de uma vaga para que o paciente seja atendido e n\u00e3o fique no ch\u00e3o ou nos corredores do hospital. Isso \u00e9 grave e tem que ser apurado. Apresentei requerimento para que a Prefeitura informe se tem conhecimento disso. Tamb\u00e9m estou em fase final na elabora\u00e7\u00e3o de relat\u00f3rio com todos os ind\u00edcios. Sa\u00fade \u00e9 prioridade \u00e9 n\u00e3o balc\u00e3o de neg\u00f3cios e corrup\u00e7\u00e3o!\u201d, disse Wellington.<\/p>\n","protected":false},"excerpt":{"rendered":"<p>Na manh\u00e3 desta ter\u00e7a-feira (01), o deputado estadual Wellington do Curso utilizou a tribuna da Assembleia Legislativa para fazer refer\u00eancia<\/p>\n","protected":false},"author":2,"featured_media":32509,"comment_status":"open","ping_status":"open","sticky":false,"template":"","format":"standard","meta":{"colormag_page_container_layout":"default_layout","colormag_page_sidebar_layout":"default_layout","_jetpack_memberships_contains_paid_content":false,"footnotes":""},"categories":[6],"tags":[],"class_list":["post-32510","post","type-post","status-publish","format-standard","has-post-thumbnail","hentry","category-politica"],"magazineBlocksPostFeaturedMedia":{"thumbnail":false,"medium":false,"medium_large":false,"large":false,"1536x1536":false,"2048x2048":false,"colormag-highlighted-post":false,"colormag-featured-post-medium":false,"colormag-featured-post-small":false,"colormag-featured-image":false,"colormag-default-news":false,"colormag-featured-image-large":false},"magazineBlocksPostAuthor":{"name":"maranhaotv","avatar":"https:\/\/secure.gravatar.com\/avatar\/8fadbca458d4cb68b1dd399ae9a40618d747bb1af65ac9fad21c89220a143eb4?s=96&d=mm&r=g"},"magazineBlocksPostCommentsNumber":"0","magazineBlocksPostExcerpt":"Na manh\u00e3 desta ter\u00e7a-feira (01), o deputado estadual Wellington do Curso utilizou a tribuna da Assembleia Legislativa para fazer refer\u00eancia","magazineBlocksPostCategories":["pol\u00edtica"],"magazineBlocksPostViewCount":233,"magazineBlocksPostReadTime":2,"magazine_blocks_featured_image_url":{"full":false,"medium":false,"thumbnail":false},"magazine_blocks_author":{"display_name":"maranhaotv","author_link":"https:\/\/maranhaotv.com.br\/index.php\/author\/maranhaotv\/"},"magazine_blocks_comment":0,"magazine_blocks_author_image":"https:\/\/secure.gravatar.com\/avatar\/8fadbca458d4cb68b1dd399ae9a40618d747bb1af65ac9fad21c89220a143eb4?s=96&d=mm&r=g","magazine_blocks_category":"<a href=\"#\" class=\"category-link category-link-6\">pol\u00edtica<\/a>","yoast_head":"<!-- This site is optimized with the Yoast SEO plugin v27.4 - https:\/\/yoast.com\/product\/yoast-seo-wordpress\/ -->\n<title>Deputado Wellington denuncia suposta \u201cvenda\u201d de macas\/vagas nos Socorr\u00f5es e cobra esclarecimentos da Prefeitura - NOT\u00cdCIAS EM TEMPO REAL<\/title>\n<meta name=\"robots\" content=\"index, follow, max-snippet:-1, max-image-preview:large, max-video-preview:-1\" \/>\n<link rel=\"canonical\" href=\"https:\/\/maranhaotv.com.br\/index.php\/2023\/08\/01\/deputado-wellington-denuncia-suposta-venda-de-macas-vagas-nos-socorroes-e-cobra-esclarecimentos-da-prefeitura\/\" \/>\n<meta property=\"og:locale\" content=\"pt_BR\" \/>\n<meta property=\"og:type\" content=\"article\" \/>\n<meta property=\"og:title\" content=\"Deputado Wellington denuncia suposta \u201cvenda\u201d de macas\/vagas nos Socorr\u00f5es e cobra esclarecimentos da Prefeitura - NOT\u00cdCIAS EM TEMPO REAL\" \/>\n<meta property=\"og:description\" content=\"Na manh\u00e3 desta ter\u00e7a-feira (01), o deputado estadual Wellington do Curso utilizou a tribuna da Assembleia Legislativa para fazer refer\u00eancia\" \/>\n<meta property=\"og:url\" content=\"https:\/\/maranhaotv.com.br\/index.php\/2023\/08\/01\/deputado-wellington-denuncia-suposta-venda-de-macas-vagas-nos-socorroes-e-cobra-esclarecimentos-da-prefeitura\/\" \/>\n<meta property=\"og:site_name\" content=\"NOT\u00cdCIAS EM TEMPO REAL\" \/>\n<meta property=\"article:publisher\" content=\"https:\/\/www.facebook.com\/maiobaotv\" \/>\n<meta property=\"article:published_time\" content=\"2023-08-01T22:55:42+00:00\" \/>\n<meta name=\"author\" content=\"maranhaotv\" \/>\n<meta name=\"twitter:card\" content=\"summary_large_image\" \/>\n<meta name=\"twitter:creator\" content=\"@sitemaranhaotv\" \/>\n<meta name=\"twitter:site\" content=\"@sitemaranhaotv\" \/>\n<meta name=\"twitter:label1\" content=\"Escrito por\" \/>\n\t<meta name=\"twitter:data1\" content=\"maranhaotv\" \/>\n\t<meta name=\"twitter:label2\" content=\"Est. tempo de leitura\" \/>\n\t<meta name=\"twitter:data2\" content=\"1 minuto\" \/>\n<script type=\"application\/ld+json\" class=\"yoast-schema-graph\">{\"@context\":\"https:\\\/\\\/schema.org\",\"@graph\":[{\"@type\":\"Article\",\"@id\":\"https:\\\/\\\/maranhaotv.com.br\\\/index.php\\\/2023\\\/08\\\/01\\\/deputado-wellington-denuncia-suposta-venda-de-macas-vagas-nos-socorroes-e-cobra-esclarecimentos-da-prefeitura\\\/#article\",\"isPartOf\":{\"@id\":\"https:\\\/\\\/maranhaotv.com.br\\\/index.php\\\/2023\\\/08\\\/01\\\/deputado-wellington-denuncia-suposta-venda-de-macas-vagas-nos-socorroes-e-cobra-esclarecimentos-da-prefeitura\\\/\"},\"author\":{\"name\":\"maranhaotv\",\"@id\":\"https:\\\/\\\/maranhaotv.com.br\\\/#\\\/schema\\\/person\\\/3d54238e86b20bb5c89ab2fdb8f8829a\"},\"headline\":\"Deputado Wellington denuncia suposta \u201cvenda\u201d de macas\\\/vagas nos Socorr\u00f5es e cobra esclarecimentos da Prefeitura\",\"datePublished\":\"2023-08-01T22:55:42+00:00\",\"mainEntityOfPage\":{\"@id\":\"https:\\\/\\\/maranhaotv.com.br\\\/index.php\\\/2023\\\/08\\\/01\\\/deputado-wellington-denuncia-suposta-venda-de-macas-vagas-nos-socorroes-e-cobra-esclarecimentos-da-prefeitura\\\/\"},\"wordCount\":239,\"commentCount\":0,\"publisher\":{\"@id\":\"https:\\\/\\\/maranhaotv.com.br\\\/#organization\"},\"image\":{\"@id\":\"https:\\\/\\\/maranhaotv.com.br\\\/index.php\\\/2023\\\/08\\\/01\\\/deputado-wellington-denuncia-suposta-venda-de-macas-vagas-nos-socorroes-e-cobra-esclarecimentos-da-prefeitura\\\/#primaryimage\"},\"thumbnailUrl\":\"\",\"articleSection\":[\"pol\u00edtica\"],\"inLanguage\":\"pt-BR\",\"potentialAction\":[{\"@type\":\"CommentAction\",\"name\":\"Comment\",\"target\":[\"https:\\\/\\\/maranhaotv.com.br\\\/index.php\\\/2023\\\/08\\\/01\\\/deputado-wellington-denuncia-suposta-venda-de-macas-vagas-nos-socorroes-e-cobra-esclarecimentos-da-prefeitura\\\/#respond\"]}]},{\"@type\":\"WebPage\",\"@id\":\"https:\\\/\\\/maranhaotv.com.br\\\/index.php\\\/2023\\\/08\\\/01\\\/deputado-wellington-denuncia-suposta-venda-de-macas-vagas-nos-socorroes-e-cobra-esclarecimentos-da-prefeitura\\\/\",\"url\":\"https:\\\/\\\/maranhaotv.com.br\\\/index.php\\\/2023\\\/08\\\/01\\\/deputado-wellington-denuncia-suposta-venda-de-macas-vagas-nos-socorroes-e-cobra-esclarecimentos-da-prefeitura\\\/\",\"name\":\"Deputado Wellington denuncia suposta \u201cvenda\u201d de macas\\\/vagas nos Socorr\u00f5es e cobra esclarecimentos da Prefeitura - NOT\u00cdCIAS EM TEMPO REAL\",\"isPartOf\":{\"@id\":\"https:\\\/\\\/maranhaotv.com.br\\\/#website\"},\"primaryImageOfPage\":{\"@id\":\"https:\\\/\\\/maranhaotv.com.br\\\/index.php\\\/2023\\\/08\\\/01\\\/deputado-wellington-denuncia-suposta-venda-de-macas-vagas-nos-socorroes-e-cobra-esclarecimentos-da-prefeitura\\\/#primaryimage\"},\"image\":{\"@id\":\"https:\\\/\\\/maranhaotv.com.br\\\/index.php\\\/2023\\\/08\\\/01\\\/deputado-wellington-denuncia-suposta-venda-de-macas-vagas-nos-socorroes-e-cobra-esclarecimentos-da-prefeitura\\\/#primaryimage\"},\"thumbnailUrl\":\"\",\"datePublished\":\"2023-08-01T22:55:42+00:00\",\"breadcrumb\":{\"@id\":\"https:\\\/\\\/maranhaotv.com.br\\\/index.php\\\/2023\\\/08\\\/01\\\/deputado-wellington-denuncia-suposta-venda-de-macas-vagas-nos-socorroes-e-cobra-esclarecimentos-da-prefeitura\\\/#breadcrumb\"},\"inLanguage\":\"pt-BR\",\"potentialAction\":[{\"@type\":\"ReadAction\",\"target\":[\"https:\\\/\\\/maranhaotv.com.br\\\/index.php\\\/2023\\\/08\\\/01\\\/deputado-wellington-denuncia-suposta-venda-de-macas-vagas-nos-socorroes-e-cobra-esclarecimentos-da-prefeitura\\\/\"]}]},{\"@type\":\"ImageObject\",\"inLanguage\":\"pt-BR\",\"@id\":\"https:\\\/\\\/maranhaotv.com.br\\\/index.php\\\/2023\\\/08\\\/01\\\/deputado-wellington-denuncia-suposta-venda-de-macas-vagas-nos-socorroes-e-cobra-esclarecimentos-da-prefeitura\\\/#primaryimage\",\"url\":\"\",\"contentUrl\":\"\"},{\"@type\":\"BreadcrumbList\",\"@id\":\"https:\\\/\\\/maranhaotv.com.br\\\/index.php\\\/2023\\\/08\\\/01\\\/deputado-wellington-denuncia-suposta-venda-de-macas-vagas-nos-socorroes-e-cobra-esclarecimentos-da-prefeitura\\\/#breadcrumb\",\"itemListElement\":[{\"@type\":\"ListItem\",\"position\":1,\"name\":\"In\u00edcio\",\"item\":\"https:\\\/\\\/maranhaotv.com.br\\\/\"},{\"@type\":\"ListItem\",\"position\":2,\"name\":\"Deputado Wellington denuncia suposta \u201cvenda\u201d de macas\\\/vagas nos Socorr\u00f5es e cobra esclarecimentos da Prefeitura\"}]},{\"@type\":\"WebSite\",\"@id\":\"https:\\\/\\\/maranhaotv.com.br\\\/#website\",\"url\":\"https:\\\/\\\/maranhaotv.com.br\\\/\",\"name\":\"Maranh\u00e3oTV\",\"description\":\"\",\"publisher\":{\"@id\":\"https:\\\/\\\/maranhaotv.com.br\\\/#organization\"},\"potentialAction\":[{\"@type\":\"SearchAction\",\"target\":{\"@type\":\"EntryPoint\",\"urlTemplate\":\"https:\\\/\\\/maranhaotv.com.br\\\/?s={search_term_string}\"},\"query-input\":{\"@type\":\"PropertyValueSpecification\",\"valueRequired\":true,\"valueName\":\"search_term_string\"}}],\"inLanguage\":\"pt-BR\"},{\"@type\":\"Organization\",\"@id\":\"https:\\\/\\\/maranhaotv.com.br\\\/#organization\",\"name\":\"Portal de Not\u00edcias\",\"url\":\"https:\\\/\\\/maranhaotv.com.br\\\/\",\"logo\":{\"@type\":\"ImageObject\",\"inLanguage\":\"pt-BR\",\"@id\":\"https:\\\/\\\/maranhaotv.com.br\\\/#\\\/schema\\\/logo\\\/image\\\/\",\"url\":\"https:\\\/\\\/maranhaotv.com.br\\\/wp-content\\\/uploads\\\/2024\\\/05\\\/cropped-cropped-avatar-1.png\",\"contentUrl\":\"https:\\\/\\\/maranhaotv.com.br\\\/wp-content\\\/uploads\\\/2024\\\/05\\\/cropped-cropped-avatar-1.png\",\"width\":792,\"height\":428,\"caption\":\"Portal de Not\u00edcias\"},\"image\":{\"@id\":\"https:\\\/\\\/maranhaotv.com.br\\\/#\\\/schema\\\/logo\\\/image\\\/\"},\"sameAs\":[\"https:\\\/\\\/www.facebook.com\\\/maiobaotv\",\"https:\\\/\\\/x.com\\\/sitemaranhaotv\",\"https:\\\/\\\/www.instagram.com\\\/maranhao.tv\",\"https:\\\/\\\/www.threads.net\\\/@maranhao.tv\"]},{\"@type\":\"Person\",\"@id\":\"https:\\\/\\\/maranhaotv.com.br\\\/#\\\/schema\\\/person\\\/3d54238e86b20bb5c89ab2fdb8f8829a\",\"name\":\"maranhaotv\",\"image\":{\"@type\":\"ImageObject\",\"inLanguage\":\"pt-BR\",\"@id\":\"https:\\\/\\\/secure.gravatar.com\\\/avatar\\\/8fadbca458d4cb68b1dd399ae9a40618d747bb1af65ac9fad21c89220a143eb4?s=96&d=mm&r=g\",\"url\":\"https:\\\/\\\/secure.gravatar.com\\\/avatar\\\/8fadbca458d4cb68b1dd399ae9a40618d747bb1af65ac9fad21c89220a143eb4?s=96&d=mm&r=g\",\"contentUrl\":\"https:\\\/\\\/secure.gravatar.com\\\/avatar\\\/8fadbca458d4cb68b1dd399ae9a40618d747bb1af65ac9fad21c89220a143eb4?s=96&d=mm&r=g\",\"caption\":\"maranhaotv\"},\"sameAs\":[\"https:\\\/\\\/maranhaotv.com.br\\\/\"],\"url\":\"https:\\\/\\\/maranhaotv.com.br\\\/index.php\\\/author\\\/maranhaotv\\\/\"}]}<\/script>\n<!-- \/ Yoast SEO plugin. -->","yoast_head_json":{"title":"Deputado Wellington denuncia suposta \u201cvenda\u201d de macas\/vagas nos Socorr\u00f5es e cobra esclarecimentos da Prefeitura - NOT\u00cdCIAS EM TEMPO REAL","robots":{"index":"index","follow":"follow","max-snippet":"max-snippet:-1","max-image-preview":"max-image-preview:large","max-video-preview":"max-video-preview:-1"},"canonical":"https:\/\/maranhaotv.com.br\/index.php\/2023\/08\/01\/deputado-wellington-denuncia-suposta-venda-de-macas-vagas-nos-socorroes-e-cobra-esclarecimentos-da-prefeitura\/","og_locale":"pt_BR","og_type":"article","og_title":"Deputado Wellington denuncia suposta \u201cvenda\u201d de macas\/vagas nos Socorr\u00f5es e cobra esclarecimentos da Prefeitura - NOT\u00cdCIAS EM TEMPO REAL","og_description":"Na manh\u00e3 desta ter\u00e7a-feira (01), o deputado estadual Wellington do Curso utilizou a tribuna da Assembleia Legislativa para fazer refer\u00eancia","og_url":"https:\/\/maranhaotv.com.br\/index.php\/2023\/08\/01\/deputado-wellington-denuncia-suposta-venda-de-macas-vagas-nos-socorroes-e-cobra-esclarecimentos-da-prefeitura\/","og_site_name":"NOT\u00cdCIAS EM TEMPO REAL","article_publisher":"https:\/\/www.facebook.com\/maiobaotv","article_published_time":"2023-08-01T22:55:42+00:00","author":"maranhaotv","twitter_card":"summary_large_image","twitter_creator":"@sitemaranhaotv","twitter_site":"@sitemaranhaotv","twitter_misc":{"Escrito por":"maranhaotv","Est. tempo de leitura":"1 minuto"},"schema":{"@context":"https:\/\/schema.org","@graph":[{"@type":"Article","@id":"https:\/\/maranhaotv.com.br\/index.php\/2023\/08\/01\/deputado-wellington-denuncia-suposta-venda-de-macas-vagas-nos-socorroes-e-cobra-esclarecimentos-da-prefeitura\/#article","isPartOf":{"@id":"https:\/\/maranhaotv.com.br\/index.php\/2023\/08\/01\/deputado-wellington-denuncia-suposta-venda-de-macas-vagas-nos-socorroes-e-cobra-esclarecimentos-da-prefeitura\/"},"author":{"name":"maranhaotv","@id":"https:\/\/maranhaotv.com.br\/#\/schema\/person\/3d54238e86b20bb5c89ab2fdb8f8829a"},"headline":"Deputado Wellington denuncia suposta \u201cvenda\u201d de macas\/vagas nos Socorr\u00f5es e cobra esclarecimentos da Prefeitura","datePublished":"2023-08-01T22:55:42+00:00","mainEntityOfPage":{"@id":"https:\/\/maranhaotv.com.br\/index.php\/2023\/08\/01\/deputado-wellington-denuncia-suposta-venda-de-macas-vagas-nos-socorroes-e-cobra-esclarecimentos-da-prefeitura\/"},"wordCount":239,"commentCount":0,"publisher":{"@id":"https:\/\/maranhaotv.com.br\/#organization"},"image":{"@id":"https:\/\/maranhaotv.com.br\/index.php\/2023\/08\/01\/deputado-wellington-denuncia-suposta-venda-de-macas-vagas-nos-socorroes-e-cobra-esclarecimentos-da-prefeitura\/#primaryimage"},"thumbnailUrl":"","articleSection":["pol\u00edtica"],"inLanguage":"pt-BR","potentialAction":[{"@type":"CommentAction","name":"Comment","target":["https:\/\/maranhaotv.com.br\/index.php\/2023\/08\/01\/deputado-wellington-denuncia-suposta-venda-de-macas-vagas-nos-socorroes-e-cobra-esclarecimentos-da-prefeitura\/#respond"]}]},{"@type":"WebPage","@id":"https:\/\/maranhaotv.com.br\/index.php\/2023\/08\/01\/deputado-wellington-denuncia-suposta-venda-de-macas-vagas-nos-socorroes-e-cobra-esclarecimentos-da-prefeitura\/","url":"https:\/\/maranhaotv.com.br\/index.php\/2023\/08\/01\/deputado-wellington-denuncia-suposta-venda-de-macas-vagas-nos-socorroes-e-cobra-esclarecimentos-da-prefeitura\/","name":"Deputado Wellington denuncia suposta \u201cvenda\u201d de macas\/vagas nos Socorr\u00f5es e cobra esclarecimentos da Prefeitura - NOT\u00cdCIAS EM TEMPO REAL","isPartOf":{"@id":"https:\/\/maranhaotv.com.br\/#website"},"primaryImageOfPage":{"@id":"https:\/\/maranhaotv.com.br\/index.php\/2023\/08\/01\/deputado-wellington-denuncia-suposta-venda-de-macas-vagas-nos-socorroes-e-cobra-esclarecimentos-da-prefeitura\/#primaryimage"},"image":{"@id":"https:\/\/maranhaotv.com.br\/index.php\/2023\/08\/01\/deputado-wellington-denuncia-suposta-venda-de-macas-vagas-nos-socorroes-e-cobra-esclarecimentos-da-prefeitura\/#primaryimage"},"thumbnailUrl":"","datePublished":"2023-08-01T22:55:42+00:00","breadcrumb":{"@id":"https:\/\/maranhaotv.com.br\/index.php\/2023\/08\/01\/deputado-wellington-denuncia-suposta-venda-de-macas-vagas-nos-socorroes-e-cobra-esclarecimentos-da-prefeitura\/#breadcrumb"},"inLanguage":"pt-BR","potentialAction":[{"@type":"ReadAction","target":["https:\/\/maranhaotv.com.br\/index.php\/2023\/08\/01\/deputado-wellington-denuncia-suposta-venda-de-macas-vagas-nos-socorroes-e-cobra-esclarecimentos-da-prefeitura\/"]}]},{"@type":"ImageObject","inLanguage":"pt-BR","@id":"https:\/\/maranhaotv.com.br\/index.php\/2023\/08\/01\/deputado-wellington-denuncia-suposta-venda-de-macas-vagas-nos-socorroes-e-cobra-esclarecimentos-da-prefeitura\/#primaryimage","url":"","contentUrl":""},{"@type":"BreadcrumbList","@id":"https:\/\/maranhaotv.com.br\/index.php\/2023\/08\/01\/deputado-wellington-denuncia-suposta-venda-de-macas-vagas-nos-socorroes-e-cobra-esclarecimentos-da-prefeitura\/#breadcrumb","itemListElement":[{"@type":"ListItem","position":1,"name":"In\u00edcio","item":"https:\/\/maranhaotv.com.br\/"},{"@type":"ListItem","position":2,"name":"Deputado Wellington denuncia suposta \u201cvenda\u201d de macas\/vagas nos Socorr\u00f5es e cobra esclarecimentos da Prefeitura"}]},{"@type":"WebSite","@id":"https:\/\/maranhaotv.com.br\/#website","url":"https:\/\/maranhaotv.com.br\/","name":"Maranh\u00e3oTV","description":"","publisher":{"@id":"https:\/\/maranhaotv.com.br\/#organization"},"potentialAction":[{"@type":"SearchAction","target":{"@type":"EntryPoint","urlTemplate":"https:\/\/maranhaotv.com.br\/?s={search_term_string}"},"query-input":{"@type":"PropertyValueSpecification","valueRequired":true,"valueName":"search_term_string"}}],"inLanguage":"pt-BR"},{"@type":"Organization","@id":"https:\/\/maranhaotv.com.br\/#organization","name":"Portal de Not\u00edcias","url":"https:\/\/maranhaotv.com.br\/","logo":{"@type":"ImageObject","inLanguage":"pt-BR","@id":"https:\/\/maranhaotv.com.br\/#\/schema\/logo\/image\/","url":"https:\/\/maranhaotv.com.br\/wp-content\/uploads\/2024\/05\/cropped-cropped-avatar-1.png","contentUrl":"https:\/\/maranhaotv.com.br\/wp-content\/uploads\/2024\/05\/cropped-cropped-avatar-1.png","width":792,"height":428,"caption":"Portal de Not\u00edcias"},"image":{"@id":"https:\/\/maranhaotv.com.br\/#\/schema\/logo\/image\/"},"sameAs":["https:\/\/www.facebook.com\/maiobaotv","https:\/\/x.com\/sitemaranhaotv","https:\/\/www.instagram.com\/maranhao.tv","https:\/\/www.threads.net\/@maranhao.tv"]},{"@type":"Person","@id":"https:\/\/maranhaotv.com.br\/#\/schema\/person\/3d54238e86b20bb5c89ab2fdb8f8829a","name":"maranhaotv","image":{"@type":"ImageObject","inLanguage":"pt-BR","@id":"https:\/\/secure.gravatar.com\/avatar\/8fadbca458d4cb68b1dd399ae9a40618d747bb1af65ac9fad21c89220a143eb4?s=96&d=mm&r=g","url":"https:\/\/secure.gravatar.com\/avatar\/8fadbca458d4cb68b1dd399ae9a40618d747bb1af65ac9fad21c89220a143eb4?s=96&d=mm&r=g","contentUrl":"https:\/\/secure.gravatar.com\/avatar\/8fadbca458d4cb68b1dd399ae9a40618d747bb1af65ac9fad21c89220a143eb4?s=96&d=mm&r=g","caption":"maranhaotv"},"sameAs":["https:\/\/maranhaotv.com.br\/"],"url":"https:\/\/maranhaotv.com.br\/index.php\/author\/maranhaotv\/"}]}},"jetpack_featured_media_url":"","jetpack_sharing_enabled":true,"_links":{"self":[{"href":"https:\/\/maranhaotv.com.br\/index.php\/wp-json\/wp\/v2\/posts\/32510","targetHints":{"allow":["GET"]}}],"collection":[{"href":"https:\/\/maranhaotv.com.br\/index.php\/wp-json\/wp\/v2\/posts"}],"about":[{"href":"https:\/\/maranhaotv.com.br\/index.php\/wp-json\/wp\/v2\/types\/post"}],"author":[{"embeddable":true,"href":"https:\/\/maranhaotv.com.br\/index.php\/wp-json\/wp\/v2\/users\/2"}],"replies":[{"embeddable":true,"href":"https:\/\/maranhaotv.com.br\/index.php\/wp-json\/wp\/v2\/comments?post=32510"}],"version-history":[{"count":0,"href":"https:\/\/maranhaotv.com.br\/index.php\/wp-json\/wp\/v2\/posts\/32510\/revisions"}],"wp:featuredmedia":[{"embeddable":true,"href":"https:\/\/maranhaotv.com.br\/index.php\/wp-json\/"}],"wp:attachment":[{"href":"https:\/\/maranhaotv.com.br\/index.php\/wp-json\/wp\/v2\/media?parent=32510"}],"wp:term":[{"taxonomy":"category","embeddable":true,"href":"https:\/\/maranhaotv.com.br\/index.php\/wp-json\/wp\/v2\/categories?post=32510"},{"taxonomy":"post_tag","embeddable":true,"href":"https:\/\/maranhaotv.com.br\/index.php\/wp-json\/wp\/v2\/tags?post=32510"}],"curies":[{"name":"wp","href":"https:\/\/api.w.org\/{rel}","templated":true}]}}