{"id":32514,"date":"2023-08-02T11:52:33","date_gmt":"2023-08-02T14:52:33","guid":{"rendered":"https:\/\/maranhaotv.com.br\/?p=32514"},"modified":"2023-08-02T11:52:33","modified_gmt":"2023-08-02T14:52:33","slug":"viana-carrinho-contrata-empresa-por-mais-de-r4-milhoes-para-montar-biblioteca-movel","status":"publish","type":"post","link":"https:\/\/maranhaotv.com.br\/index.php\/2023\/08\/02\/viana-carrinho-contrata-empresa-por-mais-de-r4-milhoes-para-montar-biblioteca-movel\/","title":{"rendered":"Viana: Carrinho contrata empresa por mais de R$4 milh\u00f5es para montar &#8220;biblioteca m\u00f3vel &#8220;"},"content":{"rendered":"\n<p><br>Agora a Prefeitura de Viana foi longe demais. Um contrato por inexibilidade foi realizado com uma empresa para montar biblioteca m\u00f3vel. <\/p>\n\n\n\n<p>A empresa GLOBALTEC TECNOLOGIAS EDUCACIONAIS LTDA, abocanhar\u00e1 um virtuoso valor de R$4.310.400,00 (quatro milh\u00f5es,  trezentos e dez mil, quatrocentos reais), que ter\u00e1 como miss\u00e3o implantar bibliotecas m\u00f3veis pelo munic\u00edpio.  Como isso se dar\u00e1,  \u00e9 que ningu\u00e9m sabe.<br>O curioso \u00e9 que o contrato acontece por inexibilidade, em termos gerais, a inexigibilidade de licita\u00e7\u00e3o\u00a0\u00e9 aplicada quando a Administra\u00e7\u00e3o P\u00fablica faz a contrata\u00e7\u00e3o de forma direta, nos casos em que o objeto do contrato \u00e9 caracterizado como invi\u00e1vel para competi\u00e7\u00e3o.Geralmente, essa impossibilidade de competi\u00e7\u00e3o ocorre pela exclusividade do objeto ou pela falta de empresas concorrentes. Ou seja, a empresa foi escolhida livremente pela administra\u00e7\u00e3o,  e com, um valor absurdo para os cofres p\u00fablicos. <\/p>\n\n\n\n<p>A\u00a0biblioteca m\u00f3vel\u00a0\u00e9 um servi\u00e7o de extens\u00e3o bibliotec\u00e1ria da\u00a0biblioteca p\u00fablica, que \u00e9 disponibilizado atrav\u00e9s de um qualquer meio de transporte (carro, barco, comboio, etc.) por meio do qual s\u00e3o levados os servi\u00e7os b\u00e1sicos de\u00a0biblioteca\u00a0at\u00e9 comunidades desfavorecidas pela sua localiza\u00e7\u00e3o geogr\u00e1fica (pequenas comunidades, \u00e1reas rurais, bairros perif\u00e9ricos de zonas urbanas) ou p\u00fablicos espec\u00edficos (pris\u00f5es, lares de idosos ou escolas), e que a esses mesmos servi\u00e7os n\u00e3o podem ter um f\u00e1cil acesso.<\/p>\n\n\n\n<p>Caber\u00e1 ao Minist\u00e9rio P\u00fablico e a pr\u00f3pria popula\u00e7\u00e3o o papel de fiscalizar se isso, de fato acontecer\u00e1, j\u00e1 que com esse valor Carrinho deve encher de carretas com livros nos quatro cantos de Viana.<\/p>\n\n\n\n<figure class=\"wp-block-image size-large\"><img decoding=\"async\" src=\"https:\/\/maranhaotv.com.br\/wp-content\/uploads\/2023\/08\/IMG-20230802-WA0176-1024x645.jpg\" alt=\"\" class=\"wp-image-32512\"\/><\/figure>\n","protected":false},"excerpt":{"rendered":"<p>Agora a Prefeitura de Viana foi longe demais. Um contrato por inexibilidade foi realizado com uma empresa para montar biblioteca<\/p>\n","protected":false},"author":2,"featured_media":32513,"comment_status":"open","ping_status":"open","sticky":false,"template":"","format":"standard","meta":{"colormag_page_container_layout":"default_layout","colormag_page_sidebar_layout":"default_layout","_jetpack_memberships_contains_paid_content":false,"footnotes":""},"categories":[6],"tags":[4],"class_list":["post-32514","post","type-post","status-publish","format-standard","has-post-thumbnail","hentry","category-politica","tag-carrinho-cidreira"],"magazineBlocksPostFeaturedMedia":{"thumbnail":false,"medium":false,"medium_large":false,"large":false,"1536x1536":false,"2048x2048":false,"colormag-highlighted-post":false,"colormag-featured-post-medium":false,"colormag-featured-post-small":false,"colormag-featured-image":false,"colormag-default-news":false,"colormag-featured-image-large":false},"magazineBlocksPostAuthor":{"name":"maranhaotv","avatar":"https:\/\/secure.gravatar.com\/avatar\/8fadbca458d4cb68b1dd399ae9a40618d747bb1af65ac9fad21c89220a143eb4?s=96&d=mm&r=g"},"magazineBlocksPostCommentsNumber":"0","magazineBlocksPostExcerpt":"Agora a Prefeitura de Viana foi longe demais. Um contrato por inexibilidade foi realizado com uma empresa para montar biblioteca","magazineBlocksPostCategories":["pol\u00edtica"],"magazineBlocksPostViewCount":310,"magazineBlocksPostReadTime":2,"magazine_blocks_featured_image_url":{"full":false,"medium":false,"thumbnail":false},"magazine_blocks_author":{"display_name":"maranhaotv","author_link":"https:\/\/maranhaotv.com.br\/index.php\/author\/maranhaotv\/"},"magazine_blocks_comment":0,"magazine_blocks_author_image":"https:\/\/secure.gravatar.com\/avatar\/8fadbca458d4cb68b1dd399ae9a40618d747bb1af65ac9fad21c89220a143eb4?s=96&d=mm&r=g","magazine_blocks_category":"<a href=\"#\" class=\"category-link category-link-6\">pol\u00edtica<\/a>","yoast_head":"<!-- This site is optimized with the Yoast SEO plugin v27.4 - https:\/\/yoast.com\/product\/yoast-seo-wordpress\/ -->\n<title>Viana: Carrinho contrata empresa por mais de R$4 milh\u00f5es para montar &quot;biblioteca m\u00f3vel &quot; - NOT\u00cdCIAS EM TEMPO REAL<\/title>\n<meta name=\"robots\" content=\"index, follow, max-snippet:-1, max-image-preview:large, max-video-preview:-1\" \/>\n<link rel=\"canonical\" href=\"https:\/\/maranhaotv.com.br\/index.php\/2023\/08\/02\/viana-carrinho-contrata-empresa-por-mais-de-r4-milhoes-para-montar-biblioteca-movel\/\" \/>\n<meta property=\"og:locale\" content=\"pt_BR\" \/>\n<meta property=\"og:type\" content=\"article\" \/>\n<meta property=\"og:title\" content=\"Viana: Carrinho contrata empresa por mais de R$4 milh\u00f5es para montar &quot;biblioteca m\u00f3vel &quot; - NOT\u00cdCIAS EM TEMPO REAL\" \/>\n<meta property=\"og:description\" content=\"Agora a Prefeitura de Viana foi longe demais. Um contrato por inexibilidade foi realizado com uma empresa para montar biblioteca\" \/>\n<meta property=\"og:url\" content=\"https:\/\/maranhaotv.com.br\/index.php\/2023\/08\/02\/viana-carrinho-contrata-empresa-por-mais-de-r4-milhoes-para-montar-biblioteca-movel\/\" \/>\n<meta property=\"og:site_name\" content=\"NOT\u00cdCIAS EM TEMPO REAL\" \/>\n<meta property=\"article:publisher\" content=\"https:\/\/www.facebook.com\/maiobaotv\" \/>\n<meta property=\"article:published_time\" content=\"2023-08-02T14:52:33+00:00\" \/>\n<meta name=\"author\" content=\"maranhaotv\" \/>\n<meta name=\"twitter:card\" content=\"summary_large_image\" \/>\n<meta name=\"twitter:creator\" content=\"@sitemaranhaotv\" \/>\n<meta name=\"twitter:site\" content=\"@sitemaranhaotv\" \/>\n<meta name=\"twitter:label1\" content=\"Escrito por\" \/>\n\t<meta name=\"twitter:data1\" content=\"maranhaotv\" \/>\n\t<meta name=\"twitter:label2\" content=\"Est. tempo de leitura\" \/>\n\t<meta name=\"twitter:data2\" content=\"1 minuto\" \/>\n<script type=\"application\/ld+json\" class=\"yoast-schema-graph\">{\"@context\":\"https:\\\/\\\/schema.org\",\"@graph\":[{\"@type\":\"Article\",\"@id\":\"https:\\\/\\\/maranhaotv.com.br\\\/index.php\\\/2023\\\/08\\\/02\\\/viana-carrinho-contrata-empresa-por-mais-de-r4-milhoes-para-montar-biblioteca-movel\\\/#article\",\"isPartOf\":{\"@id\":\"https:\\\/\\\/maranhaotv.com.br\\\/index.php\\\/2023\\\/08\\\/02\\\/viana-carrinho-contrata-empresa-por-mais-de-r4-milhoes-para-montar-biblioteca-movel\\\/\"},\"author\":{\"name\":\"maranhaotv\",\"@id\":\"https:\\\/\\\/maranhaotv.com.br\\\/#\\\/schema\\\/person\\\/3d54238e86b20bb5c89ab2fdb8f8829a\"},\"headline\":\"Viana: Carrinho contrata empresa por mais de R$4 milh\u00f5es para montar &#8220;biblioteca m\u00f3vel &#8220;\",\"datePublished\":\"2023-08-02T14:52:33+00:00\",\"mainEntityOfPage\":{\"@id\":\"https:\\\/\\\/maranhaotv.com.br\\\/index.php\\\/2023\\\/08\\\/02\\\/viana-carrinho-contrata-empresa-por-mais-de-r4-milhoes-para-montar-biblioteca-movel\\\/\"},\"wordCount\":288,\"commentCount\":0,\"publisher\":{\"@id\":\"https:\\\/\\\/maranhaotv.com.br\\\/#organization\"},\"image\":{\"@id\":\"https:\\\/\\\/maranhaotv.com.br\\\/index.php\\\/2023\\\/08\\\/02\\\/viana-carrinho-contrata-empresa-por-mais-de-r4-milhoes-para-montar-biblioteca-movel\\\/#primaryimage\"},\"thumbnailUrl\":\"\",\"keywords\":[\"Carrinho Cidreira\"],\"articleSection\":[\"pol\u00edtica\"],\"inLanguage\":\"pt-BR\",\"potentialAction\":[{\"@type\":\"CommentAction\",\"name\":\"Comment\",\"target\":[\"https:\\\/\\\/maranhaotv.com.br\\\/index.php\\\/2023\\\/08\\\/02\\\/viana-carrinho-contrata-empresa-por-mais-de-r4-milhoes-para-montar-biblioteca-movel\\\/#respond\"]}]},{\"@type\":\"WebPage\",\"@id\":\"https:\\\/\\\/maranhaotv.com.br\\\/index.php\\\/2023\\\/08\\\/02\\\/viana-carrinho-contrata-empresa-por-mais-de-r4-milhoes-para-montar-biblioteca-movel\\\/\",\"url\":\"https:\\\/\\\/maranhaotv.com.br\\\/index.php\\\/2023\\\/08\\\/02\\\/viana-carrinho-contrata-empresa-por-mais-de-r4-milhoes-para-montar-biblioteca-movel\\\/\",\"name\":\"Viana: Carrinho contrata empresa por mais de R$4 milh\u00f5es para montar \\\"biblioteca m\u00f3vel \\\" - NOT\u00cdCIAS EM TEMPO REAL\",\"isPartOf\":{\"@id\":\"https:\\\/\\\/maranhaotv.com.br\\\/#website\"},\"primaryImageOfPage\":{\"@id\":\"https:\\\/\\\/maranhaotv.com.br\\\/index.php\\\/2023\\\/08\\\/02\\\/viana-carrinho-contrata-empresa-por-mais-de-r4-milhoes-para-montar-biblioteca-movel\\\/#primaryimage\"},\"image\":{\"@id\":\"https:\\\/\\\/maranhaotv.com.br\\\/index.php\\\/2023\\\/08\\\/02\\\/viana-carrinho-contrata-empresa-por-mais-de-r4-milhoes-para-montar-biblioteca-movel\\\/#primaryimage\"},\"thumbnailUrl\":\"\",\"datePublished\":\"2023-08-02T14:52:33+00:00\",\"breadcrumb\":{\"@id\":\"https:\\\/\\\/maranhaotv.com.br\\\/index.php\\\/2023\\\/08\\\/02\\\/viana-carrinho-contrata-empresa-por-mais-de-r4-milhoes-para-montar-biblioteca-movel\\\/#breadcrumb\"},\"inLanguage\":\"pt-BR\",\"potentialAction\":[{\"@type\":\"ReadAction\",\"target\":[\"https:\\\/\\\/maranhaotv.com.br\\\/index.php\\\/2023\\\/08\\\/02\\\/viana-carrinho-contrata-empresa-por-mais-de-r4-milhoes-para-montar-biblioteca-movel\\\/\"]}]},{\"@type\":\"ImageObject\",\"inLanguage\":\"pt-BR\",\"@id\":\"https:\\\/\\\/maranhaotv.com.br\\\/index.php\\\/2023\\\/08\\\/02\\\/viana-carrinho-contrata-empresa-por-mais-de-r4-milhoes-para-montar-biblioteca-movel\\\/#primaryimage\",\"url\":\"\",\"contentUrl\":\"\"},{\"@type\":\"BreadcrumbList\",\"@id\":\"https:\\\/\\\/maranhaotv.com.br\\\/index.php\\\/2023\\\/08\\\/02\\\/viana-carrinho-contrata-empresa-por-mais-de-r4-milhoes-para-montar-biblioteca-movel\\\/#breadcrumb\",\"itemListElement\":[{\"@type\":\"ListItem\",\"position\":1,\"name\":\"In\u00edcio\",\"item\":\"https:\\\/\\\/maranhaotv.com.br\\\/\"},{\"@type\":\"ListItem\",\"position\":2,\"name\":\"Viana: Carrinho contrata empresa por mais de R$4 milh\u00f5es para montar &#8220;biblioteca m\u00f3vel &#8220;\"}]},{\"@type\":\"WebSite\",\"@id\":\"https:\\\/\\\/maranhaotv.com.br\\\/#website\",\"url\":\"https:\\\/\\\/maranhaotv.com.br\\\/\",\"name\":\"Maranh\u00e3oTV\",\"description\":\"\",\"publisher\":{\"@id\":\"https:\\\/\\\/maranhaotv.com.br\\\/#organization\"},\"potentialAction\":[{\"@type\":\"SearchAction\",\"target\":{\"@type\":\"EntryPoint\",\"urlTemplate\":\"https:\\\/\\\/maranhaotv.com.br\\\/?s={search_term_string}\"},\"query-input\":{\"@type\":\"PropertyValueSpecification\",\"valueRequired\":true,\"valueName\":\"search_term_string\"}}],\"inLanguage\":\"pt-BR\"},{\"@type\":\"Organization\",\"@id\":\"https:\\\/\\\/maranhaotv.com.br\\\/#organization\",\"name\":\"Portal de Not\u00edcias\",\"url\":\"https:\\\/\\\/maranhaotv.com.br\\\/\",\"logo\":{\"@type\":\"ImageObject\",\"inLanguage\":\"pt-BR\",\"@id\":\"https:\\\/\\\/maranhaotv.com.br\\\/#\\\/schema\\\/logo\\\/image\\\/\",\"url\":\"https:\\\/\\\/maranhaotv.com.br\\\/wp-content\\\/uploads\\\/2024\\\/05\\\/cropped-cropped-avatar-1.png\",\"contentUrl\":\"https:\\\/\\\/maranhaotv.com.br\\\/wp-content\\\/uploads\\\/2024\\\/05\\\/cropped-cropped-avatar-1.png\",\"width\":792,\"height\":428,\"caption\":\"Portal de Not\u00edcias\"},\"image\":{\"@id\":\"https:\\\/\\\/maranhaotv.com.br\\\/#\\\/schema\\\/logo\\\/image\\\/\"},\"sameAs\":[\"https:\\\/\\\/www.facebook.com\\\/maiobaotv\",\"https:\\\/\\\/x.com\\\/sitemaranhaotv\",\"https:\\\/\\\/www.instagram.com\\\/maranhao.tv\",\"https:\\\/\\\/www.threads.net\\\/@maranhao.tv\"]},{\"@type\":\"Person\",\"@id\":\"https:\\\/\\\/maranhaotv.com.br\\\/#\\\/schema\\\/person\\\/3d54238e86b20bb5c89ab2fdb8f8829a\",\"name\":\"maranhaotv\",\"image\":{\"@type\":\"ImageObject\",\"inLanguage\":\"pt-BR\",\"@id\":\"https:\\\/\\\/secure.gravatar.com\\\/avatar\\\/8fadbca458d4cb68b1dd399ae9a40618d747bb1af65ac9fad21c89220a143eb4?s=96&d=mm&r=g\",\"url\":\"https:\\\/\\\/secure.gravatar.com\\\/avatar\\\/8fadbca458d4cb68b1dd399ae9a40618d747bb1af65ac9fad21c89220a143eb4?s=96&d=mm&r=g\",\"contentUrl\":\"https:\\\/\\\/secure.gravatar.com\\\/avatar\\\/8fadbca458d4cb68b1dd399ae9a40618d747bb1af65ac9fad21c89220a143eb4?s=96&d=mm&r=g\",\"caption\":\"maranhaotv\"},\"sameAs\":[\"https:\\\/\\\/maranhaotv.com.br\\\/\"],\"url\":\"https:\\\/\\\/maranhaotv.com.br\\\/index.php\\\/author\\\/maranhaotv\\\/\"}]}<\/script>\n<!-- \/ Yoast SEO plugin. -->","yoast_head_json":{"title":"Viana: Carrinho contrata empresa por mais de R$4 milh\u00f5es para montar \"biblioteca m\u00f3vel \" - NOT\u00cdCIAS EM TEMPO REAL","robots":{"index":"index","follow":"follow","max-snippet":"max-snippet:-1","max-image-preview":"max-image-preview:large","max-video-preview":"max-video-preview:-1"},"canonical":"https:\/\/maranhaotv.com.br\/index.php\/2023\/08\/02\/viana-carrinho-contrata-empresa-por-mais-de-r4-milhoes-para-montar-biblioteca-movel\/","og_locale":"pt_BR","og_type":"article","og_title":"Viana: Carrinho contrata empresa por mais de R$4 milh\u00f5es para montar \"biblioteca m\u00f3vel \" - NOT\u00cdCIAS EM TEMPO REAL","og_description":"Agora a Prefeitura de Viana foi longe demais. Um contrato por inexibilidade foi realizado com uma empresa para montar biblioteca","og_url":"https:\/\/maranhaotv.com.br\/index.php\/2023\/08\/02\/viana-carrinho-contrata-empresa-por-mais-de-r4-milhoes-para-montar-biblioteca-movel\/","og_site_name":"NOT\u00cdCIAS EM TEMPO REAL","article_publisher":"https:\/\/www.facebook.com\/maiobaotv","article_published_time":"2023-08-02T14:52:33+00:00","author":"maranhaotv","twitter_card":"summary_large_image","twitter_creator":"@sitemaranhaotv","twitter_site":"@sitemaranhaotv","twitter_misc":{"Escrito por":"maranhaotv","Est. tempo de leitura":"1 minuto"},"schema":{"@context":"https:\/\/schema.org","@graph":[{"@type":"Article","@id":"https:\/\/maranhaotv.com.br\/index.php\/2023\/08\/02\/viana-carrinho-contrata-empresa-por-mais-de-r4-milhoes-para-montar-biblioteca-movel\/#article","isPartOf":{"@id":"https:\/\/maranhaotv.com.br\/index.php\/2023\/08\/02\/viana-carrinho-contrata-empresa-por-mais-de-r4-milhoes-para-montar-biblioteca-movel\/"},"author":{"name":"maranhaotv","@id":"https:\/\/maranhaotv.com.br\/#\/schema\/person\/3d54238e86b20bb5c89ab2fdb8f8829a"},"headline":"Viana: Carrinho contrata empresa por mais de R$4 milh\u00f5es para montar &#8220;biblioteca m\u00f3vel &#8220;","datePublished":"2023-08-02T14:52:33+00:00","mainEntityOfPage":{"@id":"https:\/\/maranhaotv.com.br\/index.php\/2023\/08\/02\/viana-carrinho-contrata-empresa-por-mais-de-r4-milhoes-para-montar-biblioteca-movel\/"},"wordCount":288,"commentCount":0,"publisher":{"@id":"https:\/\/maranhaotv.com.br\/#organization"},"image":{"@id":"https:\/\/maranhaotv.com.br\/index.php\/2023\/08\/02\/viana-carrinho-contrata-empresa-por-mais-de-r4-milhoes-para-montar-biblioteca-movel\/#primaryimage"},"thumbnailUrl":"","keywords":["Carrinho Cidreira"],"articleSection":["pol\u00edtica"],"inLanguage":"pt-BR","potentialAction":[{"@type":"CommentAction","name":"Comment","target":["https:\/\/maranhaotv.com.br\/index.php\/2023\/08\/02\/viana-carrinho-contrata-empresa-por-mais-de-r4-milhoes-para-montar-biblioteca-movel\/#respond"]}]},{"@type":"WebPage","@id":"https:\/\/maranhaotv.com.br\/index.php\/2023\/08\/02\/viana-carrinho-contrata-empresa-por-mais-de-r4-milhoes-para-montar-biblioteca-movel\/","url":"https:\/\/maranhaotv.com.br\/index.php\/2023\/08\/02\/viana-carrinho-contrata-empresa-por-mais-de-r4-milhoes-para-montar-biblioteca-movel\/","name":"Viana: Carrinho contrata empresa por mais de R$4 milh\u00f5es para montar \"biblioteca m\u00f3vel \" - NOT\u00cdCIAS EM TEMPO REAL","isPartOf":{"@id":"https:\/\/maranhaotv.com.br\/#website"},"primaryImageOfPage":{"@id":"https:\/\/maranhaotv.com.br\/index.php\/2023\/08\/02\/viana-carrinho-contrata-empresa-por-mais-de-r4-milhoes-para-montar-biblioteca-movel\/#primaryimage"},"image":{"@id":"https:\/\/maranhaotv.com.br\/index.php\/2023\/08\/02\/viana-carrinho-contrata-empresa-por-mais-de-r4-milhoes-para-montar-biblioteca-movel\/#primaryimage"},"thumbnailUrl":"","datePublished":"2023-08-02T14:52:33+00:00","breadcrumb":{"@id":"https:\/\/maranhaotv.com.br\/index.php\/2023\/08\/02\/viana-carrinho-contrata-empresa-por-mais-de-r4-milhoes-para-montar-biblioteca-movel\/#breadcrumb"},"inLanguage":"pt-BR","potentialAction":[{"@type":"ReadAction","target":["https:\/\/maranhaotv.com.br\/index.php\/2023\/08\/02\/viana-carrinho-contrata-empresa-por-mais-de-r4-milhoes-para-montar-biblioteca-movel\/"]}]},{"@type":"ImageObject","inLanguage":"pt-BR","@id":"https:\/\/maranhaotv.com.br\/index.php\/2023\/08\/02\/viana-carrinho-contrata-empresa-por-mais-de-r4-milhoes-para-montar-biblioteca-movel\/#primaryimage","url":"","contentUrl":""},{"@type":"BreadcrumbList","@id":"https:\/\/maranhaotv.com.br\/index.php\/2023\/08\/02\/viana-carrinho-contrata-empresa-por-mais-de-r4-milhoes-para-montar-biblioteca-movel\/#breadcrumb","itemListElement":[{"@type":"ListItem","position":1,"name":"In\u00edcio","item":"https:\/\/maranhaotv.com.br\/"},{"@type":"ListItem","position":2,"name":"Viana: Carrinho contrata empresa por mais de R$4 milh\u00f5es para montar &#8220;biblioteca m\u00f3vel &#8220;"}]},{"@type":"WebSite","@id":"https:\/\/maranhaotv.com.br\/#website","url":"https:\/\/maranhaotv.com.br\/","name":"Maranh\u00e3oTV","description":"","publisher":{"@id":"https:\/\/maranhaotv.com.br\/#organization"},"potentialAction":[{"@type":"SearchAction","target":{"@type":"EntryPoint","urlTemplate":"https:\/\/maranhaotv.com.br\/?s={search_term_string}"},"query-input":{"@type":"PropertyValueSpecification","valueRequired":true,"valueName":"search_term_string"}}],"inLanguage":"pt-BR"},{"@type":"Organization","@id":"https:\/\/maranhaotv.com.br\/#organization","name":"Portal de Not\u00edcias","url":"https:\/\/maranhaotv.com.br\/","logo":{"@type":"ImageObject","inLanguage":"pt-BR","@id":"https:\/\/maranhaotv.com.br\/#\/schema\/logo\/image\/","url":"https:\/\/maranhaotv.com.br\/wp-content\/uploads\/2024\/05\/cropped-cropped-avatar-1.png","contentUrl":"https:\/\/maranhaotv.com.br\/wp-content\/uploads\/2024\/05\/cropped-cropped-avatar-1.png","width":792,"height":428,"caption":"Portal de Not\u00edcias"},"image":{"@id":"https:\/\/maranhaotv.com.br\/#\/schema\/logo\/image\/"},"sameAs":["https:\/\/www.facebook.com\/maiobaotv","https:\/\/x.com\/sitemaranhaotv","https:\/\/www.instagram.com\/maranhao.tv","https:\/\/www.threads.net\/@maranhao.tv"]},{"@type":"Person","@id":"https:\/\/maranhaotv.com.br\/#\/schema\/person\/3d54238e86b20bb5c89ab2fdb8f8829a","name":"maranhaotv","image":{"@type":"ImageObject","inLanguage":"pt-BR","@id":"https:\/\/secure.gravatar.com\/avatar\/8fadbca458d4cb68b1dd399ae9a40618d747bb1af65ac9fad21c89220a143eb4?s=96&d=mm&r=g","url":"https:\/\/secure.gravatar.com\/avatar\/8fadbca458d4cb68b1dd399ae9a40618d747bb1af65ac9fad21c89220a143eb4?s=96&d=mm&r=g","contentUrl":"https:\/\/secure.gravatar.com\/avatar\/8fadbca458d4cb68b1dd399ae9a40618d747bb1af65ac9fad21c89220a143eb4?s=96&d=mm&r=g","caption":"maranhaotv"},"sameAs":["https:\/\/maranhaotv.com.br\/"],"url":"https:\/\/maranhaotv.com.br\/index.php\/author\/maranhaotv\/"}]}},"jetpack_featured_media_url":"","jetpack_sharing_enabled":true,"_links":{"self":[{"href":"https:\/\/maranhaotv.com.br\/index.php\/wp-json\/wp\/v2\/posts\/32514","targetHints":{"allow":["GET"]}}],"collection":[{"href":"https:\/\/maranhaotv.com.br\/index.php\/wp-json\/wp\/v2\/posts"}],"about":[{"href":"https:\/\/maranhaotv.com.br\/index.php\/wp-json\/wp\/v2\/types\/post"}],"author":[{"embeddable":true,"href":"https:\/\/maranhaotv.com.br\/index.php\/wp-json\/wp\/v2\/users\/2"}],"replies":[{"embeddable":true,"href":"https:\/\/maranhaotv.com.br\/index.php\/wp-json\/wp\/v2\/comments?post=32514"}],"version-history":[{"count":0,"href":"https:\/\/maranhaotv.com.br\/index.php\/wp-json\/wp\/v2\/posts\/32514\/revisions"}],"wp:featuredmedia":[{"embeddable":true,"href":"https:\/\/maranhaotv.com.br\/index.php\/wp-json\/"}],"wp:attachment":[{"href":"https:\/\/maranhaotv.com.br\/index.php\/wp-json\/wp\/v2\/media?parent=32514"}],"wp:term":[{"taxonomy":"category","embeddable":true,"href":"https:\/\/maranhaotv.com.br\/index.php\/wp-json\/wp\/v2\/categories?post=32514"},{"taxonomy":"post_tag","embeddable":true,"href":"https:\/\/maranhaotv.com.br\/index.php\/wp-json\/wp\/v2\/tags?post=32514"}],"curies":[{"name":"wp","href":"https:\/\/api.w.org\/{rel}","templated":true}]}}