{"id":32535,"date":"2023-08-03T18:43:06","date_gmt":"2023-08-03T21:43:06","guid":{"rendered":"https:\/\/maranhaotv.com.br\/?p=32535"},"modified":"2023-08-03T18:43:06","modified_gmt":"2023-08-03T21:43:06","slug":"iremos-votar-o-projeto-de-lei-que-cria-o-programa-cuidar-de-todos-o-mais-rapido-possivel-diz-carlos-lula","status":"publish","type":"post","link":"https:\/\/maranhaotv.com.br\/index.php\/2023\/08\/03\/iremos-votar-o-projeto-de-lei-que-cria-o-programa-cuidar-de-todos-o-mais-rapido-possivel-diz-carlos-lula\/","title":{"rendered":"\u201cIremos votar o Projeto de Lei que cria o Programa Cuidar de Todos o mais r\u00e1pido poss\u00edvel\u201d, diz Carlos Lula<br>"},"content":{"rendered":"\n<p>O deputado estadual Carlos Lula (PSB) participou, nesta quinta-feira (3), do lan\u00e7amento do Programa Cuidar de Todos &#8211; Aten\u00e7\u00e3o Prim\u00e1ria, programa de coopera\u00e7\u00e3o t\u00e9cnica entre Governo do Estado e Munic\u00edpios. O projeto busca fortalecer os servi\u00e7os de sa\u00fade no \u00e2mbito municipal para enfrentamento dos problemas de sa\u00fade p\u00fablica que mais causam adoecimento e \u00f3bito na popula\u00e7\u00e3o do estado.<br><br>O parlamentar destacou a harmonia do novo projeto com as metas que est\u00e3o sendo discutidas em \u00e2mbito federal. \u201cO Maranh\u00e3o est\u00e1 em completa articula\u00e7\u00e3o com a Secretaria de Aten\u00e7\u00e3o Prim\u00e1ria do Minist\u00e9rio da Sa\u00fade, atrav\u00e9s do secret\u00e1rio N\u00e9sio Fernandes que \u00e9 amigo do Maranh\u00e3o e recentemente, a meu convite, veio ao estado e foi recebido pelo secret\u00e1rio de Sa\u00fade, Tiago Fernandes. Na Assembleia, iremos votar o Projeto de Lei que cria o Programa Cuidar de Todos o mais r\u00e1pido poss\u00edvel para que ele possa funcionar em sua totalidade beneficiando a popula\u00e7\u00e3o do estado\u201d, afirmou Carlos Lula.<br><br>O Programa Cuidar de Todos vai impactar a popula\u00e7\u00e3o em geral dos munic\u00edpios, priorizando crian\u00e7as menores de 1 ano; gestantes; pessoas com Hipertens\u00e3o Arterial Sist\u00eamica (HAS); pessoas com Diabetes Mellitus (DM); e motociclistas.<br><br>O governador Carlos Brand\u00e3o (PSB), refor\u00e7ou o compromisso com a sa\u00fade p\u00fablica no Maranh\u00e3o. \u201cEstou muito feliz em lan\u00e7ar o maior programa de sa\u00fade p\u00fablica da hist\u00f3ria do Maranh\u00e3o. O Cuidar de Todos n\u00e3o \u00e9 apenas um programa de governo e sim de todos os profissionais de sa\u00fade. Com ele conseguiremos mudar muitos indicadores de sa\u00fade do estado. Agrade\u00e7o o compromisso dos parlamentares com o povo do Maranh\u00e3o na aprova\u00e7\u00e3o dessa lei\u201d, destacou Carlos Brand\u00e3o.<br><br>As Unidades B\u00e1sicas de Sa\u00fade e as equipes da Estrat\u00e9gia Sa\u00fade da Fam\u00edlia (ESF) ser\u00e3o contempladas com novos equipamentos doados pelo Governo do Estado. Al\u00e9m de expandir a assist\u00eancia, o projeto vai investir na melhoria da estrutura dessas unidades e, consequentemente, apoiar no desempenho dos indicadores priorit\u00e1rios.<br><br>\u201cNa primeira etapa do Programa, mais de 2.500 equipes de sa\u00fade da fam\u00edlia distribu\u00eddas em mais de 2.400 Unidades de Sa\u00fade pelo Maranh\u00e3o ser\u00e3o alcan\u00e7adas. A preocupa\u00e7\u00e3o ser\u00e1 com dois indicadores, impacto e esfor\u00e7os. Daqui h\u00e1 365 dias, estaremos reunidos para anunciar quais foram os 38 munic\u00edpios que alcan\u00e7aram os indicadores mais satisfat\u00f3rios e que receber\u00e3o um incentivo financeiro\u201d, explicou o secret\u00e1rio de Estado da Sa\u00fade, Tiago Fernandes.<br><br>A proposta do programa \u00e9 reduzir os indicadores de mortalidade infantil, mortalidade materna, mortalidade por acidente envolvendo motociclista, mortalidade por AVC e Infarto Agudo do Mioc\u00e1rdio, dentre outros que impactam diretamente na qualidade de vida da popula\u00e7\u00e3o.<\/p>\n\n\n\n<figure class=\"wp-block-image size-large\"><img decoding=\"async\" src=\"https:\/\/maranhaotv.com.br\/wp-content\/uploads\/2023\/08\/IMG-20230803-WA0286-1-1024x671.jpg\" alt=\"\" class=\"wp-image-32534\"\/><\/figure>\n","protected":false},"excerpt":{"rendered":"<p>O deputado estadual Carlos Lula (PSB) participou, nesta quinta-feira (3), do lan\u00e7amento do Programa Cuidar de Todos &#8211; Aten\u00e7\u00e3o Prim\u00e1ria,<\/p>\n","protected":false},"author":2,"featured_media":32533,"comment_status":"open","ping_status":"open","sticky":false,"template":"","format":"standard","meta":{"colormag_page_container_layout":"default_layout","colormag_page_sidebar_layout":"default_layout","_jetpack_memberships_contains_paid_content":false,"footnotes":""},"categories":[2],"tags":[],"class_list":["post-32535","post","type-post","status-publish","format-standard","has-post-thumbnail","hentry","category-noticias"],"magazineBlocksPostFeaturedMedia":{"thumbnail":false,"medium":false,"medium_large":false,"large":false,"1536x1536":false,"2048x2048":false,"colormag-highlighted-post":false,"colormag-featured-post-medium":false,"colormag-featured-post-small":false,"colormag-featured-image":false,"colormag-default-news":false,"colormag-featured-image-large":false},"magazineBlocksPostAuthor":{"name":"maranhaotv","avatar":"https:\/\/secure.gravatar.com\/avatar\/8fadbca458d4cb68b1dd399ae9a40618d747bb1af65ac9fad21c89220a143eb4?s=96&d=mm&r=g"},"magazineBlocksPostCommentsNumber":"0","magazineBlocksPostExcerpt":"O deputado estadual Carlos Lula (PSB) participou, nesta quinta-feira (3), do lan\u00e7amento do Programa Cuidar de Todos &#8211; Aten\u00e7\u00e3o Prim\u00e1ria,","magazineBlocksPostCategories":["not\u00edcias"],"magazineBlocksPostViewCount":266,"magazineBlocksPostReadTime":3,"magazine_blocks_featured_image_url":{"full":false,"medium":false,"thumbnail":false},"magazine_blocks_author":{"display_name":"maranhaotv","author_link":"https:\/\/maranhaotv.com.br\/index.php\/author\/maranhaotv\/"},"magazine_blocks_comment":0,"magazine_blocks_author_image":"https:\/\/secure.gravatar.com\/avatar\/8fadbca458d4cb68b1dd399ae9a40618d747bb1af65ac9fad21c89220a143eb4?s=96&d=mm&r=g","magazine_blocks_category":"<a href=\"#\" class=\"category-link category-link-2\">not\u00edcias<\/a>","yoast_head":"<!-- This site is optimized with the Yoast SEO plugin v27.4 - https:\/\/yoast.com\/product\/yoast-seo-wordpress\/ -->\n<title>\u201cIremos votar o Projeto de Lei que cria o Programa Cuidar de Todos o mais r\u00e1pido poss\u00edvel\u201d, diz Carlos Lula - NOT\u00cdCIAS EM TEMPO REAL<\/title>\n<meta name=\"robots\" content=\"index, follow, max-snippet:-1, max-image-preview:large, max-video-preview:-1\" \/>\n<link rel=\"canonical\" href=\"https:\/\/maranhaotv.com.br\/index.php\/2023\/08\/03\/iremos-votar-o-projeto-de-lei-que-cria-o-programa-cuidar-de-todos-o-mais-rapido-possivel-diz-carlos-lula\/\" \/>\n<meta property=\"og:locale\" content=\"pt_BR\" \/>\n<meta property=\"og:type\" content=\"article\" \/>\n<meta property=\"og:title\" content=\"\u201cIremos votar o Projeto de Lei que cria o Programa Cuidar de Todos o mais r\u00e1pido poss\u00edvel\u201d, diz Carlos Lula - NOT\u00cdCIAS EM TEMPO REAL\" \/>\n<meta property=\"og:description\" content=\"O deputado estadual Carlos Lula (PSB) participou, nesta quinta-feira (3), do lan\u00e7amento do Programa Cuidar de Todos &#8211; Aten\u00e7\u00e3o Prim\u00e1ria,\" \/>\n<meta property=\"og:url\" content=\"https:\/\/maranhaotv.com.br\/index.php\/2023\/08\/03\/iremos-votar-o-projeto-de-lei-que-cria-o-programa-cuidar-de-todos-o-mais-rapido-possivel-diz-carlos-lula\/\" \/>\n<meta property=\"og:site_name\" content=\"NOT\u00cdCIAS EM TEMPO REAL\" \/>\n<meta property=\"article:publisher\" content=\"https:\/\/www.facebook.com\/maiobaotv\" \/>\n<meta property=\"article:published_time\" content=\"2023-08-03T21:43:06+00:00\" \/>\n<meta name=\"author\" content=\"maranhaotv\" \/>\n<meta name=\"twitter:card\" content=\"summary_large_image\" \/>\n<meta name=\"twitter:creator\" content=\"@sitemaranhaotv\" \/>\n<meta name=\"twitter:site\" content=\"@sitemaranhaotv\" \/>\n<meta name=\"twitter:label1\" content=\"Escrito por\" \/>\n\t<meta name=\"twitter:data1\" content=\"maranhaotv\" \/>\n\t<meta name=\"twitter:label2\" content=\"Est. tempo de leitura\" \/>\n\t<meta name=\"twitter:data2\" content=\"2 minutos\" \/>\n<script type=\"application\/ld+json\" class=\"yoast-schema-graph\">{\"@context\":\"https:\\\/\\\/schema.org\",\"@graph\":[{\"@type\":\"Article\",\"@id\":\"https:\\\/\\\/maranhaotv.com.br\\\/index.php\\\/2023\\\/08\\\/03\\\/iremos-votar-o-projeto-de-lei-que-cria-o-programa-cuidar-de-todos-o-mais-rapido-possivel-diz-carlos-lula\\\/#article\",\"isPartOf\":{\"@id\":\"https:\\\/\\\/maranhaotv.com.br\\\/index.php\\\/2023\\\/08\\\/03\\\/iremos-votar-o-projeto-de-lei-que-cria-o-programa-cuidar-de-todos-o-mais-rapido-possivel-diz-carlos-lula\\\/\"},\"author\":{\"name\":\"maranhaotv\",\"@id\":\"https:\\\/\\\/maranhaotv.com.br\\\/#\\\/schema\\\/person\\\/3d54238e86b20bb5c89ab2fdb8f8829a\"},\"headline\":\"\u201cIremos votar o Projeto de Lei que cria o Programa Cuidar de Todos o mais r\u00e1pido poss\u00edvel\u201d, diz Carlos Lula\",\"datePublished\":\"2023-08-03T21:43:06+00:00\",\"mainEntityOfPage\":{\"@id\":\"https:\\\/\\\/maranhaotv.com.br\\\/index.php\\\/2023\\\/08\\\/03\\\/iremos-votar-o-projeto-de-lei-que-cria-o-programa-cuidar-de-todos-o-mais-rapido-possivel-diz-carlos-lula\\\/\"},\"wordCount\":502,\"commentCount\":0,\"publisher\":{\"@id\":\"https:\\\/\\\/maranhaotv.com.br\\\/#organization\"},\"image\":{\"@id\":\"https:\\\/\\\/maranhaotv.com.br\\\/index.php\\\/2023\\\/08\\\/03\\\/iremos-votar-o-projeto-de-lei-que-cria-o-programa-cuidar-de-todos-o-mais-rapido-possivel-diz-carlos-lula\\\/#primaryimage\"},\"thumbnailUrl\":\"\",\"articleSection\":[\"not\u00edcias\"],\"inLanguage\":\"pt-BR\",\"potentialAction\":[{\"@type\":\"CommentAction\",\"name\":\"Comment\",\"target\":[\"https:\\\/\\\/maranhaotv.com.br\\\/index.php\\\/2023\\\/08\\\/03\\\/iremos-votar-o-projeto-de-lei-que-cria-o-programa-cuidar-de-todos-o-mais-rapido-possivel-diz-carlos-lula\\\/#respond\"]}]},{\"@type\":\"WebPage\",\"@id\":\"https:\\\/\\\/maranhaotv.com.br\\\/index.php\\\/2023\\\/08\\\/03\\\/iremos-votar-o-projeto-de-lei-que-cria-o-programa-cuidar-de-todos-o-mais-rapido-possivel-diz-carlos-lula\\\/\",\"url\":\"https:\\\/\\\/maranhaotv.com.br\\\/index.php\\\/2023\\\/08\\\/03\\\/iremos-votar-o-projeto-de-lei-que-cria-o-programa-cuidar-de-todos-o-mais-rapido-possivel-diz-carlos-lula\\\/\",\"name\":\"\u201cIremos votar o Projeto de Lei que cria o Programa Cuidar de Todos o mais r\u00e1pido poss\u00edvel\u201d, diz Carlos Lula - NOT\u00cdCIAS EM TEMPO REAL\",\"isPartOf\":{\"@id\":\"https:\\\/\\\/maranhaotv.com.br\\\/#website\"},\"primaryImageOfPage\":{\"@id\":\"https:\\\/\\\/maranhaotv.com.br\\\/index.php\\\/2023\\\/08\\\/03\\\/iremos-votar-o-projeto-de-lei-que-cria-o-programa-cuidar-de-todos-o-mais-rapido-possivel-diz-carlos-lula\\\/#primaryimage\"},\"image\":{\"@id\":\"https:\\\/\\\/maranhaotv.com.br\\\/index.php\\\/2023\\\/08\\\/03\\\/iremos-votar-o-projeto-de-lei-que-cria-o-programa-cuidar-de-todos-o-mais-rapido-possivel-diz-carlos-lula\\\/#primaryimage\"},\"thumbnailUrl\":\"\",\"datePublished\":\"2023-08-03T21:43:06+00:00\",\"breadcrumb\":{\"@id\":\"https:\\\/\\\/maranhaotv.com.br\\\/index.php\\\/2023\\\/08\\\/03\\\/iremos-votar-o-projeto-de-lei-que-cria-o-programa-cuidar-de-todos-o-mais-rapido-possivel-diz-carlos-lula\\\/#breadcrumb\"},\"inLanguage\":\"pt-BR\",\"potentialAction\":[{\"@type\":\"ReadAction\",\"target\":[\"https:\\\/\\\/maranhaotv.com.br\\\/index.php\\\/2023\\\/08\\\/03\\\/iremos-votar-o-projeto-de-lei-que-cria-o-programa-cuidar-de-todos-o-mais-rapido-possivel-diz-carlos-lula\\\/\"]}]},{\"@type\":\"ImageObject\",\"inLanguage\":\"pt-BR\",\"@id\":\"https:\\\/\\\/maranhaotv.com.br\\\/index.php\\\/2023\\\/08\\\/03\\\/iremos-votar-o-projeto-de-lei-que-cria-o-programa-cuidar-de-todos-o-mais-rapido-possivel-diz-carlos-lula\\\/#primaryimage\",\"url\":\"\",\"contentUrl\":\"\"},{\"@type\":\"BreadcrumbList\",\"@id\":\"https:\\\/\\\/maranhaotv.com.br\\\/index.php\\\/2023\\\/08\\\/03\\\/iremos-votar-o-projeto-de-lei-que-cria-o-programa-cuidar-de-todos-o-mais-rapido-possivel-diz-carlos-lula\\\/#breadcrumb\",\"itemListElement\":[{\"@type\":\"ListItem\",\"position\":1,\"name\":\"In\u00edcio\",\"item\":\"https:\\\/\\\/maranhaotv.com.br\\\/\"},{\"@type\":\"ListItem\",\"position\":2,\"name\":\"\u201cIremos votar o Projeto de Lei que cria o Programa Cuidar de Todos o mais r\u00e1pido poss\u00edvel\u201d, diz Carlos Lula\"}]},{\"@type\":\"WebSite\",\"@id\":\"https:\\\/\\\/maranhaotv.com.br\\\/#website\",\"url\":\"https:\\\/\\\/maranhaotv.com.br\\\/\",\"name\":\"Maranh\u00e3oTV\",\"description\":\"\",\"publisher\":{\"@id\":\"https:\\\/\\\/maranhaotv.com.br\\\/#organization\"},\"potentialAction\":[{\"@type\":\"SearchAction\",\"target\":{\"@type\":\"EntryPoint\",\"urlTemplate\":\"https:\\\/\\\/maranhaotv.com.br\\\/?s={search_term_string}\"},\"query-input\":{\"@type\":\"PropertyValueSpecification\",\"valueRequired\":true,\"valueName\":\"search_term_string\"}}],\"inLanguage\":\"pt-BR\"},{\"@type\":\"Organization\",\"@id\":\"https:\\\/\\\/maranhaotv.com.br\\\/#organization\",\"name\":\"Portal de Not\u00edcias\",\"url\":\"https:\\\/\\\/maranhaotv.com.br\\\/\",\"logo\":{\"@type\":\"ImageObject\",\"inLanguage\":\"pt-BR\",\"@id\":\"https:\\\/\\\/maranhaotv.com.br\\\/#\\\/schema\\\/logo\\\/image\\\/\",\"url\":\"https:\\\/\\\/maranhaotv.com.br\\\/wp-content\\\/uploads\\\/2024\\\/05\\\/cropped-cropped-avatar-1.png\",\"contentUrl\":\"https:\\\/\\\/maranhaotv.com.br\\\/wp-content\\\/uploads\\\/2024\\\/05\\\/cropped-cropped-avatar-1.png\",\"width\":792,\"height\":428,\"caption\":\"Portal de Not\u00edcias\"},\"image\":{\"@id\":\"https:\\\/\\\/maranhaotv.com.br\\\/#\\\/schema\\\/logo\\\/image\\\/\"},\"sameAs\":[\"https:\\\/\\\/www.facebook.com\\\/maiobaotv\",\"https:\\\/\\\/x.com\\\/sitemaranhaotv\",\"https:\\\/\\\/www.instagram.com\\\/maranhao.tv\",\"https:\\\/\\\/www.threads.net\\\/@maranhao.tv\"]},{\"@type\":\"Person\",\"@id\":\"https:\\\/\\\/maranhaotv.com.br\\\/#\\\/schema\\\/person\\\/3d54238e86b20bb5c89ab2fdb8f8829a\",\"name\":\"maranhaotv\",\"image\":{\"@type\":\"ImageObject\",\"inLanguage\":\"pt-BR\",\"@id\":\"https:\\\/\\\/secure.gravatar.com\\\/avatar\\\/8fadbca458d4cb68b1dd399ae9a40618d747bb1af65ac9fad21c89220a143eb4?s=96&d=mm&r=g\",\"url\":\"https:\\\/\\\/secure.gravatar.com\\\/avatar\\\/8fadbca458d4cb68b1dd399ae9a40618d747bb1af65ac9fad21c89220a143eb4?s=96&d=mm&r=g\",\"contentUrl\":\"https:\\\/\\\/secure.gravatar.com\\\/avatar\\\/8fadbca458d4cb68b1dd399ae9a40618d747bb1af65ac9fad21c89220a143eb4?s=96&d=mm&r=g\",\"caption\":\"maranhaotv\"},\"sameAs\":[\"https:\\\/\\\/maranhaotv.com.br\\\/\"],\"url\":\"https:\\\/\\\/maranhaotv.com.br\\\/index.php\\\/author\\\/maranhaotv\\\/\"}]}<\/script>\n<!-- \/ Yoast SEO plugin. -->","yoast_head_json":{"title":"\u201cIremos votar o Projeto de Lei que cria o Programa Cuidar de Todos o mais r\u00e1pido poss\u00edvel\u201d, diz Carlos Lula - NOT\u00cdCIAS EM TEMPO REAL","robots":{"index":"index","follow":"follow","max-snippet":"max-snippet:-1","max-image-preview":"max-image-preview:large","max-video-preview":"max-video-preview:-1"},"canonical":"https:\/\/maranhaotv.com.br\/index.php\/2023\/08\/03\/iremos-votar-o-projeto-de-lei-que-cria-o-programa-cuidar-de-todos-o-mais-rapido-possivel-diz-carlos-lula\/","og_locale":"pt_BR","og_type":"article","og_title":"\u201cIremos votar o Projeto de Lei que cria o Programa Cuidar de Todos o mais r\u00e1pido poss\u00edvel\u201d, diz Carlos Lula - NOT\u00cdCIAS EM TEMPO REAL","og_description":"O deputado estadual Carlos Lula (PSB) participou, nesta quinta-feira (3), do lan\u00e7amento do Programa Cuidar de Todos &#8211; Aten\u00e7\u00e3o Prim\u00e1ria,","og_url":"https:\/\/maranhaotv.com.br\/index.php\/2023\/08\/03\/iremos-votar-o-projeto-de-lei-que-cria-o-programa-cuidar-de-todos-o-mais-rapido-possivel-diz-carlos-lula\/","og_site_name":"NOT\u00cdCIAS EM TEMPO REAL","article_publisher":"https:\/\/www.facebook.com\/maiobaotv","article_published_time":"2023-08-03T21:43:06+00:00","author":"maranhaotv","twitter_card":"summary_large_image","twitter_creator":"@sitemaranhaotv","twitter_site":"@sitemaranhaotv","twitter_misc":{"Escrito por":"maranhaotv","Est. tempo de leitura":"2 minutos"},"schema":{"@context":"https:\/\/schema.org","@graph":[{"@type":"Article","@id":"https:\/\/maranhaotv.com.br\/index.php\/2023\/08\/03\/iremos-votar-o-projeto-de-lei-que-cria-o-programa-cuidar-de-todos-o-mais-rapido-possivel-diz-carlos-lula\/#article","isPartOf":{"@id":"https:\/\/maranhaotv.com.br\/index.php\/2023\/08\/03\/iremos-votar-o-projeto-de-lei-que-cria-o-programa-cuidar-de-todos-o-mais-rapido-possivel-diz-carlos-lula\/"},"author":{"name":"maranhaotv","@id":"https:\/\/maranhaotv.com.br\/#\/schema\/person\/3d54238e86b20bb5c89ab2fdb8f8829a"},"headline":"\u201cIremos votar o Projeto de Lei que cria o Programa Cuidar de Todos o mais r\u00e1pido poss\u00edvel\u201d, diz Carlos Lula","datePublished":"2023-08-03T21:43:06+00:00","mainEntityOfPage":{"@id":"https:\/\/maranhaotv.com.br\/index.php\/2023\/08\/03\/iremos-votar-o-projeto-de-lei-que-cria-o-programa-cuidar-de-todos-o-mais-rapido-possivel-diz-carlos-lula\/"},"wordCount":502,"commentCount":0,"publisher":{"@id":"https:\/\/maranhaotv.com.br\/#organization"},"image":{"@id":"https:\/\/maranhaotv.com.br\/index.php\/2023\/08\/03\/iremos-votar-o-projeto-de-lei-que-cria-o-programa-cuidar-de-todos-o-mais-rapido-possivel-diz-carlos-lula\/#primaryimage"},"thumbnailUrl":"","articleSection":["not\u00edcias"],"inLanguage":"pt-BR","potentialAction":[{"@type":"CommentAction","name":"Comment","target":["https:\/\/maranhaotv.com.br\/index.php\/2023\/08\/03\/iremos-votar-o-projeto-de-lei-que-cria-o-programa-cuidar-de-todos-o-mais-rapido-possivel-diz-carlos-lula\/#respond"]}]},{"@type":"WebPage","@id":"https:\/\/maranhaotv.com.br\/index.php\/2023\/08\/03\/iremos-votar-o-projeto-de-lei-que-cria-o-programa-cuidar-de-todos-o-mais-rapido-possivel-diz-carlos-lula\/","url":"https:\/\/maranhaotv.com.br\/index.php\/2023\/08\/03\/iremos-votar-o-projeto-de-lei-que-cria-o-programa-cuidar-de-todos-o-mais-rapido-possivel-diz-carlos-lula\/","name":"\u201cIremos votar o Projeto de Lei que cria o Programa Cuidar de Todos o mais r\u00e1pido poss\u00edvel\u201d, diz Carlos Lula - NOT\u00cdCIAS EM TEMPO REAL","isPartOf":{"@id":"https:\/\/maranhaotv.com.br\/#website"},"primaryImageOfPage":{"@id":"https:\/\/maranhaotv.com.br\/index.php\/2023\/08\/03\/iremos-votar-o-projeto-de-lei-que-cria-o-programa-cuidar-de-todos-o-mais-rapido-possivel-diz-carlos-lula\/#primaryimage"},"image":{"@id":"https:\/\/maranhaotv.com.br\/index.php\/2023\/08\/03\/iremos-votar-o-projeto-de-lei-que-cria-o-programa-cuidar-de-todos-o-mais-rapido-possivel-diz-carlos-lula\/#primaryimage"},"thumbnailUrl":"","datePublished":"2023-08-03T21:43:06+00:00","breadcrumb":{"@id":"https:\/\/maranhaotv.com.br\/index.php\/2023\/08\/03\/iremos-votar-o-projeto-de-lei-que-cria-o-programa-cuidar-de-todos-o-mais-rapido-possivel-diz-carlos-lula\/#breadcrumb"},"inLanguage":"pt-BR","potentialAction":[{"@type":"ReadAction","target":["https:\/\/maranhaotv.com.br\/index.php\/2023\/08\/03\/iremos-votar-o-projeto-de-lei-que-cria-o-programa-cuidar-de-todos-o-mais-rapido-possivel-diz-carlos-lula\/"]}]},{"@type":"ImageObject","inLanguage":"pt-BR","@id":"https:\/\/maranhaotv.com.br\/index.php\/2023\/08\/03\/iremos-votar-o-projeto-de-lei-que-cria-o-programa-cuidar-de-todos-o-mais-rapido-possivel-diz-carlos-lula\/#primaryimage","url":"","contentUrl":""},{"@type":"BreadcrumbList","@id":"https:\/\/maranhaotv.com.br\/index.php\/2023\/08\/03\/iremos-votar-o-projeto-de-lei-que-cria-o-programa-cuidar-de-todos-o-mais-rapido-possivel-diz-carlos-lula\/#breadcrumb","itemListElement":[{"@type":"ListItem","position":1,"name":"In\u00edcio","item":"https:\/\/maranhaotv.com.br\/"},{"@type":"ListItem","position":2,"name":"\u201cIremos votar o Projeto de Lei que cria o Programa Cuidar de Todos o mais r\u00e1pido poss\u00edvel\u201d, diz Carlos Lula"}]},{"@type":"WebSite","@id":"https:\/\/maranhaotv.com.br\/#website","url":"https:\/\/maranhaotv.com.br\/","name":"Maranh\u00e3oTV","description":"","publisher":{"@id":"https:\/\/maranhaotv.com.br\/#organization"},"potentialAction":[{"@type":"SearchAction","target":{"@type":"EntryPoint","urlTemplate":"https:\/\/maranhaotv.com.br\/?s={search_term_string}"},"query-input":{"@type":"PropertyValueSpecification","valueRequired":true,"valueName":"search_term_string"}}],"inLanguage":"pt-BR"},{"@type":"Organization","@id":"https:\/\/maranhaotv.com.br\/#organization","name":"Portal de Not\u00edcias","url":"https:\/\/maranhaotv.com.br\/","logo":{"@type":"ImageObject","inLanguage":"pt-BR","@id":"https:\/\/maranhaotv.com.br\/#\/schema\/logo\/image\/","url":"https:\/\/maranhaotv.com.br\/wp-content\/uploads\/2024\/05\/cropped-cropped-avatar-1.png","contentUrl":"https:\/\/maranhaotv.com.br\/wp-content\/uploads\/2024\/05\/cropped-cropped-avatar-1.png","width":792,"height":428,"caption":"Portal de Not\u00edcias"},"image":{"@id":"https:\/\/maranhaotv.com.br\/#\/schema\/logo\/image\/"},"sameAs":["https:\/\/www.facebook.com\/maiobaotv","https:\/\/x.com\/sitemaranhaotv","https:\/\/www.instagram.com\/maranhao.tv","https:\/\/www.threads.net\/@maranhao.tv"]},{"@type":"Person","@id":"https:\/\/maranhaotv.com.br\/#\/schema\/person\/3d54238e86b20bb5c89ab2fdb8f8829a","name":"maranhaotv","image":{"@type":"ImageObject","inLanguage":"pt-BR","@id":"https:\/\/secure.gravatar.com\/avatar\/8fadbca458d4cb68b1dd399ae9a40618d747bb1af65ac9fad21c89220a143eb4?s=96&d=mm&r=g","url":"https:\/\/secure.gravatar.com\/avatar\/8fadbca458d4cb68b1dd399ae9a40618d747bb1af65ac9fad21c89220a143eb4?s=96&d=mm&r=g","contentUrl":"https:\/\/secure.gravatar.com\/avatar\/8fadbca458d4cb68b1dd399ae9a40618d747bb1af65ac9fad21c89220a143eb4?s=96&d=mm&r=g","caption":"maranhaotv"},"sameAs":["https:\/\/maranhaotv.com.br\/"],"url":"https:\/\/maranhaotv.com.br\/index.php\/author\/maranhaotv\/"}]}},"jetpack_featured_media_url":"","jetpack_sharing_enabled":true,"_links":{"self":[{"href":"https:\/\/maranhaotv.com.br\/index.php\/wp-json\/wp\/v2\/posts\/32535","targetHints":{"allow":["GET"]}}],"collection":[{"href":"https:\/\/maranhaotv.com.br\/index.php\/wp-json\/wp\/v2\/posts"}],"about":[{"href":"https:\/\/maranhaotv.com.br\/index.php\/wp-json\/wp\/v2\/types\/post"}],"author":[{"embeddable":true,"href":"https:\/\/maranhaotv.com.br\/index.php\/wp-json\/wp\/v2\/users\/2"}],"replies":[{"embeddable":true,"href":"https:\/\/maranhaotv.com.br\/index.php\/wp-json\/wp\/v2\/comments?post=32535"}],"version-history":[{"count":0,"href":"https:\/\/maranhaotv.com.br\/index.php\/wp-json\/wp\/v2\/posts\/32535\/revisions"}],"wp:featuredmedia":[{"embeddable":true,"href":"https:\/\/maranhaotv.com.br\/index.php\/wp-json\/"}],"wp:attachment":[{"href":"https:\/\/maranhaotv.com.br\/index.php\/wp-json\/wp\/v2\/media?parent=32535"}],"wp:term":[{"taxonomy":"category","embeddable":true,"href":"https:\/\/maranhaotv.com.br\/index.php\/wp-json\/wp\/v2\/categories?post=32535"},{"taxonomy":"post_tag","embeddable":true,"href":"https:\/\/maranhaotv.com.br\/index.php\/wp-json\/wp\/v2\/tags?post=32535"}],"curies":[{"name":"wp","href":"https:\/\/api.w.org\/{rel}","templated":true}]}}