{"id":32551,"date":"2023-08-04T15:32:02","date_gmt":"2023-08-04T18:32:02","guid":{"rendered":"https:\/\/maranhaotv.com.br\/?p=32551"},"modified":"2023-08-04T15:32:02","modified_gmt":"2023-08-04T18:32:02","slug":"paula-azevedo-fortalece-seu-compromisso-com-a-agricultura-familiar-e-os-produtores-rurais-luminenses","status":"publish","type":"post","link":"https:\/\/maranhaotv.com.br\/index.php\/2023\/08\/04\/paula-azevedo-fortalece-seu-compromisso-com-a-agricultura-familiar-e-os-produtores-rurais-luminenses\/","title":{"rendered":"Paula Azevedo fortalece seu compromisso com a agricultura familiar e os produtores rurais luminenses"},"content":{"rendered":"\n<p><br><br>Nesta quinta-feira (03), ocorreu a 3\u00aa edi\u00e7\u00e3o da Feira do Agricultor, que reuniu a comunidade da Sede e entorno para celebrar o Dia do Agricultor<br><br>Agricultora, a prefeita Paula Azevedo (PCdoB), de Pa\u00e7o do Lumiar, realizou nesta quinta-feira (03), na Pra\u00e7a Nossa Senhora da Luz, no bairro da Sede, a 3\u00aa edi\u00e7\u00e3o da Feira do Agricultor \u2013 Artes, Cores e Flores. O evento teve como objetivo celebrar o Dia do Agricultor e movimentar a economia e com\u00e9rcio local.<br><br>O evento, que faz alus\u00e3o ao Dia do Agricultor, comemorado no dia 28 de julho, contou com a parceria da Secretaria Municipal de Cultura, Esporte e Lazer (SEMCEL) para apresentar atra\u00e7\u00f5es culturais. Tamb\u00e9m foi poss\u00edvel comprar produtos oriundos da agricultura familiar e tirar d\u00favidas sobre QUAL ASSUNTO no Stand de Informa\u00e7\u00f5es. Al\u00e9m de curtir a festa, os agricultores presentes puderam participar de sorteio de brindes.<br><br>\u201cEu vim da agricultura e sei da import\u00e2ncia disso para as fam\u00edlias e para o munic\u00edpio. Somos muitos e precisamos de incentivo para produzirmos cada vez mais e melhor. Eu compreendo que uma agricultura robusta \u00e9 ben\u00e9fica para todos. Por isso, a promo\u00e7\u00e3o de eventos como esse mostra que nossa gest\u00e3o valoriza a agricultura\u201d, disse a prefeita Paula.<br><br>\u201cQuando o produto sai da Zona Rural de Pa\u00e7o do Lumiar para as cidades, sabemos que o cidad\u00e3o est\u00e1 se alimentando com qualidade\u201d, disse a Secret\u00e1ria Municipal de Agricultura, Pesca e Abastecimento J\u00falia Assun\u00e7\u00e3o, que tamb\u00e9m informou que o munic\u00edpio de Pa\u00e7o do Lumiar \u00e9 o maior abastecedor agr\u00edcola da Ilha de S\u00e3o Lu\u00eds.<br><br>Gest\u00e3o Paula Azevedo<br><br>Oriunda da agricultura, a prefeita de Pa\u00e7o do Lumiar, Paula Azevedo, tem a agricultura familiar como uma das bandeiras de sua gest\u00e3o. Um dos destaques na \u00e1rea foi o Programa de Aquisi\u00e7\u00e3o de Alimentos (PAA), que forneceu mais de R$ 1,5 milh\u00e3o de reais para o munic\u00edpio comprar produtos oriundos dos agricultores de Pa\u00e7o do Lumiar e para que a Prefeitura, por meio da Secretaria Municipal de Desenvolvimento Social (SEMDES), fa\u00e7a a distribui\u00e7\u00e3o dos produtos comprados por meio das ferramentas de assist\u00eancia social.<\/p>\n\n\n\n<figure class=\"wp-block-image size-large\"><img decoding=\"async\" src=\"https:\/\/maranhaotv.com.br\/wp-content\/uploads\/2023\/08\/IMG-20230804-WA0455-1024x683.jpg\" alt=\"\" class=\"wp-image-32549\"\/><\/figure>\n\n\n\n<figure class=\"wp-block-image\"><img decoding=\"async\" src=\"https:\/\/maranhaotv.com.br\/wp-content\/uploads\/2023\/08\/IMG-20230804-WA0456-1024x683.jpg\" alt=\"\" class=\"wp-image-32548\"\/><\/figure>\n","protected":false},"excerpt":{"rendered":"<p>Nesta quinta-feira (03), ocorreu a 3\u00aa edi\u00e7\u00e3o da Feira do Agricultor, que reuniu a comunidade da Sede e entorno para<\/p>\n","protected":false},"author":2,"featured_media":32550,"comment_status":"open","ping_status":"open","sticky":false,"template":"","format":"standard","meta":{"colormag_page_container_layout":"default_layout","colormag_page_sidebar_layout":"default_layout","_jetpack_memberships_contains_paid_content":false,"footnotes":""},"categories":[2],"tags":[],"class_list":["post-32551","post","type-post","status-publish","format-standard","has-post-thumbnail","hentry","category-noticias"],"magazineBlocksPostFeaturedMedia":{"thumbnail":false,"medium":false,"medium_large":false,"large":false,"1536x1536":false,"2048x2048":false,"colormag-highlighted-post":false,"colormag-featured-post-medium":false,"colormag-featured-post-small":false,"colormag-featured-image":false,"colormag-default-news":false,"colormag-featured-image-large":false},"magazineBlocksPostAuthor":{"name":"maranhaotv","avatar":"https:\/\/secure.gravatar.com\/avatar\/8fadbca458d4cb68b1dd399ae9a40618d747bb1af65ac9fad21c89220a143eb4?s=96&d=mm&r=g"},"magazineBlocksPostCommentsNumber":"0","magazineBlocksPostExcerpt":"Nesta quinta-feira (03), ocorreu a 3\u00aa edi\u00e7\u00e3o da Feira do Agricultor, que reuniu a comunidade da Sede e entorno para","magazineBlocksPostCategories":["not\u00edcias"],"magazineBlocksPostViewCount":227,"magazineBlocksPostReadTime":2,"magazine_blocks_featured_image_url":{"full":false,"medium":false,"thumbnail":false},"magazine_blocks_author":{"display_name":"maranhaotv","author_link":"https:\/\/maranhaotv.com.br\/index.php\/author\/maranhaotv\/"},"magazine_blocks_comment":0,"magazine_blocks_author_image":"https:\/\/secure.gravatar.com\/avatar\/8fadbca458d4cb68b1dd399ae9a40618d747bb1af65ac9fad21c89220a143eb4?s=96&d=mm&r=g","magazine_blocks_category":"<a href=\"#\" class=\"category-link category-link-2\">not\u00edcias<\/a>","yoast_head":"<!-- This site is optimized with the Yoast SEO plugin v27.4 - https:\/\/yoast.com\/product\/yoast-seo-wordpress\/ -->\n<title>Paula Azevedo fortalece seu compromisso com a agricultura familiar e os produtores rurais luminenses - NOT\u00cdCIAS EM TEMPO REAL<\/title>\n<meta name=\"robots\" content=\"index, follow, max-snippet:-1, max-image-preview:large, max-video-preview:-1\" \/>\n<link rel=\"canonical\" href=\"https:\/\/maranhaotv.com.br\/index.php\/2023\/08\/04\/paula-azevedo-fortalece-seu-compromisso-com-a-agricultura-familiar-e-os-produtores-rurais-luminenses\/\" \/>\n<meta property=\"og:locale\" content=\"pt_BR\" \/>\n<meta property=\"og:type\" content=\"article\" \/>\n<meta property=\"og:title\" content=\"Paula Azevedo fortalece seu compromisso com a agricultura familiar e os produtores rurais luminenses - NOT\u00cdCIAS EM TEMPO REAL\" \/>\n<meta property=\"og:description\" content=\"Nesta quinta-feira (03), ocorreu a 3\u00aa edi\u00e7\u00e3o da Feira do Agricultor, que reuniu a comunidade da Sede e entorno para\" \/>\n<meta property=\"og:url\" content=\"https:\/\/maranhaotv.com.br\/index.php\/2023\/08\/04\/paula-azevedo-fortalece-seu-compromisso-com-a-agricultura-familiar-e-os-produtores-rurais-luminenses\/\" \/>\n<meta property=\"og:site_name\" content=\"NOT\u00cdCIAS EM TEMPO REAL\" \/>\n<meta property=\"article:publisher\" content=\"https:\/\/www.facebook.com\/maiobaotv\" \/>\n<meta property=\"article:published_time\" content=\"2023-08-04T18:32:02+00:00\" \/>\n<meta name=\"author\" content=\"maranhaotv\" \/>\n<meta name=\"twitter:card\" content=\"summary_large_image\" \/>\n<meta name=\"twitter:creator\" content=\"@sitemaranhaotv\" \/>\n<meta name=\"twitter:site\" content=\"@sitemaranhaotv\" \/>\n<meta name=\"twitter:label1\" content=\"Escrito por\" \/>\n\t<meta name=\"twitter:data1\" content=\"maranhaotv\" \/>\n\t<meta name=\"twitter:label2\" content=\"Est. tempo de leitura\" \/>\n\t<meta name=\"twitter:data2\" content=\"2 minutos\" \/>\n<script type=\"application\/ld+json\" class=\"yoast-schema-graph\">{\"@context\":\"https:\\\/\\\/schema.org\",\"@graph\":[{\"@type\":\"Article\",\"@id\":\"https:\\\/\\\/maranhaotv.com.br\\\/index.php\\\/2023\\\/08\\\/04\\\/paula-azevedo-fortalece-seu-compromisso-com-a-agricultura-familiar-e-os-produtores-rurais-luminenses\\\/#article\",\"isPartOf\":{\"@id\":\"https:\\\/\\\/maranhaotv.com.br\\\/index.php\\\/2023\\\/08\\\/04\\\/paula-azevedo-fortalece-seu-compromisso-com-a-agricultura-familiar-e-os-produtores-rurais-luminenses\\\/\"},\"author\":{\"name\":\"maranhaotv\",\"@id\":\"https:\\\/\\\/maranhaotv.com.br\\\/#\\\/schema\\\/person\\\/3d54238e86b20bb5c89ab2fdb8f8829a\"},\"headline\":\"Paula Azevedo fortalece seu compromisso com a agricultura familiar e os produtores rurais luminenses\",\"datePublished\":\"2023-08-04T18:32:02+00:00\",\"mainEntityOfPage\":{\"@id\":\"https:\\\/\\\/maranhaotv.com.br\\\/index.php\\\/2023\\\/08\\\/04\\\/paula-azevedo-fortalece-seu-compromisso-com-a-agricultura-familiar-e-os-produtores-rurais-luminenses\\\/\"},\"wordCount\":385,\"commentCount\":0,\"publisher\":{\"@id\":\"https:\\\/\\\/maranhaotv.com.br\\\/#organization\"},\"image\":{\"@id\":\"https:\\\/\\\/maranhaotv.com.br\\\/index.php\\\/2023\\\/08\\\/04\\\/paula-azevedo-fortalece-seu-compromisso-com-a-agricultura-familiar-e-os-produtores-rurais-luminenses\\\/#primaryimage\"},\"thumbnailUrl\":\"\",\"articleSection\":[\"not\u00edcias\"],\"inLanguage\":\"pt-BR\",\"potentialAction\":[{\"@type\":\"CommentAction\",\"name\":\"Comment\",\"target\":[\"https:\\\/\\\/maranhaotv.com.br\\\/index.php\\\/2023\\\/08\\\/04\\\/paula-azevedo-fortalece-seu-compromisso-com-a-agricultura-familiar-e-os-produtores-rurais-luminenses\\\/#respond\"]}]},{\"@type\":\"WebPage\",\"@id\":\"https:\\\/\\\/maranhaotv.com.br\\\/index.php\\\/2023\\\/08\\\/04\\\/paula-azevedo-fortalece-seu-compromisso-com-a-agricultura-familiar-e-os-produtores-rurais-luminenses\\\/\",\"url\":\"https:\\\/\\\/maranhaotv.com.br\\\/index.php\\\/2023\\\/08\\\/04\\\/paula-azevedo-fortalece-seu-compromisso-com-a-agricultura-familiar-e-os-produtores-rurais-luminenses\\\/\",\"name\":\"Paula Azevedo fortalece seu compromisso com a agricultura familiar e os produtores rurais luminenses - NOT\u00cdCIAS EM TEMPO REAL\",\"isPartOf\":{\"@id\":\"https:\\\/\\\/maranhaotv.com.br\\\/#website\"},\"primaryImageOfPage\":{\"@id\":\"https:\\\/\\\/maranhaotv.com.br\\\/index.php\\\/2023\\\/08\\\/04\\\/paula-azevedo-fortalece-seu-compromisso-com-a-agricultura-familiar-e-os-produtores-rurais-luminenses\\\/#primaryimage\"},\"image\":{\"@id\":\"https:\\\/\\\/maranhaotv.com.br\\\/index.php\\\/2023\\\/08\\\/04\\\/paula-azevedo-fortalece-seu-compromisso-com-a-agricultura-familiar-e-os-produtores-rurais-luminenses\\\/#primaryimage\"},\"thumbnailUrl\":\"\",\"datePublished\":\"2023-08-04T18:32:02+00:00\",\"breadcrumb\":{\"@id\":\"https:\\\/\\\/maranhaotv.com.br\\\/index.php\\\/2023\\\/08\\\/04\\\/paula-azevedo-fortalece-seu-compromisso-com-a-agricultura-familiar-e-os-produtores-rurais-luminenses\\\/#breadcrumb\"},\"inLanguage\":\"pt-BR\",\"potentialAction\":[{\"@type\":\"ReadAction\",\"target\":[\"https:\\\/\\\/maranhaotv.com.br\\\/index.php\\\/2023\\\/08\\\/04\\\/paula-azevedo-fortalece-seu-compromisso-com-a-agricultura-familiar-e-os-produtores-rurais-luminenses\\\/\"]}]},{\"@type\":\"ImageObject\",\"inLanguage\":\"pt-BR\",\"@id\":\"https:\\\/\\\/maranhaotv.com.br\\\/index.php\\\/2023\\\/08\\\/04\\\/paula-azevedo-fortalece-seu-compromisso-com-a-agricultura-familiar-e-os-produtores-rurais-luminenses\\\/#primaryimage\",\"url\":\"\",\"contentUrl\":\"\"},{\"@type\":\"BreadcrumbList\",\"@id\":\"https:\\\/\\\/maranhaotv.com.br\\\/index.php\\\/2023\\\/08\\\/04\\\/paula-azevedo-fortalece-seu-compromisso-com-a-agricultura-familiar-e-os-produtores-rurais-luminenses\\\/#breadcrumb\",\"itemListElement\":[{\"@type\":\"ListItem\",\"position\":1,\"name\":\"In\u00edcio\",\"item\":\"https:\\\/\\\/maranhaotv.com.br\\\/\"},{\"@type\":\"ListItem\",\"position\":2,\"name\":\"Paula Azevedo fortalece seu compromisso com a agricultura familiar e os produtores rurais luminenses\"}]},{\"@type\":\"WebSite\",\"@id\":\"https:\\\/\\\/maranhaotv.com.br\\\/#website\",\"url\":\"https:\\\/\\\/maranhaotv.com.br\\\/\",\"name\":\"Maranh\u00e3oTV\",\"description\":\"\",\"publisher\":{\"@id\":\"https:\\\/\\\/maranhaotv.com.br\\\/#organization\"},\"potentialAction\":[{\"@type\":\"SearchAction\",\"target\":{\"@type\":\"EntryPoint\",\"urlTemplate\":\"https:\\\/\\\/maranhaotv.com.br\\\/?s={search_term_string}\"},\"query-input\":{\"@type\":\"PropertyValueSpecification\",\"valueRequired\":true,\"valueName\":\"search_term_string\"}}],\"inLanguage\":\"pt-BR\"},{\"@type\":\"Organization\",\"@id\":\"https:\\\/\\\/maranhaotv.com.br\\\/#organization\",\"name\":\"Portal de Not\u00edcias\",\"url\":\"https:\\\/\\\/maranhaotv.com.br\\\/\",\"logo\":{\"@type\":\"ImageObject\",\"inLanguage\":\"pt-BR\",\"@id\":\"https:\\\/\\\/maranhaotv.com.br\\\/#\\\/schema\\\/logo\\\/image\\\/\",\"url\":\"https:\\\/\\\/maranhaotv.com.br\\\/wp-content\\\/uploads\\\/2024\\\/05\\\/cropped-cropped-avatar-1.png\",\"contentUrl\":\"https:\\\/\\\/maranhaotv.com.br\\\/wp-content\\\/uploads\\\/2024\\\/05\\\/cropped-cropped-avatar-1.png\",\"width\":792,\"height\":428,\"caption\":\"Portal de Not\u00edcias\"},\"image\":{\"@id\":\"https:\\\/\\\/maranhaotv.com.br\\\/#\\\/schema\\\/logo\\\/image\\\/\"},\"sameAs\":[\"https:\\\/\\\/www.facebook.com\\\/maiobaotv\",\"https:\\\/\\\/x.com\\\/sitemaranhaotv\",\"https:\\\/\\\/www.instagram.com\\\/maranhao.tv\",\"https:\\\/\\\/www.threads.net\\\/@maranhao.tv\"]},{\"@type\":\"Person\",\"@id\":\"https:\\\/\\\/maranhaotv.com.br\\\/#\\\/schema\\\/person\\\/3d54238e86b20bb5c89ab2fdb8f8829a\",\"name\":\"maranhaotv\",\"image\":{\"@type\":\"ImageObject\",\"inLanguage\":\"pt-BR\",\"@id\":\"https:\\\/\\\/secure.gravatar.com\\\/avatar\\\/8fadbca458d4cb68b1dd399ae9a40618d747bb1af65ac9fad21c89220a143eb4?s=96&d=mm&r=g\",\"url\":\"https:\\\/\\\/secure.gravatar.com\\\/avatar\\\/8fadbca458d4cb68b1dd399ae9a40618d747bb1af65ac9fad21c89220a143eb4?s=96&d=mm&r=g\",\"contentUrl\":\"https:\\\/\\\/secure.gravatar.com\\\/avatar\\\/8fadbca458d4cb68b1dd399ae9a40618d747bb1af65ac9fad21c89220a143eb4?s=96&d=mm&r=g\",\"caption\":\"maranhaotv\"},\"sameAs\":[\"https:\\\/\\\/maranhaotv.com.br\\\/\"],\"url\":\"https:\\\/\\\/maranhaotv.com.br\\\/index.php\\\/author\\\/maranhaotv\\\/\"}]}<\/script>\n<!-- \/ Yoast SEO plugin. -->","yoast_head_json":{"title":"Paula Azevedo fortalece seu compromisso com a agricultura familiar e os produtores rurais luminenses - NOT\u00cdCIAS EM TEMPO REAL","robots":{"index":"index","follow":"follow","max-snippet":"max-snippet:-1","max-image-preview":"max-image-preview:large","max-video-preview":"max-video-preview:-1"},"canonical":"https:\/\/maranhaotv.com.br\/index.php\/2023\/08\/04\/paula-azevedo-fortalece-seu-compromisso-com-a-agricultura-familiar-e-os-produtores-rurais-luminenses\/","og_locale":"pt_BR","og_type":"article","og_title":"Paula Azevedo fortalece seu compromisso com a agricultura familiar e os produtores rurais luminenses - NOT\u00cdCIAS EM TEMPO REAL","og_description":"Nesta quinta-feira (03), ocorreu a 3\u00aa edi\u00e7\u00e3o da Feira do Agricultor, que reuniu a comunidade da Sede e entorno para","og_url":"https:\/\/maranhaotv.com.br\/index.php\/2023\/08\/04\/paula-azevedo-fortalece-seu-compromisso-com-a-agricultura-familiar-e-os-produtores-rurais-luminenses\/","og_site_name":"NOT\u00cdCIAS EM TEMPO REAL","article_publisher":"https:\/\/www.facebook.com\/maiobaotv","article_published_time":"2023-08-04T18:32:02+00:00","author":"maranhaotv","twitter_card":"summary_large_image","twitter_creator":"@sitemaranhaotv","twitter_site":"@sitemaranhaotv","twitter_misc":{"Escrito por":"maranhaotv","Est. tempo de leitura":"2 minutos"},"schema":{"@context":"https:\/\/schema.org","@graph":[{"@type":"Article","@id":"https:\/\/maranhaotv.com.br\/index.php\/2023\/08\/04\/paula-azevedo-fortalece-seu-compromisso-com-a-agricultura-familiar-e-os-produtores-rurais-luminenses\/#article","isPartOf":{"@id":"https:\/\/maranhaotv.com.br\/index.php\/2023\/08\/04\/paula-azevedo-fortalece-seu-compromisso-com-a-agricultura-familiar-e-os-produtores-rurais-luminenses\/"},"author":{"name":"maranhaotv","@id":"https:\/\/maranhaotv.com.br\/#\/schema\/person\/3d54238e86b20bb5c89ab2fdb8f8829a"},"headline":"Paula Azevedo fortalece seu compromisso com a agricultura familiar e os produtores rurais luminenses","datePublished":"2023-08-04T18:32:02+00:00","mainEntityOfPage":{"@id":"https:\/\/maranhaotv.com.br\/index.php\/2023\/08\/04\/paula-azevedo-fortalece-seu-compromisso-com-a-agricultura-familiar-e-os-produtores-rurais-luminenses\/"},"wordCount":385,"commentCount":0,"publisher":{"@id":"https:\/\/maranhaotv.com.br\/#organization"},"image":{"@id":"https:\/\/maranhaotv.com.br\/index.php\/2023\/08\/04\/paula-azevedo-fortalece-seu-compromisso-com-a-agricultura-familiar-e-os-produtores-rurais-luminenses\/#primaryimage"},"thumbnailUrl":"","articleSection":["not\u00edcias"],"inLanguage":"pt-BR","potentialAction":[{"@type":"CommentAction","name":"Comment","target":["https:\/\/maranhaotv.com.br\/index.php\/2023\/08\/04\/paula-azevedo-fortalece-seu-compromisso-com-a-agricultura-familiar-e-os-produtores-rurais-luminenses\/#respond"]}]},{"@type":"WebPage","@id":"https:\/\/maranhaotv.com.br\/index.php\/2023\/08\/04\/paula-azevedo-fortalece-seu-compromisso-com-a-agricultura-familiar-e-os-produtores-rurais-luminenses\/","url":"https:\/\/maranhaotv.com.br\/index.php\/2023\/08\/04\/paula-azevedo-fortalece-seu-compromisso-com-a-agricultura-familiar-e-os-produtores-rurais-luminenses\/","name":"Paula Azevedo fortalece seu compromisso com a agricultura familiar e os produtores rurais luminenses - NOT\u00cdCIAS EM TEMPO REAL","isPartOf":{"@id":"https:\/\/maranhaotv.com.br\/#website"},"primaryImageOfPage":{"@id":"https:\/\/maranhaotv.com.br\/index.php\/2023\/08\/04\/paula-azevedo-fortalece-seu-compromisso-com-a-agricultura-familiar-e-os-produtores-rurais-luminenses\/#primaryimage"},"image":{"@id":"https:\/\/maranhaotv.com.br\/index.php\/2023\/08\/04\/paula-azevedo-fortalece-seu-compromisso-com-a-agricultura-familiar-e-os-produtores-rurais-luminenses\/#primaryimage"},"thumbnailUrl":"","datePublished":"2023-08-04T18:32:02+00:00","breadcrumb":{"@id":"https:\/\/maranhaotv.com.br\/index.php\/2023\/08\/04\/paula-azevedo-fortalece-seu-compromisso-com-a-agricultura-familiar-e-os-produtores-rurais-luminenses\/#breadcrumb"},"inLanguage":"pt-BR","potentialAction":[{"@type":"ReadAction","target":["https:\/\/maranhaotv.com.br\/index.php\/2023\/08\/04\/paula-azevedo-fortalece-seu-compromisso-com-a-agricultura-familiar-e-os-produtores-rurais-luminenses\/"]}]},{"@type":"ImageObject","inLanguage":"pt-BR","@id":"https:\/\/maranhaotv.com.br\/index.php\/2023\/08\/04\/paula-azevedo-fortalece-seu-compromisso-com-a-agricultura-familiar-e-os-produtores-rurais-luminenses\/#primaryimage","url":"","contentUrl":""},{"@type":"BreadcrumbList","@id":"https:\/\/maranhaotv.com.br\/index.php\/2023\/08\/04\/paula-azevedo-fortalece-seu-compromisso-com-a-agricultura-familiar-e-os-produtores-rurais-luminenses\/#breadcrumb","itemListElement":[{"@type":"ListItem","position":1,"name":"In\u00edcio","item":"https:\/\/maranhaotv.com.br\/"},{"@type":"ListItem","position":2,"name":"Paula Azevedo fortalece seu compromisso com a agricultura familiar e os produtores rurais luminenses"}]},{"@type":"WebSite","@id":"https:\/\/maranhaotv.com.br\/#website","url":"https:\/\/maranhaotv.com.br\/","name":"Maranh\u00e3oTV","description":"","publisher":{"@id":"https:\/\/maranhaotv.com.br\/#organization"},"potentialAction":[{"@type":"SearchAction","target":{"@type":"EntryPoint","urlTemplate":"https:\/\/maranhaotv.com.br\/?s={search_term_string}"},"query-input":{"@type":"PropertyValueSpecification","valueRequired":true,"valueName":"search_term_string"}}],"inLanguage":"pt-BR"},{"@type":"Organization","@id":"https:\/\/maranhaotv.com.br\/#organization","name":"Portal de Not\u00edcias","url":"https:\/\/maranhaotv.com.br\/","logo":{"@type":"ImageObject","inLanguage":"pt-BR","@id":"https:\/\/maranhaotv.com.br\/#\/schema\/logo\/image\/","url":"https:\/\/maranhaotv.com.br\/wp-content\/uploads\/2024\/05\/cropped-cropped-avatar-1.png","contentUrl":"https:\/\/maranhaotv.com.br\/wp-content\/uploads\/2024\/05\/cropped-cropped-avatar-1.png","width":792,"height":428,"caption":"Portal de Not\u00edcias"},"image":{"@id":"https:\/\/maranhaotv.com.br\/#\/schema\/logo\/image\/"},"sameAs":["https:\/\/www.facebook.com\/maiobaotv","https:\/\/x.com\/sitemaranhaotv","https:\/\/www.instagram.com\/maranhao.tv","https:\/\/www.threads.net\/@maranhao.tv"]},{"@type":"Person","@id":"https:\/\/maranhaotv.com.br\/#\/schema\/person\/3d54238e86b20bb5c89ab2fdb8f8829a","name":"maranhaotv","image":{"@type":"ImageObject","inLanguage":"pt-BR","@id":"https:\/\/secure.gravatar.com\/avatar\/8fadbca458d4cb68b1dd399ae9a40618d747bb1af65ac9fad21c89220a143eb4?s=96&d=mm&r=g","url":"https:\/\/secure.gravatar.com\/avatar\/8fadbca458d4cb68b1dd399ae9a40618d747bb1af65ac9fad21c89220a143eb4?s=96&d=mm&r=g","contentUrl":"https:\/\/secure.gravatar.com\/avatar\/8fadbca458d4cb68b1dd399ae9a40618d747bb1af65ac9fad21c89220a143eb4?s=96&d=mm&r=g","caption":"maranhaotv"},"sameAs":["https:\/\/maranhaotv.com.br\/"],"url":"https:\/\/maranhaotv.com.br\/index.php\/author\/maranhaotv\/"}]}},"jetpack_featured_media_url":"","jetpack_sharing_enabled":true,"_links":{"self":[{"href":"https:\/\/maranhaotv.com.br\/index.php\/wp-json\/wp\/v2\/posts\/32551","targetHints":{"allow":["GET"]}}],"collection":[{"href":"https:\/\/maranhaotv.com.br\/index.php\/wp-json\/wp\/v2\/posts"}],"about":[{"href":"https:\/\/maranhaotv.com.br\/index.php\/wp-json\/wp\/v2\/types\/post"}],"author":[{"embeddable":true,"href":"https:\/\/maranhaotv.com.br\/index.php\/wp-json\/wp\/v2\/users\/2"}],"replies":[{"embeddable":true,"href":"https:\/\/maranhaotv.com.br\/index.php\/wp-json\/wp\/v2\/comments?post=32551"}],"version-history":[{"count":0,"href":"https:\/\/maranhaotv.com.br\/index.php\/wp-json\/wp\/v2\/posts\/32551\/revisions"}],"wp:featuredmedia":[{"embeddable":true,"href":"https:\/\/maranhaotv.com.br\/index.php\/wp-json\/"}],"wp:attachment":[{"href":"https:\/\/maranhaotv.com.br\/index.php\/wp-json\/wp\/v2\/media?parent=32551"}],"wp:term":[{"taxonomy":"category","embeddable":true,"href":"https:\/\/maranhaotv.com.br\/index.php\/wp-json\/wp\/v2\/categories?post=32551"},{"taxonomy":"post_tag","embeddable":true,"href":"https:\/\/maranhaotv.com.br\/index.php\/wp-json\/wp\/v2\/tags?post=32551"}],"curies":[{"name":"wp","href":"https:\/\/api.w.org\/{rel}","templated":true}]}}