{"id":32555,"date":"2023-08-04T16:04:40","date_gmt":"2023-08-04T19:04:40","guid":{"rendered":"https:\/\/maranhaotv.com.br\/?p=32555"},"modified":"2023-08-04T16:04:40","modified_gmt":"2023-08-04T19:04:40","slug":"o-maranhao-sera-referencia-para-o-pais-diz-carlos-lula-sobre-politicas-da-primeira-infancia","status":"publish","type":"post","link":"https:\/\/maranhaotv.com.br\/index.php\/2023\/08\/04\/o-maranhao-sera-referencia-para-o-pais-diz-carlos-lula-sobre-politicas-da-primeira-infancia\/","title":{"rendered":"\u201cO Maranh\u00e3o ser\u00e1 refer\u00eancia para o pa\u00eds\u201d, diz Carlos Lula sobre pol\u00edticas da Primeira Inf\u00e2ncia"},"content":{"rendered":"\n<p><br><br>Autor da lei n\u00b011.984\/2023, que estabelece a Pol\u00edtica Estadual Integrada pela Primeira Inf\u00e2ncia no Maranh\u00e3o, o deputado estadual Carlos Lula (PSB) participou, nesta sexta-feira (4), do lan\u00e7amento da Campanha Estadual do M\u00eas da Primeira Inf\u00e2ncia. A mobiliza\u00e7\u00e3o \u00e9 realizada pelo Governo do Maranh\u00e3o, atrav\u00e9s da Secretaria de Estado do Desenvolvimento Social (Sedes). <br><br>No evento, Carlos Lula explicou que a cria\u00e7\u00e3o da nova legisla\u00e7\u00e3o vai exigir dos poderes executivos, legislativo e judici\u00e1rio melhorias na garantia e no fortalecimento de pol\u00edticas p\u00fablicas voltadas para os pequenos maranhenses, com idade at\u00e9 6 anos.\u00a0<br><br>\u201cEsse estatuto vem trazer a coordena\u00e7\u00e3o de todas as pol\u00edticas p\u00fablicas voltadas para a primeira inf\u00e2ncia. O Maranh\u00e3o ser\u00e1 refer\u00eancia para o pa\u00eds, pois \u00e9 o primeiro estado a possuir um Plano Estadual da Primeira Inf\u00e2ncia e pode ser o primeiro estado a ter todas as\u00a0cidades com planos municipais. Temos certeza que o Estatuto da Primeira Inf\u00e2ncia vai servir para fortalecer as pol\u00edticas p\u00fablicas voltadas para esse p\u00fablico\u201d, afirmou o Carlos Lula. \u00a0A Pol\u00edtica Estadual Integrada pela Primeira Inf\u00e2ncia estabelece que sa\u00fade, educa\u00e7\u00e3o infantil, seguran\u00e7a alimentar, assist\u00eancia social, acesso \u00e0 cultura, seguran\u00e7a e prote\u00e7\u00e3o, conviv\u00eancia familiar e comunit\u00e1ria, erradica\u00e7\u00e3o da pobreza e direitos humanos sejam prioridade para as crian\u00e7as maranhenses.\u00a0<br><br>O vice-governador e secret\u00e1rio da Educa\u00e7\u00e3o, Felipe Camar\u00e3o (PT), parabenizou o deputado Carlos Lula pela autoria da lei. Para o gestor, \u00e9 necess\u00e1ria a atua\u00e7\u00e3o multidisciplinar e transversal das Secretarias de Governo para a efetiva execu\u00e7\u00e3o das pol\u00edticas para a primeira inf\u00e2ncia. <br><br>\u201cN\u00e3o adianta nada o envolvimento apenas da Secretaria de Desenvolvimento Social, atrav\u00e9s das suas pol\u00edticas de assist\u00eancia, cuidar das nossas crian\u00e7as.\u00a0 Nem apenas a Secretaria de Sa\u00fade fazer a\u00e7\u00f5es de preven\u00e7\u00e3o e enfrentamento as doen\u00e7as. \u00c9 preciso tamb\u00e9m o envolvimento da Secretaria de Educa\u00e7\u00e3o, Esportes, Cultura, enfim, a atua\u00e7\u00e3o conjunta de todas as pastas e poderes para que esse plano funcione e possamos fazer uma prote\u00e7\u00e3o efetiva \u00e0s nossas crian\u00e7as\u201d, ressaltou Felipe Camar\u00e3o. \u00a0<br><br>Segundo o gestor da Sedes, Paulo Cas\u00e9 Fernandes, as a\u00e7\u00f5es do legislativo e executivos e complementam e fortalecem as medidas voltadas para as crian\u00e7as. \u201cEssa \u00e9 uma lei que institui agosto como o m\u00eas para a primeira inf\u00e2ncia. Tamb\u00e9m estamos vendo v\u00e1rias pautas positivas do Governo que corroboram com isso, a exemplo do lan\u00e7amento do Programa Cuidar de Todos, com a\u00e7\u00f5es direcionadas \u00e0 Aten\u00e7\u00e3o B\u00e1sica, melhorando as condi\u00e7\u00f5es das gestantes e o atendimento das crian\u00e7as. Ent\u00e3o s\u00e3o pautas propositivas e temos certeza que vamos conseguir criar um grande programa para a primeira inf\u00e2ncia\u201d, destacou. <br><br>Participaram do evento os representantes do Minist\u00e9rio do Desenvolvimento Social (MDS), das Secretarias de Estado, do Minist\u00e9rio P\u00fablico, UNICEF, Prefeituras e representantes da sociedade civil organizada.<\/p>\n\n\n\n<figure class=\"wp-block-image size-large\"><img decoding=\"async\" src=\"https:\/\/maranhaotv.com.br\/wp-content\/uploads\/2023\/08\/IMG-20230804-WA0339-1024x682.jpg\" alt=\"\" class=\"wp-image-32553\"\/><\/figure>\n","protected":false},"excerpt":{"rendered":"<p>Autor da lei n\u00b011.984\/2023, que estabelece a Pol\u00edtica Estadual Integrada pela Primeira Inf\u00e2ncia no Maranh\u00e3o, o deputado estadual Carlos Lula<\/p>\n","protected":false},"author":2,"featured_media":32554,"comment_status":"open","ping_status":"open","sticky":false,"template":"","format":"standard","meta":{"colormag_page_container_layout":"default_layout","colormag_page_sidebar_layout":"default_layout","_jetpack_memberships_contains_paid_content":false,"footnotes":""},"categories":[2],"tags":[],"class_list":["post-32555","post","type-post","status-publish","format-standard","has-post-thumbnail","hentry","category-noticias"],"magazineBlocksPostFeaturedMedia":{"thumbnail":false,"medium":false,"medium_large":false,"large":false,"1536x1536":false,"2048x2048":false,"colormag-highlighted-post":false,"colormag-featured-post-medium":false,"colormag-featured-post-small":false,"colormag-featured-image":false,"colormag-default-news":false,"colormag-featured-image-large":false},"magazineBlocksPostAuthor":{"name":"maranhaotv","avatar":"https:\/\/secure.gravatar.com\/avatar\/8fadbca458d4cb68b1dd399ae9a40618d747bb1af65ac9fad21c89220a143eb4?s=96&d=mm&r=g"},"magazineBlocksPostCommentsNumber":"0","magazineBlocksPostExcerpt":"Autor da lei n\u00b011.984\/2023, que estabelece a Pol\u00edtica Estadual Integrada pela Primeira Inf\u00e2ncia no Maranh\u00e3o, o deputado estadual Carlos Lula","magazineBlocksPostCategories":["not\u00edcias"],"magazineBlocksPostViewCount":176,"magazineBlocksPostReadTime":3,"magazine_blocks_featured_image_url":{"full":false,"medium":false,"thumbnail":false},"magazine_blocks_author":{"display_name":"maranhaotv","author_link":"https:\/\/maranhaotv.com.br\/index.php\/author\/maranhaotv\/"},"magazine_blocks_comment":0,"magazine_blocks_author_image":"https:\/\/secure.gravatar.com\/avatar\/8fadbca458d4cb68b1dd399ae9a40618d747bb1af65ac9fad21c89220a143eb4?s=96&d=mm&r=g","magazine_blocks_category":"<a href=\"#\" class=\"category-link category-link-2\">not\u00edcias<\/a>","yoast_head":"<!-- This site is optimized with the Yoast SEO plugin v27.4 - https:\/\/yoast.com\/product\/yoast-seo-wordpress\/ -->\n<title>\u201cO Maranh\u00e3o ser\u00e1 refer\u00eancia para o pa\u00eds\u201d, diz Carlos Lula sobre pol\u00edticas da Primeira Inf\u00e2ncia - NOT\u00cdCIAS EM TEMPO REAL<\/title>\n<meta name=\"robots\" content=\"index, follow, max-snippet:-1, max-image-preview:large, max-video-preview:-1\" \/>\n<link rel=\"canonical\" href=\"https:\/\/maranhaotv.com.br\/index.php\/2023\/08\/04\/o-maranhao-sera-referencia-para-o-pais-diz-carlos-lula-sobre-politicas-da-primeira-infancia\/\" \/>\n<meta property=\"og:locale\" content=\"pt_BR\" \/>\n<meta property=\"og:type\" content=\"article\" \/>\n<meta property=\"og:title\" content=\"\u201cO Maranh\u00e3o ser\u00e1 refer\u00eancia para o pa\u00eds\u201d, diz Carlos Lula sobre pol\u00edticas da Primeira Inf\u00e2ncia - NOT\u00cdCIAS EM TEMPO REAL\" \/>\n<meta property=\"og:description\" content=\"Autor da lei n\u00b011.984\/2023, que estabelece a Pol\u00edtica Estadual Integrada pela Primeira Inf\u00e2ncia no Maranh\u00e3o, o deputado estadual Carlos Lula\" \/>\n<meta property=\"og:url\" content=\"https:\/\/maranhaotv.com.br\/index.php\/2023\/08\/04\/o-maranhao-sera-referencia-para-o-pais-diz-carlos-lula-sobre-politicas-da-primeira-infancia\/\" \/>\n<meta property=\"og:site_name\" content=\"NOT\u00cdCIAS EM TEMPO REAL\" \/>\n<meta property=\"article:publisher\" content=\"https:\/\/www.facebook.com\/maiobaotv\" \/>\n<meta property=\"article:published_time\" content=\"2023-08-04T19:04:40+00:00\" \/>\n<meta name=\"author\" content=\"maranhaotv\" \/>\n<meta name=\"twitter:card\" content=\"summary_large_image\" \/>\n<meta name=\"twitter:creator\" content=\"@sitemaranhaotv\" \/>\n<meta name=\"twitter:site\" content=\"@sitemaranhaotv\" \/>\n<meta name=\"twitter:label1\" content=\"Escrito por\" \/>\n\t<meta name=\"twitter:data1\" content=\"maranhaotv\" \/>\n\t<meta name=\"twitter:label2\" content=\"Est. tempo de leitura\" \/>\n\t<meta name=\"twitter:data2\" content=\"3 minutos\" \/>\n<script type=\"application\/ld+json\" class=\"yoast-schema-graph\">{\"@context\":\"https:\\\/\\\/schema.org\",\"@graph\":[{\"@type\":\"Article\",\"@id\":\"https:\\\/\\\/maranhaotv.com.br\\\/index.php\\\/2023\\\/08\\\/04\\\/o-maranhao-sera-referencia-para-o-pais-diz-carlos-lula-sobre-politicas-da-primeira-infancia\\\/#article\",\"isPartOf\":{\"@id\":\"https:\\\/\\\/maranhaotv.com.br\\\/index.php\\\/2023\\\/08\\\/04\\\/o-maranhao-sera-referencia-para-o-pais-diz-carlos-lula-sobre-politicas-da-primeira-infancia\\\/\"},\"author\":{\"name\":\"maranhaotv\",\"@id\":\"https:\\\/\\\/maranhaotv.com.br\\\/#\\\/schema\\\/person\\\/3d54238e86b20bb5c89ab2fdb8f8829a\"},\"headline\":\"\u201cO Maranh\u00e3o ser\u00e1 refer\u00eancia para o pa\u00eds\u201d, diz Carlos Lula sobre pol\u00edticas da Primeira Inf\u00e2ncia\",\"datePublished\":\"2023-08-04T19:04:40+00:00\",\"mainEntityOfPage\":{\"@id\":\"https:\\\/\\\/maranhaotv.com.br\\\/index.php\\\/2023\\\/08\\\/04\\\/o-maranhao-sera-referencia-para-o-pais-diz-carlos-lula-sobre-politicas-da-primeira-infancia\\\/\"},\"wordCount\":526,\"commentCount\":0,\"publisher\":{\"@id\":\"https:\\\/\\\/maranhaotv.com.br\\\/#organization\"},\"image\":{\"@id\":\"https:\\\/\\\/maranhaotv.com.br\\\/index.php\\\/2023\\\/08\\\/04\\\/o-maranhao-sera-referencia-para-o-pais-diz-carlos-lula-sobre-politicas-da-primeira-infancia\\\/#primaryimage\"},\"thumbnailUrl\":\"\",\"articleSection\":[\"not\u00edcias\"],\"inLanguage\":\"pt-BR\",\"potentialAction\":[{\"@type\":\"CommentAction\",\"name\":\"Comment\",\"target\":[\"https:\\\/\\\/maranhaotv.com.br\\\/index.php\\\/2023\\\/08\\\/04\\\/o-maranhao-sera-referencia-para-o-pais-diz-carlos-lula-sobre-politicas-da-primeira-infancia\\\/#respond\"]}]},{\"@type\":\"WebPage\",\"@id\":\"https:\\\/\\\/maranhaotv.com.br\\\/index.php\\\/2023\\\/08\\\/04\\\/o-maranhao-sera-referencia-para-o-pais-diz-carlos-lula-sobre-politicas-da-primeira-infancia\\\/\",\"url\":\"https:\\\/\\\/maranhaotv.com.br\\\/index.php\\\/2023\\\/08\\\/04\\\/o-maranhao-sera-referencia-para-o-pais-diz-carlos-lula-sobre-politicas-da-primeira-infancia\\\/\",\"name\":\"\u201cO Maranh\u00e3o ser\u00e1 refer\u00eancia para o pa\u00eds\u201d, diz Carlos Lula sobre pol\u00edticas da Primeira Inf\u00e2ncia - NOT\u00cdCIAS EM TEMPO REAL\",\"isPartOf\":{\"@id\":\"https:\\\/\\\/maranhaotv.com.br\\\/#website\"},\"primaryImageOfPage\":{\"@id\":\"https:\\\/\\\/maranhaotv.com.br\\\/index.php\\\/2023\\\/08\\\/04\\\/o-maranhao-sera-referencia-para-o-pais-diz-carlos-lula-sobre-politicas-da-primeira-infancia\\\/#primaryimage\"},\"image\":{\"@id\":\"https:\\\/\\\/maranhaotv.com.br\\\/index.php\\\/2023\\\/08\\\/04\\\/o-maranhao-sera-referencia-para-o-pais-diz-carlos-lula-sobre-politicas-da-primeira-infancia\\\/#primaryimage\"},\"thumbnailUrl\":\"\",\"datePublished\":\"2023-08-04T19:04:40+00:00\",\"breadcrumb\":{\"@id\":\"https:\\\/\\\/maranhaotv.com.br\\\/index.php\\\/2023\\\/08\\\/04\\\/o-maranhao-sera-referencia-para-o-pais-diz-carlos-lula-sobre-politicas-da-primeira-infancia\\\/#breadcrumb\"},\"inLanguage\":\"pt-BR\",\"potentialAction\":[{\"@type\":\"ReadAction\",\"target\":[\"https:\\\/\\\/maranhaotv.com.br\\\/index.php\\\/2023\\\/08\\\/04\\\/o-maranhao-sera-referencia-para-o-pais-diz-carlos-lula-sobre-politicas-da-primeira-infancia\\\/\"]}]},{\"@type\":\"ImageObject\",\"inLanguage\":\"pt-BR\",\"@id\":\"https:\\\/\\\/maranhaotv.com.br\\\/index.php\\\/2023\\\/08\\\/04\\\/o-maranhao-sera-referencia-para-o-pais-diz-carlos-lula-sobre-politicas-da-primeira-infancia\\\/#primaryimage\",\"url\":\"\",\"contentUrl\":\"\"},{\"@type\":\"BreadcrumbList\",\"@id\":\"https:\\\/\\\/maranhaotv.com.br\\\/index.php\\\/2023\\\/08\\\/04\\\/o-maranhao-sera-referencia-para-o-pais-diz-carlos-lula-sobre-politicas-da-primeira-infancia\\\/#breadcrumb\",\"itemListElement\":[{\"@type\":\"ListItem\",\"position\":1,\"name\":\"In\u00edcio\",\"item\":\"https:\\\/\\\/maranhaotv.com.br\\\/\"},{\"@type\":\"ListItem\",\"position\":2,\"name\":\"\u201cO Maranh\u00e3o ser\u00e1 refer\u00eancia para o pa\u00eds\u201d, diz Carlos Lula sobre pol\u00edticas da Primeira Inf\u00e2ncia\"}]},{\"@type\":\"WebSite\",\"@id\":\"https:\\\/\\\/maranhaotv.com.br\\\/#website\",\"url\":\"https:\\\/\\\/maranhaotv.com.br\\\/\",\"name\":\"Maranh\u00e3oTV\",\"description\":\"\",\"publisher\":{\"@id\":\"https:\\\/\\\/maranhaotv.com.br\\\/#organization\"},\"potentialAction\":[{\"@type\":\"SearchAction\",\"target\":{\"@type\":\"EntryPoint\",\"urlTemplate\":\"https:\\\/\\\/maranhaotv.com.br\\\/?s={search_term_string}\"},\"query-input\":{\"@type\":\"PropertyValueSpecification\",\"valueRequired\":true,\"valueName\":\"search_term_string\"}}],\"inLanguage\":\"pt-BR\"},{\"@type\":\"Organization\",\"@id\":\"https:\\\/\\\/maranhaotv.com.br\\\/#organization\",\"name\":\"Portal de Not\u00edcias\",\"url\":\"https:\\\/\\\/maranhaotv.com.br\\\/\",\"logo\":{\"@type\":\"ImageObject\",\"inLanguage\":\"pt-BR\",\"@id\":\"https:\\\/\\\/maranhaotv.com.br\\\/#\\\/schema\\\/logo\\\/image\\\/\",\"url\":\"https:\\\/\\\/maranhaotv.com.br\\\/wp-content\\\/uploads\\\/2024\\\/05\\\/cropped-cropped-avatar-1.png\",\"contentUrl\":\"https:\\\/\\\/maranhaotv.com.br\\\/wp-content\\\/uploads\\\/2024\\\/05\\\/cropped-cropped-avatar-1.png\",\"width\":792,\"height\":428,\"caption\":\"Portal de Not\u00edcias\"},\"image\":{\"@id\":\"https:\\\/\\\/maranhaotv.com.br\\\/#\\\/schema\\\/logo\\\/image\\\/\"},\"sameAs\":[\"https:\\\/\\\/www.facebook.com\\\/maiobaotv\",\"https:\\\/\\\/x.com\\\/sitemaranhaotv\",\"https:\\\/\\\/www.instagram.com\\\/maranhao.tv\",\"https:\\\/\\\/www.threads.net\\\/@maranhao.tv\"]},{\"@type\":\"Person\",\"@id\":\"https:\\\/\\\/maranhaotv.com.br\\\/#\\\/schema\\\/person\\\/3d54238e86b20bb5c89ab2fdb8f8829a\",\"name\":\"maranhaotv\",\"image\":{\"@type\":\"ImageObject\",\"inLanguage\":\"pt-BR\",\"@id\":\"https:\\\/\\\/secure.gravatar.com\\\/avatar\\\/8fadbca458d4cb68b1dd399ae9a40618d747bb1af65ac9fad21c89220a143eb4?s=96&d=mm&r=g\",\"url\":\"https:\\\/\\\/secure.gravatar.com\\\/avatar\\\/8fadbca458d4cb68b1dd399ae9a40618d747bb1af65ac9fad21c89220a143eb4?s=96&d=mm&r=g\",\"contentUrl\":\"https:\\\/\\\/secure.gravatar.com\\\/avatar\\\/8fadbca458d4cb68b1dd399ae9a40618d747bb1af65ac9fad21c89220a143eb4?s=96&d=mm&r=g\",\"caption\":\"maranhaotv\"},\"sameAs\":[\"https:\\\/\\\/maranhaotv.com.br\\\/\"],\"url\":\"https:\\\/\\\/maranhaotv.com.br\\\/index.php\\\/author\\\/maranhaotv\\\/\"}]}<\/script>\n<!-- \/ Yoast SEO plugin. -->","yoast_head_json":{"title":"\u201cO Maranh\u00e3o ser\u00e1 refer\u00eancia para o pa\u00eds\u201d, diz Carlos Lula sobre pol\u00edticas da Primeira Inf\u00e2ncia - NOT\u00cdCIAS EM TEMPO REAL","robots":{"index":"index","follow":"follow","max-snippet":"max-snippet:-1","max-image-preview":"max-image-preview:large","max-video-preview":"max-video-preview:-1"},"canonical":"https:\/\/maranhaotv.com.br\/index.php\/2023\/08\/04\/o-maranhao-sera-referencia-para-o-pais-diz-carlos-lula-sobre-politicas-da-primeira-infancia\/","og_locale":"pt_BR","og_type":"article","og_title":"\u201cO Maranh\u00e3o ser\u00e1 refer\u00eancia para o pa\u00eds\u201d, diz Carlos Lula sobre pol\u00edticas da Primeira Inf\u00e2ncia - NOT\u00cdCIAS EM TEMPO REAL","og_description":"Autor da lei n\u00b011.984\/2023, que estabelece a Pol\u00edtica Estadual Integrada pela Primeira Inf\u00e2ncia no Maranh\u00e3o, o deputado estadual Carlos Lula","og_url":"https:\/\/maranhaotv.com.br\/index.php\/2023\/08\/04\/o-maranhao-sera-referencia-para-o-pais-diz-carlos-lula-sobre-politicas-da-primeira-infancia\/","og_site_name":"NOT\u00cdCIAS EM TEMPO REAL","article_publisher":"https:\/\/www.facebook.com\/maiobaotv","article_published_time":"2023-08-04T19:04:40+00:00","author":"maranhaotv","twitter_card":"summary_large_image","twitter_creator":"@sitemaranhaotv","twitter_site":"@sitemaranhaotv","twitter_misc":{"Escrito por":"maranhaotv","Est. tempo de leitura":"3 minutos"},"schema":{"@context":"https:\/\/schema.org","@graph":[{"@type":"Article","@id":"https:\/\/maranhaotv.com.br\/index.php\/2023\/08\/04\/o-maranhao-sera-referencia-para-o-pais-diz-carlos-lula-sobre-politicas-da-primeira-infancia\/#article","isPartOf":{"@id":"https:\/\/maranhaotv.com.br\/index.php\/2023\/08\/04\/o-maranhao-sera-referencia-para-o-pais-diz-carlos-lula-sobre-politicas-da-primeira-infancia\/"},"author":{"name":"maranhaotv","@id":"https:\/\/maranhaotv.com.br\/#\/schema\/person\/3d54238e86b20bb5c89ab2fdb8f8829a"},"headline":"\u201cO Maranh\u00e3o ser\u00e1 refer\u00eancia para o pa\u00eds\u201d, diz Carlos Lula sobre pol\u00edticas da Primeira Inf\u00e2ncia","datePublished":"2023-08-04T19:04:40+00:00","mainEntityOfPage":{"@id":"https:\/\/maranhaotv.com.br\/index.php\/2023\/08\/04\/o-maranhao-sera-referencia-para-o-pais-diz-carlos-lula-sobre-politicas-da-primeira-infancia\/"},"wordCount":526,"commentCount":0,"publisher":{"@id":"https:\/\/maranhaotv.com.br\/#organization"},"image":{"@id":"https:\/\/maranhaotv.com.br\/index.php\/2023\/08\/04\/o-maranhao-sera-referencia-para-o-pais-diz-carlos-lula-sobre-politicas-da-primeira-infancia\/#primaryimage"},"thumbnailUrl":"","articleSection":["not\u00edcias"],"inLanguage":"pt-BR","potentialAction":[{"@type":"CommentAction","name":"Comment","target":["https:\/\/maranhaotv.com.br\/index.php\/2023\/08\/04\/o-maranhao-sera-referencia-para-o-pais-diz-carlos-lula-sobre-politicas-da-primeira-infancia\/#respond"]}]},{"@type":"WebPage","@id":"https:\/\/maranhaotv.com.br\/index.php\/2023\/08\/04\/o-maranhao-sera-referencia-para-o-pais-diz-carlos-lula-sobre-politicas-da-primeira-infancia\/","url":"https:\/\/maranhaotv.com.br\/index.php\/2023\/08\/04\/o-maranhao-sera-referencia-para-o-pais-diz-carlos-lula-sobre-politicas-da-primeira-infancia\/","name":"\u201cO Maranh\u00e3o ser\u00e1 refer\u00eancia para o pa\u00eds\u201d, diz Carlos Lula sobre pol\u00edticas da Primeira Inf\u00e2ncia - NOT\u00cdCIAS EM TEMPO REAL","isPartOf":{"@id":"https:\/\/maranhaotv.com.br\/#website"},"primaryImageOfPage":{"@id":"https:\/\/maranhaotv.com.br\/index.php\/2023\/08\/04\/o-maranhao-sera-referencia-para-o-pais-diz-carlos-lula-sobre-politicas-da-primeira-infancia\/#primaryimage"},"image":{"@id":"https:\/\/maranhaotv.com.br\/index.php\/2023\/08\/04\/o-maranhao-sera-referencia-para-o-pais-diz-carlos-lula-sobre-politicas-da-primeira-infancia\/#primaryimage"},"thumbnailUrl":"","datePublished":"2023-08-04T19:04:40+00:00","breadcrumb":{"@id":"https:\/\/maranhaotv.com.br\/index.php\/2023\/08\/04\/o-maranhao-sera-referencia-para-o-pais-diz-carlos-lula-sobre-politicas-da-primeira-infancia\/#breadcrumb"},"inLanguage":"pt-BR","potentialAction":[{"@type":"ReadAction","target":["https:\/\/maranhaotv.com.br\/index.php\/2023\/08\/04\/o-maranhao-sera-referencia-para-o-pais-diz-carlos-lula-sobre-politicas-da-primeira-infancia\/"]}]},{"@type":"ImageObject","inLanguage":"pt-BR","@id":"https:\/\/maranhaotv.com.br\/index.php\/2023\/08\/04\/o-maranhao-sera-referencia-para-o-pais-diz-carlos-lula-sobre-politicas-da-primeira-infancia\/#primaryimage","url":"","contentUrl":""},{"@type":"BreadcrumbList","@id":"https:\/\/maranhaotv.com.br\/index.php\/2023\/08\/04\/o-maranhao-sera-referencia-para-o-pais-diz-carlos-lula-sobre-politicas-da-primeira-infancia\/#breadcrumb","itemListElement":[{"@type":"ListItem","position":1,"name":"In\u00edcio","item":"https:\/\/maranhaotv.com.br\/"},{"@type":"ListItem","position":2,"name":"\u201cO Maranh\u00e3o ser\u00e1 refer\u00eancia para o pa\u00eds\u201d, diz Carlos Lula sobre pol\u00edticas da Primeira Inf\u00e2ncia"}]},{"@type":"WebSite","@id":"https:\/\/maranhaotv.com.br\/#website","url":"https:\/\/maranhaotv.com.br\/","name":"Maranh\u00e3oTV","description":"","publisher":{"@id":"https:\/\/maranhaotv.com.br\/#organization"},"potentialAction":[{"@type":"SearchAction","target":{"@type":"EntryPoint","urlTemplate":"https:\/\/maranhaotv.com.br\/?s={search_term_string}"},"query-input":{"@type":"PropertyValueSpecification","valueRequired":true,"valueName":"search_term_string"}}],"inLanguage":"pt-BR"},{"@type":"Organization","@id":"https:\/\/maranhaotv.com.br\/#organization","name":"Portal de Not\u00edcias","url":"https:\/\/maranhaotv.com.br\/","logo":{"@type":"ImageObject","inLanguage":"pt-BR","@id":"https:\/\/maranhaotv.com.br\/#\/schema\/logo\/image\/","url":"https:\/\/maranhaotv.com.br\/wp-content\/uploads\/2024\/05\/cropped-cropped-avatar-1.png","contentUrl":"https:\/\/maranhaotv.com.br\/wp-content\/uploads\/2024\/05\/cropped-cropped-avatar-1.png","width":792,"height":428,"caption":"Portal de Not\u00edcias"},"image":{"@id":"https:\/\/maranhaotv.com.br\/#\/schema\/logo\/image\/"},"sameAs":["https:\/\/www.facebook.com\/maiobaotv","https:\/\/x.com\/sitemaranhaotv","https:\/\/www.instagram.com\/maranhao.tv","https:\/\/www.threads.net\/@maranhao.tv"]},{"@type":"Person","@id":"https:\/\/maranhaotv.com.br\/#\/schema\/person\/3d54238e86b20bb5c89ab2fdb8f8829a","name":"maranhaotv","image":{"@type":"ImageObject","inLanguage":"pt-BR","@id":"https:\/\/secure.gravatar.com\/avatar\/8fadbca458d4cb68b1dd399ae9a40618d747bb1af65ac9fad21c89220a143eb4?s=96&d=mm&r=g","url":"https:\/\/secure.gravatar.com\/avatar\/8fadbca458d4cb68b1dd399ae9a40618d747bb1af65ac9fad21c89220a143eb4?s=96&d=mm&r=g","contentUrl":"https:\/\/secure.gravatar.com\/avatar\/8fadbca458d4cb68b1dd399ae9a40618d747bb1af65ac9fad21c89220a143eb4?s=96&d=mm&r=g","caption":"maranhaotv"},"sameAs":["https:\/\/maranhaotv.com.br\/"],"url":"https:\/\/maranhaotv.com.br\/index.php\/author\/maranhaotv\/"}]}},"jetpack_featured_media_url":"","jetpack_sharing_enabled":true,"_links":{"self":[{"href":"https:\/\/maranhaotv.com.br\/index.php\/wp-json\/wp\/v2\/posts\/32555","targetHints":{"allow":["GET"]}}],"collection":[{"href":"https:\/\/maranhaotv.com.br\/index.php\/wp-json\/wp\/v2\/posts"}],"about":[{"href":"https:\/\/maranhaotv.com.br\/index.php\/wp-json\/wp\/v2\/types\/post"}],"author":[{"embeddable":true,"href":"https:\/\/maranhaotv.com.br\/index.php\/wp-json\/wp\/v2\/users\/2"}],"replies":[{"embeddable":true,"href":"https:\/\/maranhaotv.com.br\/index.php\/wp-json\/wp\/v2\/comments?post=32555"}],"version-history":[{"count":0,"href":"https:\/\/maranhaotv.com.br\/index.php\/wp-json\/wp\/v2\/posts\/32555\/revisions"}],"wp:featuredmedia":[{"embeddable":true,"href":"https:\/\/maranhaotv.com.br\/index.php\/wp-json\/"}],"wp:attachment":[{"href":"https:\/\/maranhaotv.com.br\/index.php\/wp-json\/wp\/v2\/media?parent=32555"}],"wp:term":[{"taxonomy":"category","embeddable":true,"href":"https:\/\/maranhaotv.com.br\/index.php\/wp-json\/wp\/v2\/categories?post=32555"},{"taxonomy":"post_tag","embeddable":true,"href":"https:\/\/maranhaotv.com.br\/index.php\/wp-json\/wp\/v2\/tags?post=32555"}],"curies":[{"name":"wp","href":"https:\/\/api.w.org\/{rel}","templated":true}]}}