{"id":32809,"date":"2023-09-04T07:17:42","date_gmt":"2023-09-04T10:17:42","guid":{"rendered":"https:\/\/maranhaotv.com.br\/?p=32809"},"modified":"2023-09-04T07:17:42","modified_gmt":"2023-09-04T10:17:42","slug":"com-recorde-de-publico-festival-maranhense-da-cachaca-encerra-sua-segunda-edicao-com-sucesso","status":"publish","type":"post","link":"https:\/\/maranhaotv.com.br\/index.php\/2023\/09\/04\/com-recorde-de-publico-festival-maranhense-da-cachaca-encerra-sua-segunda-edicao-com-sucesso\/","title":{"rendered":"Com recorde de p\u00fablico Festival Maranhense da cacha\u00e7a encerra sua segunda edi\u00e7\u00e3o com sucesso"},"content":{"rendered":"\n<p><br><br>Entre os dias 31 de Agosto a 2 de Setembro, o Maranh\u00e3o vivenciou e experienciou mais uma vez a cultura local em sua totalidade, gra\u00e7as ao Festival Maranhense da cacha\u00e7a, que foi um grande sucesso na sua segunda edi\u00e7\u00e3o.<br><br>Esse ano o festival, contou com 10 marcas de bebidas destiladas que s\u00e3o rotuladas, todas tiveram estandes montados em lugares estrat\u00e9gicos do evento, onde o p\u00fablico pode degustar e comprar as de sua prefer\u00eancia. Os destilados participantes foram: Gin Lunar, Cacha\u00e7a Lorena, cacha\u00e7a Reserva do Zito, cacha\u00e7a Baronesa, cacha\u00e7a Vale do Brej\u00e3o, cacha\u00e7a Vale do Riach\u00e3o, cacha\u00e7a Capotira, cacha\u00e7a Mestre Cana, cacha\u00e7a Santo Ambr\u00f3sio e Tiquira Guaaja. <br><br>O festival contou com marcas premiadas a exemplo da cacha\u00e7a Reserva do Zito que est\u00e1 entre a 250 cacha\u00e7as mais queridas do Brasil e a tiquira Guaaja, uma bebida sofisticada, considerada\u00b4tropical chic\u00b4, 100% brasileira e de reconhecimento internacional.<br><br>Durante os tr\u00eas dias, o maior festival da cadeia produtiva da cacha\u00e7a no Norte e Nordeste recebeu um p\u00fablico estimado de 30 mil pessoas, que puderam curtir muita m\u00fasica boa com atra\u00e7\u00f5es incr\u00edveis e que tamb\u00e9m vivenciaram muitos sabores proporcionados por v\u00e1rios expositores que participaram dessa edi\u00e7\u00e3o; al\u00e9m das cacha\u00e7as, o evento contou com marcas de cervejas, espumantes, fest food, restaurantes, p\u00e3es, geleias, lingui\u00e7as e outros.<br><br>No encerramento do festival, o governador do Maranh\u00e3o,Carlos Brand\u00e3o, esteve visitando os estandes em comitiva e destacou a import\u00e2ncia de um evento como esse para o estado.<br><br>\u201cEssa feira \u00e9 de extrema import\u00e2ncia porque fortalece os pequenos e m\u00e9dios empres\u00e1rios, que s\u00e3o respons\u00e1veis pela maioria dos empregos gerados no estado. Por isso o Governo do Maranh\u00e3o apoia a iniciativa para garantir o desenvolvimento da cadeia produtiva, gerando emprego e renda\u201d, disse o governador Carlos Brand\u00e3o.<br><br>Esse ano o evento foi palco de um marco que vai entrar para hist\u00f3ria, em uma r\u00e1pida solenidade dentro do festival o governador Carlos Brand\u00e3o, assinou o registro da Tiquira como Patrim\u00f4nio Cultural Imaterial Maranhense. <br><br>\u201c\u00c9 uma data importante para se festejar esta conquista. \u00c9 uma felicidade n\u00e3o s\u00f3 para as marcas de cacha\u00e7a, mas tamb\u00e9m para quem produz Tiquira e a agricultura como um todo, j\u00e1 que a nossa Tiquira \u00e9 feita da mandioca\u201d, disse o coordenador do Festival da Cacha\u00e7a Maranhense, Anderson Galdino.\u00a0<br><br>O festival foi realizado pelo Instituto Ecobio e SindiBebidas, contando com o apoio de institui\u00e7\u00f5es como FIEMA, SEBRAE, SENAI,SENAR, Banco do Nordeste, Prefeitura de S\u00e3o Lu\u00eds, Governo do Maranh\u00e3o e Governo Federal. <br><br>Veja todos a lista de expositores da 2\u00ba edi\u00e7\u00e3o do festival maranhense da cacha\u00e7a<br><br>Rio Valley &#8211; Frisantes<br>Smoke <br>Oficina Burguer <br>Crioullas<br>Pastel Loco<br>Pastel Carioca<br>BullDog <br>Casa Rossini SteakHouse<br>Churrasco Do Vaqueiro <br>Deli Crepe<br>Rambeer<br>Agnes<br>Revis o sabor de Reviver<br>Bumba meu Drink<br>Alambik Drink<br>Zest Drinks<br>Brastampas<br>Li Trajano<br>Emp\u00f3rio das Artes<br>Loja do Sampaio Corr\u00eaa<br>\u00c1gua Pur\u00edssima<br>Braseiro Lingui\u00e7as Gourmet<br>Concession\u00e1ria Honda<br>Concession\u00e1ria Nissan<br>Munic\u00edpio de Santana<br>Contabilidade Ecoa<br>Ultra Games<br>Click360<br>S\u00f3 Sa\u00fade Medicina Ocupacional<\/p>\n\n\n\n<figure class=\"wp-block-image size-large\"><img decoding=\"async\" src=\"https:\/\/maranhaotv.com.br\/wp-content\/uploads\/2023\/09\/IMG-20230904-WA0025-1024x682.jpg\" alt=\"\" class=\"wp-image-32805\"\/><\/figure>\n\n\n\n<figure class=\"wp-block-image\"><img decoding=\"async\" src=\"https:\/\/maranhaotv.com.br\/wp-content\/uploads\/2023\/09\/IMG-20230904-WA0027-1024x682.jpg\" alt=\"\" class=\"wp-image-32807\"\/><\/figure>\n\n\n\n<figure class=\"wp-block-image\"><img decoding=\"async\" src=\"https:\/\/maranhaotv.com.br\/wp-content\/uploads\/2023\/09\/IMG-20230904-WA0026-1024x682.jpg\" alt=\"\" class=\"wp-image-32806\"\/><\/figure>\n","protected":false},"excerpt":{"rendered":"<p>Entre os dias 31 de Agosto a 2 de Setembro, o Maranh\u00e3o vivenciou e experienciou mais uma vez a cultura<\/p>\n","protected":false},"author":2,"featured_media":32808,"comment_status":"open","ping_status":"open","sticky":false,"template":"","format":"standard","meta":{"colormag_page_container_layout":"default_layout","colormag_page_sidebar_layout":"default_layout","_jetpack_memberships_contains_paid_content":false,"footnotes":""},"categories":[306],"tags":[],"class_list":["post-32809","post","type-post","status-publish","format-standard","has-post-thumbnail","hentry","category-entretenimento"],"magazineBlocksPostFeaturedMedia":{"thumbnail":false,"medium":false,"medium_large":false,"large":false,"1536x1536":false,"2048x2048":false,"colormag-highlighted-post":false,"colormag-featured-post-medium":false,"colormag-featured-post-small":false,"colormag-featured-image":false,"colormag-default-news":false,"colormag-featured-image-large":false},"magazineBlocksPostAuthor":{"name":"maranhaotv","avatar":"https:\/\/secure.gravatar.com\/avatar\/8fadbca458d4cb68b1dd399ae9a40618d747bb1af65ac9fad21c89220a143eb4?s=96&d=mm&r=g"},"magazineBlocksPostCommentsNumber":"0","magazineBlocksPostExcerpt":"Entre os dias 31 de Agosto a 2 de Setembro, o Maranh\u00e3o vivenciou e experienciou mais uma vez a cultura","magazineBlocksPostCategories":["entretenimento"],"magazineBlocksPostViewCount":239,"magazineBlocksPostReadTime":3,"magazine_blocks_featured_image_url":{"full":false,"medium":false,"thumbnail":false},"magazine_blocks_author":{"display_name":"maranhaotv","author_link":"https:\/\/maranhaotv.com.br\/index.php\/author\/maranhaotv\/"},"magazine_blocks_comment":0,"magazine_blocks_author_image":"https:\/\/secure.gravatar.com\/avatar\/8fadbca458d4cb68b1dd399ae9a40618d747bb1af65ac9fad21c89220a143eb4?s=96&d=mm&r=g","magazine_blocks_category":"<a href=\"#\" class=\"category-link category-link-306\">entretenimento<\/a>","yoast_head":"<!-- This site is optimized with the Yoast SEO plugin v27.4 - https:\/\/yoast.com\/product\/yoast-seo-wordpress\/ -->\n<title>Com recorde de p\u00fablico Festival Maranhense da cacha\u00e7a encerra sua segunda edi\u00e7\u00e3o com sucesso - NOT\u00cdCIAS EM TEMPO REAL<\/title>\n<meta name=\"robots\" content=\"index, follow, max-snippet:-1, max-image-preview:large, max-video-preview:-1\" \/>\n<link rel=\"canonical\" href=\"https:\/\/maranhaotv.com.br\/index.php\/2023\/09\/04\/com-recorde-de-publico-festival-maranhense-da-cachaca-encerra-sua-segunda-edicao-com-sucesso\/\" \/>\n<meta property=\"og:locale\" content=\"pt_BR\" \/>\n<meta property=\"og:type\" content=\"article\" \/>\n<meta property=\"og:title\" content=\"Com recorde de p\u00fablico Festival Maranhense da cacha\u00e7a encerra sua segunda edi\u00e7\u00e3o com sucesso - NOT\u00cdCIAS EM TEMPO REAL\" \/>\n<meta property=\"og:description\" content=\"Entre os dias 31 de Agosto a 2 de Setembro, o Maranh\u00e3o vivenciou e experienciou mais uma vez a cultura\" \/>\n<meta property=\"og:url\" content=\"https:\/\/maranhaotv.com.br\/index.php\/2023\/09\/04\/com-recorde-de-publico-festival-maranhense-da-cachaca-encerra-sua-segunda-edicao-com-sucesso\/\" \/>\n<meta property=\"og:site_name\" content=\"NOT\u00cdCIAS EM TEMPO REAL\" \/>\n<meta property=\"article:publisher\" content=\"https:\/\/www.facebook.com\/maiobaotv\" \/>\n<meta property=\"article:published_time\" content=\"2023-09-04T10:17:42+00:00\" \/>\n<meta name=\"author\" content=\"maranhaotv\" \/>\n<meta name=\"twitter:card\" content=\"summary_large_image\" \/>\n<meta name=\"twitter:creator\" content=\"@sitemaranhaotv\" \/>\n<meta name=\"twitter:site\" content=\"@sitemaranhaotv\" \/>\n<meta name=\"twitter:label1\" content=\"Escrito por\" \/>\n\t<meta name=\"twitter:data1\" content=\"maranhaotv\" \/>\n\t<meta name=\"twitter:label2\" content=\"Est. tempo de leitura\" \/>\n\t<meta name=\"twitter:data2\" content=\"3 minutos\" \/>\n<script type=\"application\/ld+json\" class=\"yoast-schema-graph\">{\"@context\":\"https:\\\/\\\/schema.org\",\"@graph\":[{\"@type\":\"Article\",\"@id\":\"https:\\\/\\\/maranhaotv.com.br\\\/index.php\\\/2023\\\/09\\\/04\\\/com-recorde-de-publico-festival-maranhense-da-cachaca-encerra-sua-segunda-edicao-com-sucesso\\\/#article\",\"isPartOf\":{\"@id\":\"https:\\\/\\\/maranhaotv.com.br\\\/index.php\\\/2023\\\/09\\\/04\\\/com-recorde-de-publico-festival-maranhense-da-cachaca-encerra-sua-segunda-edicao-com-sucesso\\\/\"},\"author\":{\"name\":\"maranhaotv\",\"@id\":\"https:\\\/\\\/maranhaotv.com.br\\\/#\\\/schema\\\/person\\\/3d54238e86b20bb5c89ab2fdb8f8829a\"},\"headline\":\"Com recorde de p\u00fablico Festival Maranhense da cacha\u00e7a encerra sua segunda edi\u00e7\u00e3o com sucesso\",\"datePublished\":\"2023-09-04T10:17:42+00:00\",\"mainEntityOfPage\":{\"@id\":\"https:\\\/\\\/maranhaotv.com.br\\\/index.php\\\/2023\\\/09\\\/04\\\/com-recorde-de-publico-festival-maranhense-da-cachaca-encerra-sua-segunda-edicao-com-sucesso\\\/\"},\"wordCount\":535,\"commentCount\":0,\"publisher\":{\"@id\":\"https:\\\/\\\/maranhaotv.com.br\\\/#organization\"},\"image\":{\"@id\":\"https:\\\/\\\/maranhaotv.com.br\\\/index.php\\\/2023\\\/09\\\/04\\\/com-recorde-de-publico-festival-maranhense-da-cachaca-encerra-sua-segunda-edicao-com-sucesso\\\/#primaryimage\"},\"thumbnailUrl\":\"\",\"articleSection\":[\"entretenimento\"],\"inLanguage\":\"pt-BR\",\"potentialAction\":[{\"@type\":\"CommentAction\",\"name\":\"Comment\",\"target\":[\"https:\\\/\\\/maranhaotv.com.br\\\/index.php\\\/2023\\\/09\\\/04\\\/com-recorde-de-publico-festival-maranhense-da-cachaca-encerra-sua-segunda-edicao-com-sucesso\\\/#respond\"]}]},{\"@type\":\"WebPage\",\"@id\":\"https:\\\/\\\/maranhaotv.com.br\\\/index.php\\\/2023\\\/09\\\/04\\\/com-recorde-de-publico-festival-maranhense-da-cachaca-encerra-sua-segunda-edicao-com-sucesso\\\/\",\"url\":\"https:\\\/\\\/maranhaotv.com.br\\\/index.php\\\/2023\\\/09\\\/04\\\/com-recorde-de-publico-festival-maranhense-da-cachaca-encerra-sua-segunda-edicao-com-sucesso\\\/\",\"name\":\"Com recorde de p\u00fablico Festival Maranhense da cacha\u00e7a encerra sua segunda edi\u00e7\u00e3o com sucesso - NOT\u00cdCIAS EM TEMPO REAL\",\"isPartOf\":{\"@id\":\"https:\\\/\\\/maranhaotv.com.br\\\/#website\"},\"primaryImageOfPage\":{\"@id\":\"https:\\\/\\\/maranhaotv.com.br\\\/index.php\\\/2023\\\/09\\\/04\\\/com-recorde-de-publico-festival-maranhense-da-cachaca-encerra-sua-segunda-edicao-com-sucesso\\\/#primaryimage\"},\"image\":{\"@id\":\"https:\\\/\\\/maranhaotv.com.br\\\/index.php\\\/2023\\\/09\\\/04\\\/com-recorde-de-publico-festival-maranhense-da-cachaca-encerra-sua-segunda-edicao-com-sucesso\\\/#primaryimage\"},\"thumbnailUrl\":\"\",\"datePublished\":\"2023-09-04T10:17:42+00:00\",\"breadcrumb\":{\"@id\":\"https:\\\/\\\/maranhaotv.com.br\\\/index.php\\\/2023\\\/09\\\/04\\\/com-recorde-de-publico-festival-maranhense-da-cachaca-encerra-sua-segunda-edicao-com-sucesso\\\/#breadcrumb\"},\"inLanguage\":\"pt-BR\",\"potentialAction\":[{\"@type\":\"ReadAction\",\"target\":[\"https:\\\/\\\/maranhaotv.com.br\\\/index.php\\\/2023\\\/09\\\/04\\\/com-recorde-de-publico-festival-maranhense-da-cachaca-encerra-sua-segunda-edicao-com-sucesso\\\/\"]}]},{\"@type\":\"ImageObject\",\"inLanguage\":\"pt-BR\",\"@id\":\"https:\\\/\\\/maranhaotv.com.br\\\/index.php\\\/2023\\\/09\\\/04\\\/com-recorde-de-publico-festival-maranhense-da-cachaca-encerra-sua-segunda-edicao-com-sucesso\\\/#primaryimage\",\"url\":\"\",\"contentUrl\":\"\"},{\"@type\":\"BreadcrumbList\",\"@id\":\"https:\\\/\\\/maranhaotv.com.br\\\/index.php\\\/2023\\\/09\\\/04\\\/com-recorde-de-publico-festival-maranhense-da-cachaca-encerra-sua-segunda-edicao-com-sucesso\\\/#breadcrumb\",\"itemListElement\":[{\"@type\":\"ListItem\",\"position\":1,\"name\":\"In\u00edcio\",\"item\":\"https:\\\/\\\/maranhaotv.com.br\\\/\"},{\"@type\":\"ListItem\",\"position\":2,\"name\":\"Com recorde de p\u00fablico Festival Maranhense da cacha\u00e7a encerra sua segunda edi\u00e7\u00e3o com sucesso\"}]},{\"@type\":\"WebSite\",\"@id\":\"https:\\\/\\\/maranhaotv.com.br\\\/#website\",\"url\":\"https:\\\/\\\/maranhaotv.com.br\\\/\",\"name\":\"Maranh\u00e3oTV\",\"description\":\"\",\"publisher\":{\"@id\":\"https:\\\/\\\/maranhaotv.com.br\\\/#organization\"},\"potentialAction\":[{\"@type\":\"SearchAction\",\"target\":{\"@type\":\"EntryPoint\",\"urlTemplate\":\"https:\\\/\\\/maranhaotv.com.br\\\/?s={search_term_string}\"},\"query-input\":{\"@type\":\"PropertyValueSpecification\",\"valueRequired\":true,\"valueName\":\"search_term_string\"}}],\"inLanguage\":\"pt-BR\"},{\"@type\":\"Organization\",\"@id\":\"https:\\\/\\\/maranhaotv.com.br\\\/#organization\",\"name\":\"Portal de Not\u00edcias\",\"url\":\"https:\\\/\\\/maranhaotv.com.br\\\/\",\"logo\":{\"@type\":\"ImageObject\",\"inLanguage\":\"pt-BR\",\"@id\":\"https:\\\/\\\/maranhaotv.com.br\\\/#\\\/schema\\\/logo\\\/image\\\/\",\"url\":\"https:\\\/\\\/maranhaotv.com.br\\\/wp-content\\\/uploads\\\/2024\\\/05\\\/cropped-cropped-avatar-1.png\",\"contentUrl\":\"https:\\\/\\\/maranhaotv.com.br\\\/wp-content\\\/uploads\\\/2024\\\/05\\\/cropped-cropped-avatar-1.png\",\"width\":792,\"height\":428,\"caption\":\"Portal de Not\u00edcias\"},\"image\":{\"@id\":\"https:\\\/\\\/maranhaotv.com.br\\\/#\\\/schema\\\/logo\\\/image\\\/\"},\"sameAs\":[\"https:\\\/\\\/www.facebook.com\\\/maiobaotv\",\"https:\\\/\\\/x.com\\\/sitemaranhaotv\",\"https:\\\/\\\/www.instagram.com\\\/maranhao.tv\",\"https:\\\/\\\/www.threads.net\\\/@maranhao.tv\"]},{\"@type\":\"Person\",\"@id\":\"https:\\\/\\\/maranhaotv.com.br\\\/#\\\/schema\\\/person\\\/3d54238e86b20bb5c89ab2fdb8f8829a\",\"name\":\"maranhaotv\",\"image\":{\"@type\":\"ImageObject\",\"inLanguage\":\"pt-BR\",\"@id\":\"https:\\\/\\\/secure.gravatar.com\\\/avatar\\\/8fadbca458d4cb68b1dd399ae9a40618d747bb1af65ac9fad21c89220a143eb4?s=96&d=mm&r=g\",\"url\":\"https:\\\/\\\/secure.gravatar.com\\\/avatar\\\/8fadbca458d4cb68b1dd399ae9a40618d747bb1af65ac9fad21c89220a143eb4?s=96&d=mm&r=g\",\"contentUrl\":\"https:\\\/\\\/secure.gravatar.com\\\/avatar\\\/8fadbca458d4cb68b1dd399ae9a40618d747bb1af65ac9fad21c89220a143eb4?s=96&d=mm&r=g\",\"caption\":\"maranhaotv\"},\"sameAs\":[\"https:\\\/\\\/maranhaotv.com.br\\\/\"],\"url\":\"https:\\\/\\\/maranhaotv.com.br\\\/index.php\\\/author\\\/maranhaotv\\\/\"}]}<\/script>\n<!-- \/ Yoast SEO plugin. -->","yoast_head_json":{"title":"Com recorde de p\u00fablico Festival Maranhense da cacha\u00e7a encerra sua segunda edi\u00e7\u00e3o com sucesso - NOT\u00cdCIAS EM TEMPO REAL","robots":{"index":"index","follow":"follow","max-snippet":"max-snippet:-1","max-image-preview":"max-image-preview:large","max-video-preview":"max-video-preview:-1"},"canonical":"https:\/\/maranhaotv.com.br\/index.php\/2023\/09\/04\/com-recorde-de-publico-festival-maranhense-da-cachaca-encerra-sua-segunda-edicao-com-sucesso\/","og_locale":"pt_BR","og_type":"article","og_title":"Com recorde de p\u00fablico Festival Maranhense da cacha\u00e7a encerra sua segunda edi\u00e7\u00e3o com sucesso - NOT\u00cdCIAS EM TEMPO REAL","og_description":"Entre os dias 31 de Agosto a 2 de Setembro, o Maranh\u00e3o vivenciou e experienciou mais uma vez a cultura","og_url":"https:\/\/maranhaotv.com.br\/index.php\/2023\/09\/04\/com-recorde-de-publico-festival-maranhense-da-cachaca-encerra-sua-segunda-edicao-com-sucesso\/","og_site_name":"NOT\u00cdCIAS EM TEMPO REAL","article_publisher":"https:\/\/www.facebook.com\/maiobaotv","article_published_time":"2023-09-04T10:17:42+00:00","author":"maranhaotv","twitter_card":"summary_large_image","twitter_creator":"@sitemaranhaotv","twitter_site":"@sitemaranhaotv","twitter_misc":{"Escrito por":"maranhaotv","Est. tempo de leitura":"3 minutos"},"schema":{"@context":"https:\/\/schema.org","@graph":[{"@type":"Article","@id":"https:\/\/maranhaotv.com.br\/index.php\/2023\/09\/04\/com-recorde-de-publico-festival-maranhense-da-cachaca-encerra-sua-segunda-edicao-com-sucesso\/#article","isPartOf":{"@id":"https:\/\/maranhaotv.com.br\/index.php\/2023\/09\/04\/com-recorde-de-publico-festival-maranhense-da-cachaca-encerra-sua-segunda-edicao-com-sucesso\/"},"author":{"name":"maranhaotv","@id":"https:\/\/maranhaotv.com.br\/#\/schema\/person\/3d54238e86b20bb5c89ab2fdb8f8829a"},"headline":"Com recorde de p\u00fablico Festival Maranhense da cacha\u00e7a encerra sua segunda edi\u00e7\u00e3o com sucesso","datePublished":"2023-09-04T10:17:42+00:00","mainEntityOfPage":{"@id":"https:\/\/maranhaotv.com.br\/index.php\/2023\/09\/04\/com-recorde-de-publico-festival-maranhense-da-cachaca-encerra-sua-segunda-edicao-com-sucesso\/"},"wordCount":535,"commentCount":0,"publisher":{"@id":"https:\/\/maranhaotv.com.br\/#organization"},"image":{"@id":"https:\/\/maranhaotv.com.br\/index.php\/2023\/09\/04\/com-recorde-de-publico-festival-maranhense-da-cachaca-encerra-sua-segunda-edicao-com-sucesso\/#primaryimage"},"thumbnailUrl":"","articleSection":["entretenimento"],"inLanguage":"pt-BR","potentialAction":[{"@type":"CommentAction","name":"Comment","target":["https:\/\/maranhaotv.com.br\/index.php\/2023\/09\/04\/com-recorde-de-publico-festival-maranhense-da-cachaca-encerra-sua-segunda-edicao-com-sucesso\/#respond"]}]},{"@type":"WebPage","@id":"https:\/\/maranhaotv.com.br\/index.php\/2023\/09\/04\/com-recorde-de-publico-festival-maranhense-da-cachaca-encerra-sua-segunda-edicao-com-sucesso\/","url":"https:\/\/maranhaotv.com.br\/index.php\/2023\/09\/04\/com-recorde-de-publico-festival-maranhense-da-cachaca-encerra-sua-segunda-edicao-com-sucesso\/","name":"Com recorde de p\u00fablico Festival Maranhense da cacha\u00e7a encerra sua segunda edi\u00e7\u00e3o com sucesso - NOT\u00cdCIAS EM TEMPO REAL","isPartOf":{"@id":"https:\/\/maranhaotv.com.br\/#website"},"primaryImageOfPage":{"@id":"https:\/\/maranhaotv.com.br\/index.php\/2023\/09\/04\/com-recorde-de-publico-festival-maranhense-da-cachaca-encerra-sua-segunda-edicao-com-sucesso\/#primaryimage"},"image":{"@id":"https:\/\/maranhaotv.com.br\/index.php\/2023\/09\/04\/com-recorde-de-publico-festival-maranhense-da-cachaca-encerra-sua-segunda-edicao-com-sucesso\/#primaryimage"},"thumbnailUrl":"","datePublished":"2023-09-04T10:17:42+00:00","breadcrumb":{"@id":"https:\/\/maranhaotv.com.br\/index.php\/2023\/09\/04\/com-recorde-de-publico-festival-maranhense-da-cachaca-encerra-sua-segunda-edicao-com-sucesso\/#breadcrumb"},"inLanguage":"pt-BR","potentialAction":[{"@type":"ReadAction","target":["https:\/\/maranhaotv.com.br\/index.php\/2023\/09\/04\/com-recorde-de-publico-festival-maranhense-da-cachaca-encerra-sua-segunda-edicao-com-sucesso\/"]}]},{"@type":"ImageObject","inLanguage":"pt-BR","@id":"https:\/\/maranhaotv.com.br\/index.php\/2023\/09\/04\/com-recorde-de-publico-festival-maranhense-da-cachaca-encerra-sua-segunda-edicao-com-sucesso\/#primaryimage","url":"","contentUrl":""},{"@type":"BreadcrumbList","@id":"https:\/\/maranhaotv.com.br\/index.php\/2023\/09\/04\/com-recorde-de-publico-festival-maranhense-da-cachaca-encerra-sua-segunda-edicao-com-sucesso\/#breadcrumb","itemListElement":[{"@type":"ListItem","position":1,"name":"In\u00edcio","item":"https:\/\/maranhaotv.com.br\/"},{"@type":"ListItem","position":2,"name":"Com recorde de p\u00fablico Festival Maranhense da cacha\u00e7a encerra sua segunda edi\u00e7\u00e3o com sucesso"}]},{"@type":"WebSite","@id":"https:\/\/maranhaotv.com.br\/#website","url":"https:\/\/maranhaotv.com.br\/","name":"Maranh\u00e3oTV","description":"","publisher":{"@id":"https:\/\/maranhaotv.com.br\/#organization"},"potentialAction":[{"@type":"SearchAction","target":{"@type":"EntryPoint","urlTemplate":"https:\/\/maranhaotv.com.br\/?s={search_term_string}"},"query-input":{"@type":"PropertyValueSpecification","valueRequired":true,"valueName":"search_term_string"}}],"inLanguage":"pt-BR"},{"@type":"Organization","@id":"https:\/\/maranhaotv.com.br\/#organization","name":"Portal de Not\u00edcias","url":"https:\/\/maranhaotv.com.br\/","logo":{"@type":"ImageObject","inLanguage":"pt-BR","@id":"https:\/\/maranhaotv.com.br\/#\/schema\/logo\/image\/","url":"https:\/\/maranhaotv.com.br\/wp-content\/uploads\/2024\/05\/cropped-cropped-avatar-1.png","contentUrl":"https:\/\/maranhaotv.com.br\/wp-content\/uploads\/2024\/05\/cropped-cropped-avatar-1.png","width":792,"height":428,"caption":"Portal de Not\u00edcias"},"image":{"@id":"https:\/\/maranhaotv.com.br\/#\/schema\/logo\/image\/"},"sameAs":["https:\/\/www.facebook.com\/maiobaotv","https:\/\/x.com\/sitemaranhaotv","https:\/\/www.instagram.com\/maranhao.tv","https:\/\/www.threads.net\/@maranhao.tv"]},{"@type":"Person","@id":"https:\/\/maranhaotv.com.br\/#\/schema\/person\/3d54238e86b20bb5c89ab2fdb8f8829a","name":"maranhaotv","image":{"@type":"ImageObject","inLanguage":"pt-BR","@id":"https:\/\/secure.gravatar.com\/avatar\/8fadbca458d4cb68b1dd399ae9a40618d747bb1af65ac9fad21c89220a143eb4?s=96&d=mm&r=g","url":"https:\/\/secure.gravatar.com\/avatar\/8fadbca458d4cb68b1dd399ae9a40618d747bb1af65ac9fad21c89220a143eb4?s=96&d=mm&r=g","contentUrl":"https:\/\/secure.gravatar.com\/avatar\/8fadbca458d4cb68b1dd399ae9a40618d747bb1af65ac9fad21c89220a143eb4?s=96&d=mm&r=g","caption":"maranhaotv"},"sameAs":["https:\/\/maranhaotv.com.br\/"],"url":"https:\/\/maranhaotv.com.br\/index.php\/author\/maranhaotv\/"}]}},"jetpack_featured_media_url":"","jetpack_sharing_enabled":true,"_links":{"self":[{"href":"https:\/\/maranhaotv.com.br\/index.php\/wp-json\/wp\/v2\/posts\/32809","targetHints":{"allow":["GET"]}}],"collection":[{"href":"https:\/\/maranhaotv.com.br\/index.php\/wp-json\/wp\/v2\/posts"}],"about":[{"href":"https:\/\/maranhaotv.com.br\/index.php\/wp-json\/wp\/v2\/types\/post"}],"author":[{"embeddable":true,"href":"https:\/\/maranhaotv.com.br\/index.php\/wp-json\/wp\/v2\/users\/2"}],"replies":[{"embeddable":true,"href":"https:\/\/maranhaotv.com.br\/index.php\/wp-json\/wp\/v2\/comments?post=32809"}],"version-history":[{"count":0,"href":"https:\/\/maranhaotv.com.br\/index.php\/wp-json\/wp\/v2\/posts\/32809\/revisions"}],"wp:featuredmedia":[{"embeddable":true,"href":"https:\/\/maranhaotv.com.br\/index.php\/wp-json\/"}],"wp:attachment":[{"href":"https:\/\/maranhaotv.com.br\/index.php\/wp-json\/wp\/v2\/media?parent=32809"}],"wp:term":[{"taxonomy":"category","embeddable":true,"href":"https:\/\/maranhaotv.com.br\/index.php\/wp-json\/wp\/v2\/categories?post=32809"},{"taxonomy":"post_tag","embeddable":true,"href":"https:\/\/maranhaotv.com.br\/index.php\/wp-json\/wp\/v2\/tags?post=32809"}],"curies":[{"name":"wp","href":"https:\/\/api.w.org\/{rel}","templated":true}]}}