{"id":32828,"date":"2023-09-05T18:06:02","date_gmt":"2023-09-05T21:06:02","guid":{"rendered":"https:\/\/maranhaotv.com.br\/?p=32828"},"modified":"2023-09-05T18:06:02","modified_gmt":"2023-09-05T21:06:02","slug":"defendo-a-paridade-entre-homens-e-mulheres-nas-vagas-do-parlamento-50-das-vagas-para-cada-genero-diz-carlos-lula","status":"publish","type":"post","link":"https:\/\/maranhaotv.com.br\/index.php\/2023\/09\/05\/defendo-a-paridade-entre-homens-e-mulheres-nas-vagas-do-parlamento-50-das-vagas-para-cada-genero-diz-carlos-lula\/","title":{"rendered":"&#8220;Defendo a paridade entre homens e mulheres nas vagas do parlamento, 50% das vagas para cada g\u00eanero\u201d, diz Carlos Lula*<br>"},"content":{"rendered":"\n<p><br><br>A Uni\u00e3o Nacional de Legisladores e Legislativos Estaduais (Unale), em parceria com a Assembleia Legislativa do Maranh\u00e3o, realizou, nesta ter\u00e7a-feira (5), o 1\u00b0 Semin\u00e1rio Nacional de Legisladoras Mulheres no Poder. A viol\u00eancia contra a mulher foi um dos principais assuntos do evento. O tema tamb\u00e9m \u00e9 pauta de um dos projetos de lei protocolados pelo deputado estadual Carlos Lula (PSB). <br><br>A primeira-dama do Maranh\u00e3o, Larissa Brand\u00e3o, participou do evento e defendeu uma legisla\u00e7\u00e3o para fomentar oportunidades de trabalho \u00e0s mulheres v\u00edtimas de viol\u00eancia no estado. \u201cCom o emprego, a mulher ganha, n\u00e3o s\u00f3 a independ\u00eancia financeira, mais a liberdade pessoal, uma oportunidade que damos a essas mulheres delas se libertarem dessa situa\u00e7\u00e3o, uma salva\u00e7\u00e3o\u201d, disse.<br><br>Na oportunidade, o deputado Carlos Lula relembrou do projeto de lei 106\/2023 de sua autoria, que tramita na Assembleia Legislativa. A proposta visa destinar 2% das vagas dos editais e licita\u00e7\u00e3o que visem \u00e0 contrata\u00e7\u00e3o de empresas para presta\u00e7\u00e3o de servi\u00e7os continuados e terceirizados, no \u00e2mbito da Administra\u00e7\u00e3o P\u00fablica Direta, Aut\u00e1rquica e Fundacional no Maranh\u00e3o, para mulheres em situa\u00e7\u00e3o de viol\u00eancia dom\u00e9stica e familiar. <br><br>\u201cNosso mandato trabalha para garantir paridade entre homens e mulheres e sabemos que um dos problemas enfrentados pelas mulheres \u00e9 a viol\u00eancia dom\u00e9stica. Elas muitas vezes se sentem presas e, ao mesmo tempo, desamparadas, pois a fonte de renda da casa muitas vezes vem do agressor. Ent\u00e3o, nesses casos, se conseguirmos a reinser\u00e7\u00e3o dela no mercado de trabalho, ela pode se sentir \u00e0 vontade para n\u00e3o permanecer mais em um ambiente hostil. Dessa forma, elas ter\u00e3o a oportunidade de reconstruir suas vidas e ocupar o seu devido lugar na sociedade\u201d, explicou o parlamentar.<br><br>De acordo com a Casa da Mulher Brasileira, o Maranh\u00e3o registrou mais de 2.300 crimes de les\u00e3o corporal dolosa contra mulheres durante o ano passado. J\u00e1 em janeiro e fevereiro deste ano, 50 pris\u00f5es e mais de 400 pedidos de medidas preventivas de urg\u00eancia j\u00e1 haviam sido emitidos no estado.<br><br>*Equidade de G\u00eanero*<br><br>O Semin\u00e1rio tamb\u00e9m discutiu a presen\u00e7a da mulher na pol\u00edtica, com \u00eanfase na atua\u00e7\u00e3o no legislativo. Para o presidente da Uni\u00e3o Nacional de Legisladores e Legislativos Estaduais (Unale), deputado Diogo Moraes (PSB), \u00e9 necess\u00e1rio conscientizar a sociedade sobre a relevante participa\u00e7\u00e3o da mulher no centro das decis\u00f5es. <br><br>\u201cA import\u00e2ncia do espa\u00e7o da mulher na pol\u00edcia e na tomada de decis\u00f5es \u00e9 uma discuss\u00e3o muito pertinente hoje. N\u00f3s temos o dever de fazer eventos para que a gente possa conscientizar a sociedade que a mulher deve participar do centro das discuss\u00f5es, das decis\u00f5es e das pol\u00edticas p\u00fablicas da sociedade como um todo\u201d, refor\u00e7ou. <br><br>Para ampliar a participa\u00e7\u00e3o das mulheres na pol\u00edtica, o deputado Carlos Lula defendeu a reserva de metade das cadeiras para o p\u00fablico feminino no parlamento nas pr\u00f3ximas elei\u00e7\u00f5es. Hoje, h\u00e1 uma reserva apenas de candidaturas. <br><br>\u201cH\u00e1 s\u00e9culos as mulheres sofrem por n\u00e3o poderem ocupar os espa\u00e7os mais importantes na sociedade, mesmo sendo maioria na popula\u00e7\u00e3o brasileira. Discuss\u00f5es como essas t\u00eam um papel muito importante na garantia desses direitos. Acredito que possamos ir al\u00e9m, o que eu defendo \u00e9 a paridade entre homens e mulheres nas vagas do parlamento, 50% das vagas para cada g\u00eanero. A C\u00e2mara Federal montou um grupo de trabalho para discutir uma minirreforma eleitoral que deve ser levado ao plen\u00e1rio da Casa na pr\u00f3xima semana, esperamos que essa paridade possa ser uma das pautas dessa minirreforma eleitoral\u201d, ressaltou o parlamentar.<\/p>\n\n\n\n<figure class=\"wp-block-image size-large\"><img decoding=\"async\" src=\"https:\/\/maranhaotv.com.br\/wp-content\/uploads\/2023\/09\/IMG-20230905-WA0344-1024x682.jpg\" alt=\"\" class=\"wp-image-32825\"\/><\/figure>\n\n\n\n<figure class=\"wp-block-image\"><img decoding=\"async\" src=\"https:\/\/maranhaotv.com.br\/wp-content\/uploads\/2023\/09\/IMG-20230905-WA0345-1024x682.jpg\" alt=\"\" class=\"wp-image-32826\"\/><\/figure>\n","protected":false},"excerpt":{"rendered":"<p>A Uni\u00e3o Nacional de Legisladores e Legislativos Estaduais (Unale), em parceria com a Assembleia Legislativa do Maranh\u00e3o, realizou, nesta ter\u00e7a-feira<\/p>\n","protected":false},"author":2,"featured_media":32827,"comment_status":"open","ping_status":"open","sticky":false,"template":"","format":"standard","meta":{"colormag_page_container_layout":"default_layout","colormag_page_sidebar_layout":"default_layout","_jetpack_memberships_contains_paid_content":false,"footnotes":""},"categories":[6],"tags":[],"class_list":["post-32828","post","type-post","status-publish","format-standard","has-post-thumbnail","hentry","category-politica"],"magazineBlocksPostFeaturedMedia":{"thumbnail":false,"medium":false,"medium_large":false,"large":false,"1536x1536":false,"2048x2048":false,"colormag-highlighted-post":false,"colormag-featured-post-medium":false,"colormag-featured-post-small":false,"colormag-featured-image":false,"colormag-default-news":false,"colormag-featured-image-large":false},"magazineBlocksPostAuthor":{"name":"maranhaotv","avatar":"https:\/\/secure.gravatar.com\/avatar\/8fadbca458d4cb68b1dd399ae9a40618d747bb1af65ac9fad21c89220a143eb4?s=96&d=mm&r=g"},"magazineBlocksPostCommentsNumber":"0","magazineBlocksPostExcerpt":"A Uni\u00e3o Nacional de Legisladores e Legislativos Estaduais (Unale), em parceria com a Assembleia Legislativa do Maranh\u00e3o, realizou, nesta ter\u00e7a-feira","magazineBlocksPostCategories":["pol\u00edtica"],"magazineBlocksPostViewCount":310,"magazineBlocksPostReadTime":4,"magazine_blocks_featured_image_url":{"full":false,"medium":false,"thumbnail":false},"magazine_blocks_author":{"display_name":"maranhaotv","author_link":"https:\/\/maranhaotv.com.br\/index.php\/author\/maranhaotv\/"},"magazine_blocks_comment":0,"magazine_blocks_author_image":"https:\/\/secure.gravatar.com\/avatar\/8fadbca458d4cb68b1dd399ae9a40618d747bb1af65ac9fad21c89220a143eb4?s=96&d=mm&r=g","magazine_blocks_category":"<a href=\"#\" class=\"category-link category-link-6\">pol\u00edtica<\/a>","yoast_head":"<!-- This site is optimized with the Yoast SEO plugin v27.4 - https:\/\/yoast.com\/product\/yoast-seo-wordpress\/ -->\n<title>&quot;Defendo a paridade entre homens e mulheres nas vagas do parlamento, 50% das vagas para cada g\u00eanero\u201d, diz Carlos Lula* - NOT\u00cdCIAS EM TEMPO REAL<\/title>\n<meta name=\"robots\" content=\"index, follow, max-snippet:-1, max-image-preview:large, max-video-preview:-1\" \/>\n<link rel=\"canonical\" href=\"https:\/\/maranhaotv.com.br\/index.php\/2023\/09\/05\/defendo-a-paridade-entre-homens-e-mulheres-nas-vagas-do-parlamento-50-das-vagas-para-cada-genero-diz-carlos-lula\/\" \/>\n<meta property=\"og:locale\" content=\"pt_BR\" \/>\n<meta property=\"og:type\" content=\"article\" \/>\n<meta property=\"og:title\" content=\"&quot;Defendo a paridade entre homens e mulheres nas vagas do parlamento, 50% das vagas para cada g\u00eanero\u201d, diz Carlos Lula* - NOT\u00cdCIAS EM TEMPO REAL\" \/>\n<meta property=\"og:description\" content=\"A Uni\u00e3o Nacional de Legisladores e Legislativos Estaduais (Unale), em parceria com a Assembleia Legislativa do Maranh\u00e3o, realizou, nesta ter\u00e7a-feira\" \/>\n<meta property=\"og:url\" content=\"https:\/\/maranhaotv.com.br\/index.php\/2023\/09\/05\/defendo-a-paridade-entre-homens-e-mulheres-nas-vagas-do-parlamento-50-das-vagas-para-cada-genero-diz-carlos-lula\/\" \/>\n<meta property=\"og:site_name\" content=\"NOT\u00cdCIAS EM TEMPO REAL\" \/>\n<meta property=\"article:publisher\" content=\"https:\/\/www.facebook.com\/maiobaotv\" \/>\n<meta property=\"article:published_time\" content=\"2023-09-05T21:06:02+00:00\" \/>\n<meta name=\"author\" content=\"maranhaotv\" \/>\n<meta name=\"twitter:card\" content=\"summary_large_image\" \/>\n<meta name=\"twitter:creator\" content=\"@sitemaranhaotv\" \/>\n<meta name=\"twitter:site\" content=\"@sitemaranhaotv\" \/>\n<meta name=\"twitter:label1\" content=\"Escrito por\" \/>\n\t<meta name=\"twitter:data1\" content=\"maranhaotv\" \/>\n\t<meta name=\"twitter:label2\" content=\"Est. tempo de leitura\" \/>\n\t<meta name=\"twitter:data2\" content=\"3 minutos\" \/>\n<script type=\"application\/ld+json\" class=\"yoast-schema-graph\">{\"@context\":\"https:\\\/\\\/schema.org\",\"@graph\":[{\"@type\":\"Article\",\"@id\":\"https:\\\/\\\/maranhaotv.com.br\\\/index.php\\\/2023\\\/09\\\/05\\\/defendo-a-paridade-entre-homens-e-mulheres-nas-vagas-do-parlamento-50-das-vagas-para-cada-genero-diz-carlos-lula\\\/#article\",\"isPartOf\":{\"@id\":\"https:\\\/\\\/maranhaotv.com.br\\\/index.php\\\/2023\\\/09\\\/05\\\/defendo-a-paridade-entre-homens-e-mulheres-nas-vagas-do-parlamento-50-das-vagas-para-cada-genero-diz-carlos-lula\\\/\"},\"author\":{\"name\":\"maranhaotv\",\"@id\":\"https:\\\/\\\/maranhaotv.com.br\\\/#\\\/schema\\\/person\\\/3d54238e86b20bb5c89ab2fdb8f8829a\"},\"headline\":\"&#8220;Defendo a paridade entre homens e mulheres nas vagas do parlamento, 50% das vagas para cada g\u00eanero\u201d, diz Carlos Lula*\",\"datePublished\":\"2023-09-05T21:06:02+00:00\",\"mainEntityOfPage\":{\"@id\":\"https:\\\/\\\/maranhaotv.com.br\\\/index.php\\\/2023\\\/09\\\/05\\\/defendo-a-paridade-entre-homens-e-mulheres-nas-vagas-do-parlamento-50-das-vagas-para-cada-genero-diz-carlos-lula\\\/\"},\"wordCount\":638,\"commentCount\":0,\"publisher\":{\"@id\":\"https:\\\/\\\/maranhaotv.com.br\\\/#organization\"},\"image\":{\"@id\":\"https:\\\/\\\/maranhaotv.com.br\\\/index.php\\\/2023\\\/09\\\/05\\\/defendo-a-paridade-entre-homens-e-mulheres-nas-vagas-do-parlamento-50-das-vagas-para-cada-genero-diz-carlos-lula\\\/#primaryimage\"},\"thumbnailUrl\":\"\",\"articleSection\":[\"pol\u00edtica\"],\"inLanguage\":\"pt-BR\",\"potentialAction\":[{\"@type\":\"CommentAction\",\"name\":\"Comment\",\"target\":[\"https:\\\/\\\/maranhaotv.com.br\\\/index.php\\\/2023\\\/09\\\/05\\\/defendo-a-paridade-entre-homens-e-mulheres-nas-vagas-do-parlamento-50-das-vagas-para-cada-genero-diz-carlos-lula\\\/#respond\"]}]},{\"@type\":\"WebPage\",\"@id\":\"https:\\\/\\\/maranhaotv.com.br\\\/index.php\\\/2023\\\/09\\\/05\\\/defendo-a-paridade-entre-homens-e-mulheres-nas-vagas-do-parlamento-50-das-vagas-para-cada-genero-diz-carlos-lula\\\/\",\"url\":\"https:\\\/\\\/maranhaotv.com.br\\\/index.php\\\/2023\\\/09\\\/05\\\/defendo-a-paridade-entre-homens-e-mulheres-nas-vagas-do-parlamento-50-das-vagas-para-cada-genero-diz-carlos-lula\\\/\",\"name\":\"\\\"Defendo a paridade entre homens e mulheres nas vagas do parlamento, 50% das vagas para cada g\u00eanero\u201d, diz Carlos Lula* - NOT\u00cdCIAS EM TEMPO REAL\",\"isPartOf\":{\"@id\":\"https:\\\/\\\/maranhaotv.com.br\\\/#website\"},\"primaryImageOfPage\":{\"@id\":\"https:\\\/\\\/maranhaotv.com.br\\\/index.php\\\/2023\\\/09\\\/05\\\/defendo-a-paridade-entre-homens-e-mulheres-nas-vagas-do-parlamento-50-das-vagas-para-cada-genero-diz-carlos-lula\\\/#primaryimage\"},\"image\":{\"@id\":\"https:\\\/\\\/maranhaotv.com.br\\\/index.php\\\/2023\\\/09\\\/05\\\/defendo-a-paridade-entre-homens-e-mulheres-nas-vagas-do-parlamento-50-das-vagas-para-cada-genero-diz-carlos-lula\\\/#primaryimage\"},\"thumbnailUrl\":\"\",\"datePublished\":\"2023-09-05T21:06:02+00:00\",\"breadcrumb\":{\"@id\":\"https:\\\/\\\/maranhaotv.com.br\\\/index.php\\\/2023\\\/09\\\/05\\\/defendo-a-paridade-entre-homens-e-mulheres-nas-vagas-do-parlamento-50-das-vagas-para-cada-genero-diz-carlos-lula\\\/#breadcrumb\"},\"inLanguage\":\"pt-BR\",\"potentialAction\":[{\"@type\":\"ReadAction\",\"target\":[\"https:\\\/\\\/maranhaotv.com.br\\\/index.php\\\/2023\\\/09\\\/05\\\/defendo-a-paridade-entre-homens-e-mulheres-nas-vagas-do-parlamento-50-das-vagas-para-cada-genero-diz-carlos-lula\\\/\"]}]},{\"@type\":\"ImageObject\",\"inLanguage\":\"pt-BR\",\"@id\":\"https:\\\/\\\/maranhaotv.com.br\\\/index.php\\\/2023\\\/09\\\/05\\\/defendo-a-paridade-entre-homens-e-mulheres-nas-vagas-do-parlamento-50-das-vagas-para-cada-genero-diz-carlos-lula\\\/#primaryimage\",\"url\":\"\",\"contentUrl\":\"\"},{\"@type\":\"BreadcrumbList\",\"@id\":\"https:\\\/\\\/maranhaotv.com.br\\\/index.php\\\/2023\\\/09\\\/05\\\/defendo-a-paridade-entre-homens-e-mulheres-nas-vagas-do-parlamento-50-das-vagas-para-cada-genero-diz-carlos-lula\\\/#breadcrumb\",\"itemListElement\":[{\"@type\":\"ListItem\",\"position\":1,\"name\":\"In\u00edcio\",\"item\":\"https:\\\/\\\/maranhaotv.com.br\\\/\"},{\"@type\":\"ListItem\",\"position\":2,\"name\":\"&#8220;Defendo a paridade entre homens e mulheres nas vagas do parlamento, 50% das vagas para cada g\u00eanero\u201d, diz Carlos Lula*\"}]},{\"@type\":\"WebSite\",\"@id\":\"https:\\\/\\\/maranhaotv.com.br\\\/#website\",\"url\":\"https:\\\/\\\/maranhaotv.com.br\\\/\",\"name\":\"Maranh\u00e3oTV\",\"description\":\"\",\"publisher\":{\"@id\":\"https:\\\/\\\/maranhaotv.com.br\\\/#organization\"},\"potentialAction\":[{\"@type\":\"SearchAction\",\"target\":{\"@type\":\"EntryPoint\",\"urlTemplate\":\"https:\\\/\\\/maranhaotv.com.br\\\/?s={search_term_string}\"},\"query-input\":{\"@type\":\"PropertyValueSpecification\",\"valueRequired\":true,\"valueName\":\"search_term_string\"}}],\"inLanguage\":\"pt-BR\"},{\"@type\":\"Organization\",\"@id\":\"https:\\\/\\\/maranhaotv.com.br\\\/#organization\",\"name\":\"Portal de Not\u00edcias\",\"url\":\"https:\\\/\\\/maranhaotv.com.br\\\/\",\"logo\":{\"@type\":\"ImageObject\",\"inLanguage\":\"pt-BR\",\"@id\":\"https:\\\/\\\/maranhaotv.com.br\\\/#\\\/schema\\\/logo\\\/image\\\/\",\"url\":\"https:\\\/\\\/maranhaotv.com.br\\\/wp-content\\\/uploads\\\/2024\\\/05\\\/cropped-cropped-avatar-1.png\",\"contentUrl\":\"https:\\\/\\\/maranhaotv.com.br\\\/wp-content\\\/uploads\\\/2024\\\/05\\\/cropped-cropped-avatar-1.png\",\"width\":792,\"height\":428,\"caption\":\"Portal de Not\u00edcias\"},\"image\":{\"@id\":\"https:\\\/\\\/maranhaotv.com.br\\\/#\\\/schema\\\/logo\\\/image\\\/\"},\"sameAs\":[\"https:\\\/\\\/www.facebook.com\\\/maiobaotv\",\"https:\\\/\\\/x.com\\\/sitemaranhaotv\",\"https:\\\/\\\/www.instagram.com\\\/maranhao.tv\",\"https:\\\/\\\/www.threads.net\\\/@maranhao.tv\"]},{\"@type\":\"Person\",\"@id\":\"https:\\\/\\\/maranhaotv.com.br\\\/#\\\/schema\\\/person\\\/3d54238e86b20bb5c89ab2fdb8f8829a\",\"name\":\"maranhaotv\",\"image\":{\"@type\":\"ImageObject\",\"inLanguage\":\"pt-BR\",\"@id\":\"https:\\\/\\\/secure.gravatar.com\\\/avatar\\\/8fadbca458d4cb68b1dd399ae9a40618d747bb1af65ac9fad21c89220a143eb4?s=96&d=mm&r=g\",\"url\":\"https:\\\/\\\/secure.gravatar.com\\\/avatar\\\/8fadbca458d4cb68b1dd399ae9a40618d747bb1af65ac9fad21c89220a143eb4?s=96&d=mm&r=g\",\"contentUrl\":\"https:\\\/\\\/secure.gravatar.com\\\/avatar\\\/8fadbca458d4cb68b1dd399ae9a40618d747bb1af65ac9fad21c89220a143eb4?s=96&d=mm&r=g\",\"caption\":\"maranhaotv\"},\"sameAs\":[\"https:\\\/\\\/maranhaotv.com.br\\\/\"],\"url\":\"https:\\\/\\\/maranhaotv.com.br\\\/index.php\\\/author\\\/maranhaotv\\\/\"}]}<\/script>\n<!-- \/ Yoast SEO plugin. -->","yoast_head_json":{"title":"\"Defendo a paridade entre homens e mulheres nas vagas do parlamento, 50% das vagas para cada g\u00eanero\u201d, diz Carlos Lula* - NOT\u00cdCIAS EM TEMPO REAL","robots":{"index":"index","follow":"follow","max-snippet":"max-snippet:-1","max-image-preview":"max-image-preview:large","max-video-preview":"max-video-preview:-1"},"canonical":"https:\/\/maranhaotv.com.br\/index.php\/2023\/09\/05\/defendo-a-paridade-entre-homens-e-mulheres-nas-vagas-do-parlamento-50-das-vagas-para-cada-genero-diz-carlos-lula\/","og_locale":"pt_BR","og_type":"article","og_title":"\"Defendo a paridade entre homens e mulheres nas vagas do parlamento, 50% das vagas para cada g\u00eanero\u201d, diz Carlos Lula* - NOT\u00cdCIAS EM TEMPO REAL","og_description":"A Uni\u00e3o Nacional de Legisladores e Legislativos Estaduais (Unale), em parceria com a Assembleia Legislativa do Maranh\u00e3o, realizou, nesta ter\u00e7a-feira","og_url":"https:\/\/maranhaotv.com.br\/index.php\/2023\/09\/05\/defendo-a-paridade-entre-homens-e-mulheres-nas-vagas-do-parlamento-50-das-vagas-para-cada-genero-diz-carlos-lula\/","og_site_name":"NOT\u00cdCIAS EM TEMPO REAL","article_publisher":"https:\/\/www.facebook.com\/maiobaotv","article_published_time":"2023-09-05T21:06:02+00:00","author":"maranhaotv","twitter_card":"summary_large_image","twitter_creator":"@sitemaranhaotv","twitter_site":"@sitemaranhaotv","twitter_misc":{"Escrito por":"maranhaotv","Est. tempo de leitura":"3 minutos"},"schema":{"@context":"https:\/\/schema.org","@graph":[{"@type":"Article","@id":"https:\/\/maranhaotv.com.br\/index.php\/2023\/09\/05\/defendo-a-paridade-entre-homens-e-mulheres-nas-vagas-do-parlamento-50-das-vagas-para-cada-genero-diz-carlos-lula\/#article","isPartOf":{"@id":"https:\/\/maranhaotv.com.br\/index.php\/2023\/09\/05\/defendo-a-paridade-entre-homens-e-mulheres-nas-vagas-do-parlamento-50-das-vagas-para-cada-genero-diz-carlos-lula\/"},"author":{"name":"maranhaotv","@id":"https:\/\/maranhaotv.com.br\/#\/schema\/person\/3d54238e86b20bb5c89ab2fdb8f8829a"},"headline":"&#8220;Defendo a paridade entre homens e mulheres nas vagas do parlamento, 50% das vagas para cada g\u00eanero\u201d, diz Carlos Lula*","datePublished":"2023-09-05T21:06:02+00:00","mainEntityOfPage":{"@id":"https:\/\/maranhaotv.com.br\/index.php\/2023\/09\/05\/defendo-a-paridade-entre-homens-e-mulheres-nas-vagas-do-parlamento-50-das-vagas-para-cada-genero-diz-carlos-lula\/"},"wordCount":638,"commentCount":0,"publisher":{"@id":"https:\/\/maranhaotv.com.br\/#organization"},"image":{"@id":"https:\/\/maranhaotv.com.br\/index.php\/2023\/09\/05\/defendo-a-paridade-entre-homens-e-mulheres-nas-vagas-do-parlamento-50-das-vagas-para-cada-genero-diz-carlos-lula\/#primaryimage"},"thumbnailUrl":"","articleSection":["pol\u00edtica"],"inLanguage":"pt-BR","potentialAction":[{"@type":"CommentAction","name":"Comment","target":["https:\/\/maranhaotv.com.br\/index.php\/2023\/09\/05\/defendo-a-paridade-entre-homens-e-mulheres-nas-vagas-do-parlamento-50-das-vagas-para-cada-genero-diz-carlos-lula\/#respond"]}]},{"@type":"WebPage","@id":"https:\/\/maranhaotv.com.br\/index.php\/2023\/09\/05\/defendo-a-paridade-entre-homens-e-mulheres-nas-vagas-do-parlamento-50-das-vagas-para-cada-genero-diz-carlos-lula\/","url":"https:\/\/maranhaotv.com.br\/index.php\/2023\/09\/05\/defendo-a-paridade-entre-homens-e-mulheres-nas-vagas-do-parlamento-50-das-vagas-para-cada-genero-diz-carlos-lula\/","name":"\"Defendo a paridade entre homens e mulheres nas vagas do parlamento, 50% das vagas para cada g\u00eanero\u201d, diz Carlos Lula* - NOT\u00cdCIAS EM TEMPO REAL","isPartOf":{"@id":"https:\/\/maranhaotv.com.br\/#website"},"primaryImageOfPage":{"@id":"https:\/\/maranhaotv.com.br\/index.php\/2023\/09\/05\/defendo-a-paridade-entre-homens-e-mulheres-nas-vagas-do-parlamento-50-das-vagas-para-cada-genero-diz-carlos-lula\/#primaryimage"},"image":{"@id":"https:\/\/maranhaotv.com.br\/index.php\/2023\/09\/05\/defendo-a-paridade-entre-homens-e-mulheres-nas-vagas-do-parlamento-50-das-vagas-para-cada-genero-diz-carlos-lula\/#primaryimage"},"thumbnailUrl":"","datePublished":"2023-09-05T21:06:02+00:00","breadcrumb":{"@id":"https:\/\/maranhaotv.com.br\/index.php\/2023\/09\/05\/defendo-a-paridade-entre-homens-e-mulheres-nas-vagas-do-parlamento-50-das-vagas-para-cada-genero-diz-carlos-lula\/#breadcrumb"},"inLanguage":"pt-BR","potentialAction":[{"@type":"ReadAction","target":["https:\/\/maranhaotv.com.br\/index.php\/2023\/09\/05\/defendo-a-paridade-entre-homens-e-mulheres-nas-vagas-do-parlamento-50-das-vagas-para-cada-genero-diz-carlos-lula\/"]}]},{"@type":"ImageObject","inLanguage":"pt-BR","@id":"https:\/\/maranhaotv.com.br\/index.php\/2023\/09\/05\/defendo-a-paridade-entre-homens-e-mulheres-nas-vagas-do-parlamento-50-das-vagas-para-cada-genero-diz-carlos-lula\/#primaryimage","url":"","contentUrl":""},{"@type":"BreadcrumbList","@id":"https:\/\/maranhaotv.com.br\/index.php\/2023\/09\/05\/defendo-a-paridade-entre-homens-e-mulheres-nas-vagas-do-parlamento-50-das-vagas-para-cada-genero-diz-carlos-lula\/#breadcrumb","itemListElement":[{"@type":"ListItem","position":1,"name":"In\u00edcio","item":"https:\/\/maranhaotv.com.br\/"},{"@type":"ListItem","position":2,"name":"&#8220;Defendo a paridade entre homens e mulheres nas vagas do parlamento, 50% das vagas para cada g\u00eanero\u201d, diz Carlos Lula*"}]},{"@type":"WebSite","@id":"https:\/\/maranhaotv.com.br\/#website","url":"https:\/\/maranhaotv.com.br\/","name":"Maranh\u00e3oTV","description":"","publisher":{"@id":"https:\/\/maranhaotv.com.br\/#organization"},"potentialAction":[{"@type":"SearchAction","target":{"@type":"EntryPoint","urlTemplate":"https:\/\/maranhaotv.com.br\/?s={search_term_string}"},"query-input":{"@type":"PropertyValueSpecification","valueRequired":true,"valueName":"search_term_string"}}],"inLanguage":"pt-BR"},{"@type":"Organization","@id":"https:\/\/maranhaotv.com.br\/#organization","name":"Portal de Not\u00edcias","url":"https:\/\/maranhaotv.com.br\/","logo":{"@type":"ImageObject","inLanguage":"pt-BR","@id":"https:\/\/maranhaotv.com.br\/#\/schema\/logo\/image\/","url":"https:\/\/maranhaotv.com.br\/wp-content\/uploads\/2024\/05\/cropped-cropped-avatar-1.png","contentUrl":"https:\/\/maranhaotv.com.br\/wp-content\/uploads\/2024\/05\/cropped-cropped-avatar-1.png","width":792,"height":428,"caption":"Portal de Not\u00edcias"},"image":{"@id":"https:\/\/maranhaotv.com.br\/#\/schema\/logo\/image\/"},"sameAs":["https:\/\/www.facebook.com\/maiobaotv","https:\/\/x.com\/sitemaranhaotv","https:\/\/www.instagram.com\/maranhao.tv","https:\/\/www.threads.net\/@maranhao.tv"]},{"@type":"Person","@id":"https:\/\/maranhaotv.com.br\/#\/schema\/person\/3d54238e86b20bb5c89ab2fdb8f8829a","name":"maranhaotv","image":{"@type":"ImageObject","inLanguage":"pt-BR","@id":"https:\/\/secure.gravatar.com\/avatar\/8fadbca458d4cb68b1dd399ae9a40618d747bb1af65ac9fad21c89220a143eb4?s=96&d=mm&r=g","url":"https:\/\/secure.gravatar.com\/avatar\/8fadbca458d4cb68b1dd399ae9a40618d747bb1af65ac9fad21c89220a143eb4?s=96&d=mm&r=g","contentUrl":"https:\/\/secure.gravatar.com\/avatar\/8fadbca458d4cb68b1dd399ae9a40618d747bb1af65ac9fad21c89220a143eb4?s=96&d=mm&r=g","caption":"maranhaotv"},"sameAs":["https:\/\/maranhaotv.com.br\/"],"url":"https:\/\/maranhaotv.com.br\/index.php\/author\/maranhaotv\/"}]}},"jetpack_featured_media_url":"","jetpack_sharing_enabled":true,"_links":{"self":[{"href":"https:\/\/maranhaotv.com.br\/index.php\/wp-json\/wp\/v2\/posts\/32828","targetHints":{"allow":["GET"]}}],"collection":[{"href":"https:\/\/maranhaotv.com.br\/index.php\/wp-json\/wp\/v2\/posts"}],"about":[{"href":"https:\/\/maranhaotv.com.br\/index.php\/wp-json\/wp\/v2\/types\/post"}],"author":[{"embeddable":true,"href":"https:\/\/maranhaotv.com.br\/index.php\/wp-json\/wp\/v2\/users\/2"}],"replies":[{"embeddable":true,"href":"https:\/\/maranhaotv.com.br\/index.php\/wp-json\/wp\/v2\/comments?post=32828"}],"version-history":[{"count":0,"href":"https:\/\/maranhaotv.com.br\/index.php\/wp-json\/wp\/v2\/posts\/32828\/revisions"}],"wp:featuredmedia":[{"embeddable":true,"href":"https:\/\/maranhaotv.com.br\/index.php\/wp-json\/"}],"wp:attachment":[{"href":"https:\/\/maranhaotv.com.br\/index.php\/wp-json\/wp\/v2\/media?parent=32828"}],"wp:term":[{"taxonomy":"category","embeddable":true,"href":"https:\/\/maranhaotv.com.br\/index.php\/wp-json\/wp\/v2\/categories?post=32828"},{"taxonomy":"post_tag","embeddable":true,"href":"https:\/\/maranhaotv.com.br\/index.php\/wp-json\/wp\/v2\/tags?post=32828"}],"curies":[{"name":"wp","href":"https:\/\/api.w.org\/{rel}","templated":true}]}}