{"id":33288,"date":"2023-10-30T14:09:42","date_gmt":"2023-10-30T17:09:42","guid":{"rendered":"https:\/\/maranhaotv.com.br\/?p=33288"},"modified":"2023-10-30T14:09:42","modified_gmt":"2023-10-30T17:09:42","slug":"raimundo-penha-libera-emenda-para-aquisicao-de-proteses-mamarias","status":"publish","type":"post","link":"https:\/\/maranhaotv.com.br\/index.php\/2023\/10\/30\/raimundo-penha-libera-emenda-para-aquisicao-de-proteses-mamarias\/","title":{"rendered":"Raimundo Penha libera emenda para aquisi\u00e7\u00e3o de pr\u00f3teses mam\u00e1rias<br>"},"content":{"rendered":"\n<p><br>O vereador Raimundo Penha destinou este m\u00eas de outubro uma emenda parlamentar de R$ 60.410,00 para aquisi\u00e7\u00e3o de pr\u00f3teses mam\u00e1rias externas, a serem entregues pela Coordena\u00e7\u00e3o de Aten\u00e7\u00e3o \u00e0 Sa\u00fade da Pessoa com Defici\u00eancia, da Secretaria Municipal de Sa\u00fade (Semus). \u00c9 mais uma importante contribui\u00e7\u00e3o do vereador \u00e0 pol\u00edtica de assist\u00eancia \u00e0 sa\u00fade das mulheres em S\u00e3o Lu\u00eds.<br>\u201cAtualmente temos 343 pacientes cadastradas para recebimento das pr\u00f3teses mam\u00e1rias e suti\u00e3s, que poder\u00e3o ser atendidas com essa emenda. S\u00e3o mulheres acometidas pelo c\u00e2ncer, que retiram a mama e com isso necessitam dessas pr\u00f3teses. Muitas delas t\u00eam medo de fazer outro procedimento cir\u00fargico e por isso o SUS tem essa op\u00e7\u00e3o de entregar pr\u00f3tese mam\u00e1ria externa\u201d, explicou Raimundo Penha.<br>As pr\u00f3teses mam\u00e1rias externas s\u00e3o produtos que simulam o seio natural da mulher, sendo fabricadas de gel de silicone envolvidas por uma pel\u00edcula bem fina. Trata-se de uma pr\u00f3tese que \u00e9 encaixada em suti\u00e3 pr\u00f3prio para fazer a substitui\u00e7\u00e3o total ou parcial da mama.  O Munic\u00edpio de S\u00e3o Lu\u00eds \u00e9 respons\u00e1vel pela dispensa\u00e7\u00e3o para 168 outros munic\u00edpios maranhenses, mas a \u00faltima entrega dessas pr\u00f3teses foi feita h\u00e1 5 anos.<br>\u201cNo Outubro Rosa, ficamos muito felizes em poder dar mais uma contribui\u00e7\u00e3o \u00e0 luta contra o c\u00e2ncer e garantir mais um benef\u00edcio \u00e0s mulheres de S\u00e3o Lu\u00eds. Em setembro, eu e outros cinco vereadores fizemos a doa\u00e7\u00e3o de um mam\u00f3grafo para a APAE de S\u00e3o Lu\u00eds, no valor de R$1 milh\u00e3o. O equipamento ampliou o atendimento a centenas de pessoas que necessitam de exames de mamografia\u201d, finalizou o vereador.<\/p>\n","protected":false},"excerpt":{"rendered":"<p>O vereador Raimundo Penha destinou este m\u00eas de outubro uma emenda parlamentar de R$ 60.410,00 para aquisi\u00e7\u00e3o de pr\u00f3teses mam\u00e1rias<\/p>\n","protected":false},"author":2,"featured_media":33287,"comment_status":"open","ping_status":"open","sticky":false,"template":"","format":"standard","meta":{"colormag_page_container_layout":"default_layout","colormag_page_sidebar_layout":"default_layout","_jetpack_memberships_contains_paid_content":false,"footnotes":""},"categories":[2],"tags":[],"class_list":["post-33288","post","type-post","status-publish","format-standard","has-post-thumbnail","hentry","category-noticias"],"magazineBlocksPostFeaturedMedia":{"thumbnail":false,"medium":false,"medium_large":false,"large":false,"1536x1536":false,"2048x2048":false,"colormag-highlighted-post":false,"colormag-featured-post-medium":false,"colormag-featured-post-small":false,"colormag-featured-image":false,"colormag-default-news":false,"colormag-featured-image-large":false},"magazineBlocksPostAuthor":{"name":"maranhaotv","avatar":"https:\/\/secure.gravatar.com\/avatar\/8fadbca458d4cb68b1dd399ae9a40618d747bb1af65ac9fad21c89220a143eb4?s=96&d=mm&r=g"},"magazineBlocksPostCommentsNumber":"0","magazineBlocksPostExcerpt":"O vereador Raimundo Penha destinou este m\u00eas de outubro uma emenda parlamentar de R$ 60.410,00 para aquisi\u00e7\u00e3o de pr\u00f3teses mam\u00e1rias","magazineBlocksPostCategories":["not\u00edcias"],"magazineBlocksPostViewCount":301,"magazineBlocksPostReadTime":2,"magazine_blocks_featured_image_url":{"full":false,"medium":false,"thumbnail":false},"magazine_blocks_author":{"display_name":"maranhaotv","author_link":"https:\/\/maranhaotv.com.br\/index.php\/author\/maranhaotv\/"},"magazine_blocks_comment":0,"magazine_blocks_author_image":"https:\/\/secure.gravatar.com\/avatar\/8fadbca458d4cb68b1dd399ae9a40618d747bb1af65ac9fad21c89220a143eb4?s=96&d=mm&r=g","magazine_blocks_category":"<a href=\"#\" class=\"category-link category-link-2\">not\u00edcias<\/a>","yoast_head":"<!-- This site is optimized with the Yoast SEO plugin v27.4 - https:\/\/yoast.com\/product\/yoast-seo-wordpress\/ -->\n<title>Raimundo Penha libera emenda para aquisi\u00e7\u00e3o de pr\u00f3teses mam\u00e1rias - NOT\u00cdCIAS EM TEMPO REAL<\/title>\n<meta name=\"robots\" content=\"index, follow, max-snippet:-1, max-image-preview:large, max-video-preview:-1\" \/>\n<link rel=\"canonical\" href=\"https:\/\/maranhaotv.com.br\/index.php\/2023\/10\/30\/raimundo-penha-libera-emenda-para-aquisicao-de-proteses-mamarias\/\" \/>\n<meta property=\"og:locale\" content=\"pt_BR\" \/>\n<meta property=\"og:type\" content=\"article\" \/>\n<meta property=\"og:title\" content=\"Raimundo Penha libera emenda para aquisi\u00e7\u00e3o de pr\u00f3teses mam\u00e1rias - NOT\u00cdCIAS EM TEMPO REAL\" \/>\n<meta property=\"og:description\" content=\"O vereador Raimundo Penha destinou este m\u00eas de outubro uma emenda parlamentar de R$ 60.410,00 para aquisi\u00e7\u00e3o de pr\u00f3teses mam\u00e1rias\" \/>\n<meta property=\"og:url\" content=\"https:\/\/maranhaotv.com.br\/index.php\/2023\/10\/30\/raimundo-penha-libera-emenda-para-aquisicao-de-proteses-mamarias\/\" \/>\n<meta property=\"og:site_name\" content=\"NOT\u00cdCIAS EM TEMPO REAL\" \/>\n<meta property=\"article:publisher\" content=\"https:\/\/www.facebook.com\/maiobaotv\" \/>\n<meta property=\"article:published_time\" content=\"2023-10-30T17:09:42+00:00\" \/>\n<meta name=\"author\" content=\"maranhaotv\" \/>\n<meta name=\"twitter:card\" content=\"summary_large_image\" \/>\n<meta name=\"twitter:creator\" content=\"@sitemaranhaotv\" \/>\n<meta name=\"twitter:site\" content=\"@sitemaranhaotv\" \/>\n<meta name=\"twitter:label1\" content=\"Escrito por\" \/>\n\t<meta name=\"twitter:data1\" content=\"maranhaotv\" \/>\n\t<meta name=\"twitter:label2\" content=\"Est. tempo de leitura\" \/>\n\t<meta name=\"twitter:data2\" content=\"1 minuto\" \/>\n<script type=\"application\/ld+json\" class=\"yoast-schema-graph\">{\"@context\":\"https:\\\/\\\/schema.org\",\"@graph\":[{\"@type\":\"Article\",\"@id\":\"https:\\\/\\\/maranhaotv.com.br\\\/index.php\\\/2023\\\/10\\\/30\\\/raimundo-penha-libera-emenda-para-aquisicao-de-proteses-mamarias\\\/#article\",\"isPartOf\":{\"@id\":\"https:\\\/\\\/maranhaotv.com.br\\\/index.php\\\/2023\\\/10\\\/30\\\/raimundo-penha-libera-emenda-para-aquisicao-de-proteses-mamarias\\\/\"},\"author\":{\"name\":\"maranhaotv\",\"@id\":\"https:\\\/\\\/maranhaotv.com.br\\\/#\\\/schema\\\/person\\\/3d54238e86b20bb5c89ab2fdb8f8829a\"},\"headline\":\"Raimundo Penha libera emenda para aquisi\u00e7\u00e3o de pr\u00f3teses mam\u00e1rias\",\"datePublished\":\"2023-10-30T17:09:42+00:00\",\"mainEntityOfPage\":{\"@id\":\"https:\\\/\\\/maranhaotv.com.br\\\/index.php\\\/2023\\\/10\\\/30\\\/raimundo-penha-libera-emenda-para-aquisicao-de-proteses-mamarias\\\/\"},\"wordCount\":307,\"commentCount\":0,\"publisher\":{\"@id\":\"https:\\\/\\\/maranhaotv.com.br\\\/#organization\"},\"image\":{\"@id\":\"https:\\\/\\\/maranhaotv.com.br\\\/index.php\\\/2023\\\/10\\\/30\\\/raimundo-penha-libera-emenda-para-aquisicao-de-proteses-mamarias\\\/#primaryimage\"},\"thumbnailUrl\":\"\",\"articleSection\":[\"not\u00edcias\"],\"inLanguage\":\"pt-BR\",\"potentialAction\":[{\"@type\":\"CommentAction\",\"name\":\"Comment\",\"target\":[\"https:\\\/\\\/maranhaotv.com.br\\\/index.php\\\/2023\\\/10\\\/30\\\/raimundo-penha-libera-emenda-para-aquisicao-de-proteses-mamarias\\\/#respond\"]}]},{\"@type\":\"WebPage\",\"@id\":\"https:\\\/\\\/maranhaotv.com.br\\\/index.php\\\/2023\\\/10\\\/30\\\/raimundo-penha-libera-emenda-para-aquisicao-de-proteses-mamarias\\\/\",\"url\":\"https:\\\/\\\/maranhaotv.com.br\\\/index.php\\\/2023\\\/10\\\/30\\\/raimundo-penha-libera-emenda-para-aquisicao-de-proteses-mamarias\\\/\",\"name\":\"Raimundo Penha libera emenda para aquisi\u00e7\u00e3o de pr\u00f3teses mam\u00e1rias - NOT\u00cdCIAS EM TEMPO REAL\",\"isPartOf\":{\"@id\":\"https:\\\/\\\/maranhaotv.com.br\\\/#website\"},\"primaryImageOfPage\":{\"@id\":\"https:\\\/\\\/maranhaotv.com.br\\\/index.php\\\/2023\\\/10\\\/30\\\/raimundo-penha-libera-emenda-para-aquisicao-de-proteses-mamarias\\\/#primaryimage\"},\"image\":{\"@id\":\"https:\\\/\\\/maranhaotv.com.br\\\/index.php\\\/2023\\\/10\\\/30\\\/raimundo-penha-libera-emenda-para-aquisicao-de-proteses-mamarias\\\/#primaryimage\"},\"thumbnailUrl\":\"\",\"datePublished\":\"2023-10-30T17:09:42+00:00\",\"breadcrumb\":{\"@id\":\"https:\\\/\\\/maranhaotv.com.br\\\/index.php\\\/2023\\\/10\\\/30\\\/raimundo-penha-libera-emenda-para-aquisicao-de-proteses-mamarias\\\/#breadcrumb\"},\"inLanguage\":\"pt-BR\",\"potentialAction\":[{\"@type\":\"ReadAction\",\"target\":[\"https:\\\/\\\/maranhaotv.com.br\\\/index.php\\\/2023\\\/10\\\/30\\\/raimundo-penha-libera-emenda-para-aquisicao-de-proteses-mamarias\\\/\"]}]},{\"@type\":\"ImageObject\",\"inLanguage\":\"pt-BR\",\"@id\":\"https:\\\/\\\/maranhaotv.com.br\\\/index.php\\\/2023\\\/10\\\/30\\\/raimundo-penha-libera-emenda-para-aquisicao-de-proteses-mamarias\\\/#primaryimage\",\"url\":\"\",\"contentUrl\":\"\"},{\"@type\":\"BreadcrumbList\",\"@id\":\"https:\\\/\\\/maranhaotv.com.br\\\/index.php\\\/2023\\\/10\\\/30\\\/raimundo-penha-libera-emenda-para-aquisicao-de-proteses-mamarias\\\/#breadcrumb\",\"itemListElement\":[{\"@type\":\"ListItem\",\"position\":1,\"name\":\"In\u00edcio\",\"item\":\"https:\\\/\\\/maranhaotv.com.br\\\/\"},{\"@type\":\"ListItem\",\"position\":2,\"name\":\"Raimundo Penha libera emenda para aquisi\u00e7\u00e3o de pr\u00f3teses mam\u00e1rias\"}]},{\"@type\":\"WebSite\",\"@id\":\"https:\\\/\\\/maranhaotv.com.br\\\/#website\",\"url\":\"https:\\\/\\\/maranhaotv.com.br\\\/\",\"name\":\"Maranh\u00e3oTV\",\"description\":\"\",\"publisher\":{\"@id\":\"https:\\\/\\\/maranhaotv.com.br\\\/#organization\"},\"potentialAction\":[{\"@type\":\"SearchAction\",\"target\":{\"@type\":\"EntryPoint\",\"urlTemplate\":\"https:\\\/\\\/maranhaotv.com.br\\\/?s={search_term_string}\"},\"query-input\":{\"@type\":\"PropertyValueSpecification\",\"valueRequired\":true,\"valueName\":\"search_term_string\"}}],\"inLanguage\":\"pt-BR\"},{\"@type\":\"Organization\",\"@id\":\"https:\\\/\\\/maranhaotv.com.br\\\/#organization\",\"name\":\"Portal de Not\u00edcias\",\"url\":\"https:\\\/\\\/maranhaotv.com.br\\\/\",\"logo\":{\"@type\":\"ImageObject\",\"inLanguage\":\"pt-BR\",\"@id\":\"https:\\\/\\\/maranhaotv.com.br\\\/#\\\/schema\\\/logo\\\/image\\\/\",\"url\":\"https:\\\/\\\/maranhaotv.com.br\\\/wp-content\\\/uploads\\\/2024\\\/05\\\/cropped-cropped-avatar-1.png\",\"contentUrl\":\"https:\\\/\\\/maranhaotv.com.br\\\/wp-content\\\/uploads\\\/2024\\\/05\\\/cropped-cropped-avatar-1.png\",\"width\":792,\"height\":428,\"caption\":\"Portal de Not\u00edcias\"},\"image\":{\"@id\":\"https:\\\/\\\/maranhaotv.com.br\\\/#\\\/schema\\\/logo\\\/image\\\/\"},\"sameAs\":[\"https:\\\/\\\/www.facebook.com\\\/maiobaotv\",\"https:\\\/\\\/x.com\\\/sitemaranhaotv\",\"https:\\\/\\\/www.instagram.com\\\/maranhao.tv\",\"https:\\\/\\\/www.threads.net\\\/@maranhao.tv\"]},{\"@type\":\"Person\",\"@id\":\"https:\\\/\\\/maranhaotv.com.br\\\/#\\\/schema\\\/person\\\/3d54238e86b20bb5c89ab2fdb8f8829a\",\"name\":\"maranhaotv\",\"image\":{\"@type\":\"ImageObject\",\"inLanguage\":\"pt-BR\",\"@id\":\"https:\\\/\\\/secure.gravatar.com\\\/avatar\\\/8fadbca458d4cb68b1dd399ae9a40618d747bb1af65ac9fad21c89220a143eb4?s=96&d=mm&r=g\",\"url\":\"https:\\\/\\\/secure.gravatar.com\\\/avatar\\\/8fadbca458d4cb68b1dd399ae9a40618d747bb1af65ac9fad21c89220a143eb4?s=96&d=mm&r=g\",\"contentUrl\":\"https:\\\/\\\/secure.gravatar.com\\\/avatar\\\/8fadbca458d4cb68b1dd399ae9a40618d747bb1af65ac9fad21c89220a143eb4?s=96&d=mm&r=g\",\"caption\":\"maranhaotv\"},\"sameAs\":[\"https:\\\/\\\/maranhaotv.com.br\\\/\"],\"url\":\"https:\\\/\\\/maranhaotv.com.br\\\/index.php\\\/author\\\/maranhaotv\\\/\"}]}<\/script>\n<!-- \/ Yoast SEO plugin. -->","yoast_head_json":{"title":"Raimundo Penha libera emenda para aquisi\u00e7\u00e3o de pr\u00f3teses mam\u00e1rias - NOT\u00cdCIAS EM TEMPO REAL","robots":{"index":"index","follow":"follow","max-snippet":"max-snippet:-1","max-image-preview":"max-image-preview:large","max-video-preview":"max-video-preview:-1"},"canonical":"https:\/\/maranhaotv.com.br\/index.php\/2023\/10\/30\/raimundo-penha-libera-emenda-para-aquisicao-de-proteses-mamarias\/","og_locale":"pt_BR","og_type":"article","og_title":"Raimundo Penha libera emenda para aquisi\u00e7\u00e3o de pr\u00f3teses mam\u00e1rias - NOT\u00cdCIAS EM TEMPO REAL","og_description":"O vereador Raimundo Penha destinou este m\u00eas de outubro uma emenda parlamentar de R$ 60.410,00 para aquisi\u00e7\u00e3o de pr\u00f3teses mam\u00e1rias","og_url":"https:\/\/maranhaotv.com.br\/index.php\/2023\/10\/30\/raimundo-penha-libera-emenda-para-aquisicao-de-proteses-mamarias\/","og_site_name":"NOT\u00cdCIAS EM TEMPO REAL","article_publisher":"https:\/\/www.facebook.com\/maiobaotv","article_published_time":"2023-10-30T17:09:42+00:00","author":"maranhaotv","twitter_card":"summary_large_image","twitter_creator":"@sitemaranhaotv","twitter_site":"@sitemaranhaotv","twitter_misc":{"Escrito por":"maranhaotv","Est. tempo de leitura":"1 minuto"},"schema":{"@context":"https:\/\/schema.org","@graph":[{"@type":"Article","@id":"https:\/\/maranhaotv.com.br\/index.php\/2023\/10\/30\/raimundo-penha-libera-emenda-para-aquisicao-de-proteses-mamarias\/#article","isPartOf":{"@id":"https:\/\/maranhaotv.com.br\/index.php\/2023\/10\/30\/raimundo-penha-libera-emenda-para-aquisicao-de-proteses-mamarias\/"},"author":{"name":"maranhaotv","@id":"https:\/\/maranhaotv.com.br\/#\/schema\/person\/3d54238e86b20bb5c89ab2fdb8f8829a"},"headline":"Raimundo Penha libera emenda para aquisi\u00e7\u00e3o de pr\u00f3teses mam\u00e1rias","datePublished":"2023-10-30T17:09:42+00:00","mainEntityOfPage":{"@id":"https:\/\/maranhaotv.com.br\/index.php\/2023\/10\/30\/raimundo-penha-libera-emenda-para-aquisicao-de-proteses-mamarias\/"},"wordCount":307,"commentCount":0,"publisher":{"@id":"https:\/\/maranhaotv.com.br\/#organization"},"image":{"@id":"https:\/\/maranhaotv.com.br\/index.php\/2023\/10\/30\/raimundo-penha-libera-emenda-para-aquisicao-de-proteses-mamarias\/#primaryimage"},"thumbnailUrl":"","articleSection":["not\u00edcias"],"inLanguage":"pt-BR","potentialAction":[{"@type":"CommentAction","name":"Comment","target":["https:\/\/maranhaotv.com.br\/index.php\/2023\/10\/30\/raimundo-penha-libera-emenda-para-aquisicao-de-proteses-mamarias\/#respond"]}]},{"@type":"WebPage","@id":"https:\/\/maranhaotv.com.br\/index.php\/2023\/10\/30\/raimundo-penha-libera-emenda-para-aquisicao-de-proteses-mamarias\/","url":"https:\/\/maranhaotv.com.br\/index.php\/2023\/10\/30\/raimundo-penha-libera-emenda-para-aquisicao-de-proteses-mamarias\/","name":"Raimundo Penha libera emenda para aquisi\u00e7\u00e3o de pr\u00f3teses mam\u00e1rias - NOT\u00cdCIAS EM TEMPO REAL","isPartOf":{"@id":"https:\/\/maranhaotv.com.br\/#website"},"primaryImageOfPage":{"@id":"https:\/\/maranhaotv.com.br\/index.php\/2023\/10\/30\/raimundo-penha-libera-emenda-para-aquisicao-de-proteses-mamarias\/#primaryimage"},"image":{"@id":"https:\/\/maranhaotv.com.br\/index.php\/2023\/10\/30\/raimundo-penha-libera-emenda-para-aquisicao-de-proteses-mamarias\/#primaryimage"},"thumbnailUrl":"","datePublished":"2023-10-30T17:09:42+00:00","breadcrumb":{"@id":"https:\/\/maranhaotv.com.br\/index.php\/2023\/10\/30\/raimundo-penha-libera-emenda-para-aquisicao-de-proteses-mamarias\/#breadcrumb"},"inLanguage":"pt-BR","potentialAction":[{"@type":"ReadAction","target":["https:\/\/maranhaotv.com.br\/index.php\/2023\/10\/30\/raimundo-penha-libera-emenda-para-aquisicao-de-proteses-mamarias\/"]}]},{"@type":"ImageObject","inLanguage":"pt-BR","@id":"https:\/\/maranhaotv.com.br\/index.php\/2023\/10\/30\/raimundo-penha-libera-emenda-para-aquisicao-de-proteses-mamarias\/#primaryimage","url":"","contentUrl":""},{"@type":"BreadcrumbList","@id":"https:\/\/maranhaotv.com.br\/index.php\/2023\/10\/30\/raimundo-penha-libera-emenda-para-aquisicao-de-proteses-mamarias\/#breadcrumb","itemListElement":[{"@type":"ListItem","position":1,"name":"In\u00edcio","item":"https:\/\/maranhaotv.com.br\/"},{"@type":"ListItem","position":2,"name":"Raimundo Penha libera emenda para aquisi\u00e7\u00e3o de pr\u00f3teses mam\u00e1rias"}]},{"@type":"WebSite","@id":"https:\/\/maranhaotv.com.br\/#website","url":"https:\/\/maranhaotv.com.br\/","name":"Maranh\u00e3oTV","description":"","publisher":{"@id":"https:\/\/maranhaotv.com.br\/#organization"},"potentialAction":[{"@type":"SearchAction","target":{"@type":"EntryPoint","urlTemplate":"https:\/\/maranhaotv.com.br\/?s={search_term_string}"},"query-input":{"@type":"PropertyValueSpecification","valueRequired":true,"valueName":"search_term_string"}}],"inLanguage":"pt-BR"},{"@type":"Organization","@id":"https:\/\/maranhaotv.com.br\/#organization","name":"Portal de Not\u00edcias","url":"https:\/\/maranhaotv.com.br\/","logo":{"@type":"ImageObject","inLanguage":"pt-BR","@id":"https:\/\/maranhaotv.com.br\/#\/schema\/logo\/image\/","url":"https:\/\/maranhaotv.com.br\/wp-content\/uploads\/2024\/05\/cropped-cropped-avatar-1.png","contentUrl":"https:\/\/maranhaotv.com.br\/wp-content\/uploads\/2024\/05\/cropped-cropped-avatar-1.png","width":792,"height":428,"caption":"Portal de Not\u00edcias"},"image":{"@id":"https:\/\/maranhaotv.com.br\/#\/schema\/logo\/image\/"},"sameAs":["https:\/\/www.facebook.com\/maiobaotv","https:\/\/x.com\/sitemaranhaotv","https:\/\/www.instagram.com\/maranhao.tv","https:\/\/www.threads.net\/@maranhao.tv"]},{"@type":"Person","@id":"https:\/\/maranhaotv.com.br\/#\/schema\/person\/3d54238e86b20bb5c89ab2fdb8f8829a","name":"maranhaotv","image":{"@type":"ImageObject","inLanguage":"pt-BR","@id":"https:\/\/secure.gravatar.com\/avatar\/8fadbca458d4cb68b1dd399ae9a40618d747bb1af65ac9fad21c89220a143eb4?s=96&d=mm&r=g","url":"https:\/\/secure.gravatar.com\/avatar\/8fadbca458d4cb68b1dd399ae9a40618d747bb1af65ac9fad21c89220a143eb4?s=96&d=mm&r=g","contentUrl":"https:\/\/secure.gravatar.com\/avatar\/8fadbca458d4cb68b1dd399ae9a40618d747bb1af65ac9fad21c89220a143eb4?s=96&d=mm&r=g","caption":"maranhaotv"},"sameAs":["https:\/\/maranhaotv.com.br\/"],"url":"https:\/\/maranhaotv.com.br\/index.php\/author\/maranhaotv\/"}]}},"jetpack_featured_media_url":"","jetpack_sharing_enabled":true,"_links":{"self":[{"href":"https:\/\/maranhaotv.com.br\/index.php\/wp-json\/wp\/v2\/posts\/33288","targetHints":{"allow":["GET"]}}],"collection":[{"href":"https:\/\/maranhaotv.com.br\/index.php\/wp-json\/wp\/v2\/posts"}],"about":[{"href":"https:\/\/maranhaotv.com.br\/index.php\/wp-json\/wp\/v2\/types\/post"}],"author":[{"embeddable":true,"href":"https:\/\/maranhaotv.com.br\/index.php\/wp-json\/wp\/v2\/users\/2"}],"replies":[{"embeddable":true,"href":"https:\/\/maranhaotv.com.br\/index.php\/wp-json\/wp\/v2\/comments?post=33288"}],"version-history":[{"count":0,"href":"https:\/\/maranhaotv.com.br\/index.php\/wp-json\/wp\/v2\/posts\/33288\/revisions"}],"wp:featuredmedia":[{"embeddable":true,"href":"https:\/\/maranhaotv.com.br\/index.php\/wp-json\/"}],"wp:attachment":[{"href":"https:\/\/maranhaotv.com.br\/index.php\/wp-json\/wp\/v2\/media?parent=33288"}],"wp:term":[{"taxonomy":"category","embeddable":true,"href":"https:\/\/maranhaotv.com.br\/index.php\/wp-json\/wp\/v2\/categories?post=33288"},{"taxonomy":"post_tag","embeddable":true,"href":"https:\/\/maranhaotv.com.br\/index.php\/wp-json\/wp\/v2\/tags?post=33288"}],"curies":[{"name":"wp","href":"https:\/\/api.w.org\/{rel}","templated":true}]}}