{"id":33292,"date":"2023-10-30T14:52:05","date_gmt":"2023-10-30T17:52:05","guid":{"rendered":"https:\/\/maranhaotv.com.br\/?p=33292"},"modified":"2023-10-30T14:52:05","modified_gmt":"2023-10-30T17:52:05","slug":"prefeito-de-trizidela-do-vale-ma-deibson-bale-vai-pagar-de-r-280-mil-no-show-do-cantor-felipe-amorim","status":"publish","type":"post","link":"https:\/\/maranhaotv.com.br\/index.php\/2023\/10\/30\/prefeito-de-trizidela-do-vale-ma-deibson-bale-vai-pagar-de-r-280-mil-no-show-do-cantor-felipe-amorim\/","title":{"rendered":"Prefeito de Trizidela do Vale\/MA, Deibson Bal\u00e9 vai pagar de R$ 280 mil no show do cantor Felipe Amorim<br>"},"content":{"rendered":"\n<p><br>Um levantamento exclusivo realizado pelo site Folha do Maranh\u00e3o mostra que o prefeito do munic\u00edpio de Trizidela do Vale\/MA, Deibson Bal\u00e9, vai pagar R$ 280 mil pelo show do cantor Felipe Amorim, que se apresentar\u00e1 no pr\u00f3ximo dia 10 de novembro durante as festividades de anivers\u00e1rio do munic\u00edpio.<br>Segundo o levantamento, o contrato, realizado entre o Fundo Municipal de Cultura e a empresa Felipe Amorim &amp; CIA Produ\u00e7\u00f5es Art\u00edsticas Ltda, foi feito atrav\u00e9s de uma dispensa de licita\u00e7\u00e3o, de forma direta, atrav\u00e9s de Inexigibilidade de Licita\u00e7\u00e3o.<br>Tamb\u00e9m est\u00e1 previsto o show do cantor Railson Fernandes, cujo valor do cach\u00ea do artista n\u00e3o conseguimos identificar no portal de transpar\u00eancia do munic\u00edpio, e o show gospel do cantor Eli Soares, no valor de R$ 95 mil.<br>No Maranh\u00e3o, o Minist\u00e9rio P\u00fablico sempre veta esse tipo de contrata\u00e7\u00e3o com a utiliza\u00e7\u00e3o do dinheiro p\u00fablico, por\u00e9m, no pr\u00f3ximo dia 10 de novembro, data prevista para o show, 66 munic\u00edpios maranhenses ir\u00e3o fazer anivers\u00e1rio e poder\u00e3o realizar eventos com a contrata\u00e7\u00e3o de artistas nacionais. S\u00f3 resta saber qual ser\u00e1 o posicionamento do \u00f3rg\u00e3o diante da possibilidade da realiza\u00e7\u00e3o desses shows.<br>Veja o extrato do contrato:<\/p>\n\n\n\n<figure class=\"wp-block-image size-large\"><img decoding=\"async\" src=\"https:\/\/maranhaotv.com.br\/wp-content\/uploads\/2023\/10\/IMG-20231030-WA0118-300x228.jpg\" alt=\"\" class=\"wp-image-33291\"\/><\/figure>\n","protected":false},"excerpt":{"rendered":"<p>Um levantamento exclusivo realizado pelo site Folha do Maranh\u00e3o mostra que o prefeito do munic\u00edpio de Trizidela do Vale\/MA, Deibson<\/p>\n","protected":false},"author":2,"featured_media":33290,"comment_status":"open","ping_status":"open","sticky":false,"template":"","format":"standard","meta":{"colormag_page_container_layout":"default_layout","colormag_page_sidebar_layout":"default_layout","_jetpack_memberships_contains_paid_content":false,"footnotes":""},"categories":[2],"tags":[],"class_list":["post-33292","post","type-post","status-publish","format-standard","has-post-thumbnail","hentry","category-noticias"],"magazineBlocksPostFeaturedMedia":{"thumbnail":false,"medium":false,"medium_large":false,"large":false,"1536x1536":false,"2048x2048":false,"colormag-highlighted-post":false,"colormag-featured-post-medium":false,"colormag-featured-post-small":false,"colormag-featured-image":false,"colormag-default-news":false,"colormag-featured-image-large":false},"magazineBlocksPostAuthor":{"name":"maranhaotv","avatar":"https:\/\/secure.gravatar.com\/avatar\/8fadbca458d4cb68b1dd399ae9a40618d747bb1af65ac9fad21c89220a143eb4?s=96&d=mm&r=g"},"magazineBlocksPostCommentsNumber":"0","magazineBlocksPostExcerpt":"Um levantamento exclusivo realizado pelo site Folha do Maranh\u00e3o mostra que o prefeito do munic\u00edpio de Trizidela do Vale\/MA, Deibson","magazineBlocksPostCategories":["not\u00edcias"],"magazineBlocksPostViewCount":317,"magazineBlocksPostReadTime":2,"magazine_blocks_featured_image_url":{"full":false,"medium":false,"thumbnail":false},"magazine_blocks_author":{"display_name":"maranhaotv","author_link":"https:\/\/maranhaotv.com.br\/index.php\/author\/maranhaotv\/"},"magazine_blocks_comment":0,"magazine_blocks_author_image":"https:\/\/secure.gravatar.com\/avatar\/8fadbca458d4cb68b1dd399ae9a40618d747bb1af65ac9fad21c89220a143eb4?s=96&d=mm&r=g","magazine_blocks_category":"<a href=\"#\" class=\"category-link category-link-2\">not\u00edcias<\/a>","yoast_head":"<!-- This site is optimized with the Yoast SEO plugin v27.4 - https:\/\/yoast.com\/product\/yoast-seo-wordpress\/ -->\n<title>Prefeito de Trizidela do Vale\/MA, Deibson Bal\u00e9 vai pagar de R$ 280 mil no show do cantor Felipe Amorim - NOT\u00cdCIAS EM TEMPO REAL<\/title>\n<meta name=\"robots\" content=\"index, follow, max-snippet:-1, max-image-preview:large, max-video-preview:-1\" \/>\n<link rel=\"canonical\" href=\"https:\/\/maranhaotv.com.br\/index.php\/2023\/10\/30\/prefeito-de-trizidela-do-vale-ma-deibson-bale-vai-pagar-de-r-280-mil-no-show-do-cantor-felipe-amorim\/\" \/>\n<meta property=\"og:locale\" content=\"pt_BR\" \/>\n<meta property=\"og:type\" content=\"article\" \/>\n<meta property=\"og:title\" content=\"Prefeito de Trizidela do Vale\/MA, Deibson Bal\u00e9 vai pagar de R$ 280 mil no show do cantor Felipe Amorim - NOT\u00cdCIAS EM TEMPO REAL\" \/>\n<meta property=\"og:description\" content=\"Um levantamento exclusivo realizado pelo site Folha do Maranh\u00e3o mostra que o prefeito do munic\u00edpio de Trizidela do Vale\/MA, Deibson\" \/>\n<meta property=\"og:url\" content=\"https:\/\/maranhaotv.com.br\/index.php\/2023\/10\/30\/prefeito-de-trizidela-do-vale-ma-deibson-bale-vai-pagar-de-r-280-mil-no-show-do-cantor-felipe-amorim\/\" \/>\n<meta property=\"og:site_name\" content=\"NOT\u00cdCIAS EM TEMPO REAL\" \/>\n<meta property=\"article:publisher\" content=\"https:\/\/www.facebook.com\/maiobaotv\" \/>\n<meta property=\"article:published_time\" content=\"2023-10-30T17:52:05+00:00\" \/>\n<meta name=\"author\" content=\"maranhaotv\" \/>\n<meta name=\"twitter:card\" content=\"summary_large_image\" \/>\n<meta name=\"twitter:creator\" content=\"@sitemaranhaotv\" \/>\n<meta name=\"twitter:site\" content=\"@sitemaranhaotv\" \/>\n<meta name=\"twitter:label1\" content=\"Escrito por\" \/>\n\t<meta name=\"twitter:data1\" content=\"maranhaotv\" \/>\n\t<meta name=\"twitter:label2\" content=\"Est. tempo de leitura\" \/>\n\t<meta name=\"twitter:data2\" content=\"1 minuto\" \/>\n<script type=\"application\/ld+json\" class=\"yoast-schema-graph\">{\"@context\":\"https:\\\/\\\/schema.org\",\"@graph\":[{\"@type\":\"Article\",\"@id\":\"https:\\\/\\\/maranhaotv.com.br\\\/index.php\\\/2023\\\/10\\\/30\\\/prefeito-de-trizidela-do-vale-ma-deibson-bale-vai-pagar-de-r-280-mil-no-show-do-cantor-felipe-amorim\\\/#article\",\"isPartOf\":{\"@id\":\"https:\\\/\\\/maranhaotv.com.br\\\/index.php\\\/2023\\\/10\\\/30\\\/prefeito-de-trizidela-do-vale-ma-deibson-bale-vai-pagar-de-r-280-mil-no-show-do-cantor-felipe-amorim\\\/\"},\"author\":{\"name\":\"maranhaotv\",\"@id\":\"https:\\\/\\\/maranhaotv.com.br\\\/#\\\/schema\\\/person\\\/3d54238e86b20bb5c89ab2fdb8f8829a\"},\"headline\":\"Prefeito de Trizidela do Vale\\\/MA, Deibson Bal\u00e9 vai pagar de R$ 280 mil no show do cantor Felipe Amorim\",\"datePublished\":\"2023-10-30T17:52:05+00:00\",\"mainEntityOfPage\":{\"@id\":\"https:\\\/\\\/maranhaotv.com.br\\\/index.php\\\/2023\\\/10\\\/30\\\/prefeito-de-trizidela-do-vale-ma-deibson-bale-vai-pagar-de-r-280-mil-no-show-do-cantor-felipe-amorim\\\/\"},\"wordCount\":235,\"commentCount\":0,\"publisher\":{\"@id\":\"https:\\\/\\\/maranhaotv.com.br\\\/#organization\"},\"image\":{\"@id\":\"https:\\\/\\\/maranhaotv.com.br\\\/index.php\\\/2023\\\/10\\\/30\\\/prefeito-de-trizidela-do-vale-ma-deibson-bale-vai-pagar-de-r-280-mil-no-show-do-cantor-felipe-amorim\\\/#primaryimage\"},\"thumbnailUrl\":\"\",\"articleSection\":[\"not\u00edcias\"],\"inLanguage\":\"pt-BR\",\"potentialAction\":[{\"@type\":\"CommentAction\",\"name\":\"Comment\",\"target\":[\"https:\\\/\\\/maranhaotv.com.br\\\/index.php\\\/2023\\\/10\\\/30\\\/prefeito-de-trizidela-do-vale-ma-deibson-bale-vai-pagar-de-r-280-mil-no-show-do-cantor-felipe-amorim\\\/#respond\"]}]},{\"@type\":\"WebPage\",\"@id\":\"https:\\\/\\\/maranhaotv.com.br\\\/index.php\\\/2023\\\/10\\\/30\\\/prefeito-de-trizidela-do-vale-ma-deibson-bale-vai-pagar-de-r-280-mil-no-show-do-cantor-felipe-amorim\\\/\",\"url\":\"https:\\\/\\\/maranhaotv.com.br\\\/index.php\\\/2023\\\/10\\\/30\\\/prefeito-de-trizidela-do-vale-ma-deibson-bale-vai-pagar-de-r-280-mil-no-show-do-cantor-felipe-amorim\\\/\",\"name\":\"Prefeito de Trizidela do Vale\\\/MA, Deibson Bal\u00e9 vai pagar de R$ 280 mil no show do cantor Felipe Amorim - NOT\u00cdCIAS EM TEMPO REAL\",\"isPartOf\":{\"@id\":\"https:\\\/\\\/maranhaotv.com.br\\\/#website\"},\"primaryImageOfPage\":{\"@id\":\"https:\\\/\\\/maranhaotv.com.br\\\/index.php\\\/2023\\\/10\\\/30\\\/prefeito-de-trizidela-do-vale-ma-deibson-bale-vai-pagar-de-r-280-mil-no-show-do-cantor-felipe-amorim\\\/#primaryimage\"},\"image\":{\"@id\":\"https:\\\/\\\/maranhaotv.com.br\\\/index.php\\\/2023\\\/10\\\/30\\\/prefeito-de-trizidela-do-vale-ma-deibson-bale-vai-pagar-de-r-280-mil-no-show-do-cantor-felipe-amorim\\\/#primaryimage\"},\"thumbnailUrl\":\"\",\"datePublished\":\"2023-10-30T17:52:05+00:00\",\"breadcrumb\":{\"@id\":\"https:\\\/\\\/maranhaotv.com.br\\\/index.php\\\/2023\\\/10\\\/30\\\/prefeito-de-trizidela-do-vale-ma-deibson-bale-vai-pagar-de-r-280-mil-no-show-do-cantor-felipe-amorim\\\/#breadcrumb\"},\"inLanguage\":\"pt-BR\",\"potentialAction\":[{\"@type\":\"ReadAction\",\"target\":[\"https:\\\/\\\/maranhaotv.com.br\\\/index.php\\\/2023\\\/10\\\/30\\\/prefeito-de-trizidela-do-vale-ma-deibson-bale-vai-pagar-de-r-280-mil-no-show-do-cantor-felipe-amorim\\\/\"]}]},{\"@type\":\"ImageObject\",\"inLanguage\":\"pt-BR\",\"@id\":\"https:\\\/\\\/maranhaotv.com.br\\\/index.php\\\/2023\\\/10\\\/30\\\/prefeito-de-trizidela-do-vale-ma-deibson-bale-vai-pagar-de-r-280-mil-no-show-do-cantor-felipe-amorim\\\/#primaryimage\",\"url\":\"\",\"contentUrl\":\"\"},{\"@type\":\"BreadcrumbList\",\"@id\":\"https:\\\/\\\/maranhaotv.com.br\\\/index.php\\\/2023\\\/10\\\/30\\\/prefeito-de-trizidela-do-vale-ma-deibson-bale-vai-pagar-de-r-280-mil-no-show-do-cantor-felipe-amorim\\\/#breadcrumb\",\"itemListElement\":[{\"@type\":\"ListItem\",\"position\":1,\"name\":\"In\u00edcio\",\"item\":\"https:\\\/\\\/maranhaotv.com.br\\\/\"},{\"@type\":\"ListItem\",\"position\":2,\"name\":\"Prefeito de Trizidela do Vale\\\/MA, Deibson Bal\u00e9 vai pagar de R$ 280 mil no show do cantor Felipe Amorim\"}]},{\"@type\":\"WebSite\",\"@id\":\"https:\\\/\\\/maranhaotv.com.br\\\/#website\",\"url\":\"https:\\\/\\\/maranhaotv.com.br\\\/\",\"name\":\"Maranh\u00e3oTV\",\"description\":\"\",\"publisher\":{\"@id\":\"https:\\\/\\\/maranhaotv.com.br\\\/#organization\"},\"potentialAction\":[{\"@type\":\"SearchAction\",\"target\":{\"@type\":\"EntryPoint\",\"urlTemplate\":\"https:\\\/\\\/maranhaotv.com.br\\\/?s={search_term_string}\"},\"query-input\":{\"@type\":\"PropertyValueSpecification\",\"valueRequired\":true,\"valueName\":\"search_term_string\"}}],\"inLanguage\":\"pt-BR\"},{\"@type\":\"Organization\",\"@id\":\"https:\\\/\\\/maranhaotv.com.br\\\/#organization\",\"name\":\"Portal de Not\u00edcias\",\"url\":\"https:\\\/\\\/maranhaotv.com.br\\\/\",\"logo\":{\"@type\":\"ImageObject\",\"inLanguage\":\"pt-BR\",\"@id\":\"https:\\\/\\\/maranhaotv.com.br\\\/#\\\/schema\\\/logo\\\/image\\\/\",\"url\":\"https:\\\/\\\/maranhaotv.com.br\\\/wp-content\\\/uploads\\\/2024\\\/05\\\/cropped-cropped-avatar-1.png\",\"contentUrl\":\"https:\\\/\\\/maranhaotv.com.br\\\/wp-content\\\/uploads\\\/2024\\\/05\\\/cropped-cropped-avatar-1.png\",\"width\":792,\"height\":428,\"caption\":\"Portal de Not\u00edcias\"},\"image\":{\"@id\":\"https:\\\/\\\/maranhaotv.com.br\\\/#\\\/schema\\\/logo\\\/image\\\/\"},\"sameAs\":[\"https:\\\/\\\/www.facebook.com\\\/maiobaotv\",\"https:\\\/\\\/x.com\\\/sitemaranhaotv\",\"https:\\\/\\\/www.instagram.com\\\/maranhao.tv\",\"https:\\\/\\\/www.threads.net\\\/@maranhao.tv\"]},{\"@type\":\"Person\",\"@id\":\"https:\\\/\\\/maranhaotv.com.br\\\/#\\\/schema\\\/person\\\/3d54238e86b20bb5c89ab2fdb8f8829a\",\"name\":\"maranhaotv\",\"image\":{\"@type\":\"ImageObject\",\"inLanguage\":\"pt-BR\",\"@id\":\"https:\\\/\\\/secure.gravatar.com\\\/avatar\\\/8fadbca458d4cb68b1dd399ae9a40618d747bb1af65ac9fad21c89220a143eb4?s=96&d=mm&r=g\",\"url\":\"https:\\\/\\\/secure.gravatar.com\\\/avatar\\\/8fadbca458d4cb68b1dd399ae9a40618d747bb1af65ac9fad21c89220a143eb4?s=96&d=mm&r=g\",\"contentUrl\":\"https:\\\/\\\/secure.gravatar.com\\\/avatar\\\/8fadbca458d4cb68b1dd399ae9a40618d747bb1af65ac9fad21c89220a143eb4?s=96&d=mm&r=g\",\"caption\":\"maranhaotv\"},\"sameAs\":[\"https:\\\/\\\/maranhaotv.com.br\\\/\"],\"url\":\"https:\\\/\\\/maranhaotv.com.br\\\/index.php\\\/author\\\/maranhaotv\\\/\"}]}<\/script>\n<!-- \/ Yoast SEO plugin. -->","yoast_head_json":{"title":"Prefeito de Trizidela do Vale\/MA, Deibson Bal\u00e9 vai pagar de R$ 280 mil no show do cantor Felipe Amorim - NOT\u00cdCIAS EM TEMPO REAL","robots":{"index":"index","follow":"follow","max-snippet":"max-snippet:-1","max-image-preview":"max-image-preview:large","max-video-preview":"max-video-preview:-1"},"canonical":"https:\/\/maranhaotv.com.br\/index.php\/2023\/10\/30\/prefeito-de-trizidela-do-vale-ma-deibson-bale-vai-pagar-de-r-280-mil-no-show-do-cantor-felipe-amorim\/","og_locale":"pt_BR","og_type":"article","og_title":"Prefeito de Trizidela do Vale\/MA, Deibson Bal\u00e9 vai pagar de R$ 280 mil no show do cantor Felipe Amorim - NOT\u00cdCIAS EM TEMPO REAL","og_description":"Um levantamento exclusivo realizado pelo site Folha do Maranh\u00e3o mostra que o prefeito do munic\u00edpio de Trizidela do Vale\/MA, Deibson","og_url":"https:\/\/maranhaotv.com.br\/index.php\/2023\/10\/30\/prefeito-de-trizidela-do-vale-ma-deibson-bale-vai-pagar-de-r-280-mil-no-show-do-cantor-felipe-amorim\/","og_site_name":"NOT\u00cdCIAS EM TEMPO REAL","article_publisher":"https:\/\/www.facebook.com\/maiobaotv","article_published_time":"2023-10-30T17:52:05+00:00","author":"maranhaotv","twitter_card":"summary_large_image","twitter_creator":"@sitemaranhaotv","twitter_site":"@sitemaranhaotv","twitter_misc":{"Escrito por":"maranhaotv","Est. tempo de leitura":"1 minuto"},"schema":{"@context":"https:\/\/schema.org","@graph":[{"@type":"Article","@id":"https:\/\/maranhaotv.com.br\/index.php\/2023\/10\/30\/prefeito-de-trizidela-do-vale-ma-deibson-bale-vai-pagar-de-r-280-mil-no-show-do-cantor-felipe-amorim\/#article","isPartOf":{"@id":"https:\/\/maranhaotv.com.br\/index.php\/2023\/10\/30\/prefeito-de-trizidela-do-vale-ma-deibson-bale-vai-pagar-de-r-280-mil-no-show-do-cantor-felipe-amorim\/"},"author":{"name":"maranhaotv","@id":"https:\/\/maranhaotv.com.br\/#\/schema\/person\/3d54238e86b20bb5c89ab2fdb8f8829a"},"headline":"Prefeito de Trizidela do Vale\/MA, Deibson Bal\u00e9 vai pagar de R$ 280 mil no show do cantor Felipe Amorim","datePublished":"2023-10-30T17:52:05+00:00","mainEntityOfPage":{"@id":"https:\/\/maranhaotv.com.br\/index.php\/2023\/10\/30\/prefeito-de-trizidela-do-vale-ma-deibson-bale-vai-pagar-de-r-280-mil-no-show-do-cantor-felipe-amorim\/"},"wordCount":235,"commentCount":0,"publisher":{"@id":"https:\/\/maranhaotv.com.br\/#organization"},"image":{"@id":"https:\/\/maranhaotv.com.br\/index.php\/2023\/10\/30\/prefeito-de-trizidela-do-vale-ma-deibson-bale-vai-pagar-de-r-280-mil-no-show-do-cantor-felipe-amorim\/#primaryimage"},"thumbnailUrl":"","articleSection":["not\u00edcias"],"inLanguage":"pt-BR","potentialAction":[{"@type":"CommentAction","name":"Comment","target":["https:\/\/maranhaotv.com.br\/index.php\/2023\/10\/30\/prefeito-de-trizidela-do-vale-ma-deibson-bale-vai-pagar-de-r-280-mil-no-show-do-cantor-felipe-amorim\/#respond"]}]},{"@type":"WebPage","@id":"https:\/\/maranhaotv.com.br\/index.php\/2023\/10\/30\/prefeito-de-trizidela-do-vale-ma-deibson-bale-vai-pagar-de-r-280-mil-no-show-do-cantor-felipe-amorim\/","url":"https:\/\/maranhaotv.com.br\/index.php\/2023\/10\/30\/prefeito-de-trizidela-do-vale-ma-deibson-bale-vai-pagar-de-r-280-mil-no-show-do-cantor-felipe-amorim\/","name":"Prefeito de Trizidela do Vale\/MA, Deibson Bal\u00e9 vai pagar de R$ 280 mil no show do cantor Felipe Amorim - NOT\u00cdCIAS EM TEMPO REAL","isPartOf":{"@id":"https:\/\/maranhaotv.com.br\/#website"},"primaryImageOfPage":{"@id":"https:\/\/maranhaotv.com.br\/index.php\/2023\/10\/30\/prefeito-de-trizidela-do-vale-ma-deibson-bale-vai-pagar-de-r-280-mil-no-show-do-cantor-felipe-amorim\/#primaryimage"},"image":{"@id":"https:\/\/maranhaotv.com.br\/index.php\/2023\/10\/30\/prefeito-de-trizidela-do-vale-ma-deibson-bale-vai-pagar-de-r-280-mil-no-show-do-cantor-felipe-amorim\/#primaryimage"},"thumbnailUrl":"","datePublished":"2023-10-30T17:52:05+00:00","breadcrumb":{"@id":"https:\/\/maranhaotv.com.br\/index.php\/2023\/10\/30\/prefeito-de-trizidela-do-vale-ma-deibson-bale-vai-pagar-de-r-280-mil-no-show-do-cantor-felipe-amorim\/#breadcrumb"},"inLanguage":"pt-BR","potentialAction":[{"@type":"ReadAction","target":["https:\/\/maranhaotv.com.br\/index.php\/2023\/10\/30\/prefeito-de-trizidela-do-vale-ma-deibson-bale-vai-pagar-de-r-280-mil-no-show-do-cantor-felipe-amorim\/"]}]},{"@type":"ImageObject","inLanguage":"pt-BR","@id":"https:\/\/maranhaotv.com.br\/index.php\/2023\/10\/30\/prefeito-de-trizidela-do-vale-ma-deibson-bale-vai-pagar-de-r-280-mil-no-show-do-cantor-felipe-amorim\/#primaryimage","url":"","contentUrl":""},{"@type":"BreadcrumbList","@id":"https:\/\/maranhaotv.com.br\/index.php\/2023\/10\/30\/prefeito-de-trizidela-do-vale-ma-deibson-bale-vai-pagar-de-r-280-mil-no-show-do-cantor-felipe-amorim\/#breadcrumb","itemListElement":[{"@type":"ListItem","position":1,"name":"In\u00edcio","item":"https:\/\/maranhaotv.com.br\/"},{"@type":"ListItem","position":2,"name":"Prefeito de Trizidela do Vale\/MA, Deibson Bal\u00e9 vai pagar de R$ 280 mil no show do cantor Felipe Amorim"}]},{"@type":"WebSite","@id":"https:\/\/maranhaotv.com.br\/#website","url":"https:\/\/maranhaotv.com.br\/","name":"Maranh\u00e3oTV","description":"","publisher":{"@id":"https:\/\/maranhaotv.com.br\/#organization"},"potentialAction":[{"@type":"SearchAction","target":{"@type":"EntryPoint","urlTemplate":"https:\/\/maranhaotv.com.br\/?s={search_term_string}"},"query-input":{"@type":"PropertyValueSpecification","valueRequired":true,"valueName":"search_term_string"}}],"inLanguage":"pt-BR"},{"@type":"Organization","@id":"https:\/\/maranhaotv.com.br\/#organization","name":"Portal de Not\u00edcias","url":"https:\/\/maranhaotv.com.br\/","logo":{"@type":"ImageObject","inLanguage":"pt-BR","@id":"https:\/\/maranhaotv.com.br\/#\/schema\/logo\/image\/","url":"https:\/\/maranhaotv.com.br\/wp-content\/uploads\/2024\/05\/cropped-cropped-avatar-1.png","contentUrl":"https:\/\/maranhaotv.com.br\/wp-content\/uploads\/2024\/05\/cropped-cropped-avatar-1.png","width":792,"height":428,"caption":"Portal de Not\u00edcias"},"image":{"@id":"https:\/\/maranhaotv.com.br\/#\/schema\/logo\/image\/"},"sameAs":["https:\/\/www.facebook.com\/maiobaotv","https:\/\/x.com\/sitemaranhaotv","https:\/\/www.instagram.com\/maranhao.tv","https:\/\/www.threads.net\/@maranhao.tv"]},{"@type":"Person","@id":"https:\/\/maranhaotv.com.br\/#\/schema\/person\/3d54238e86b20bb5c89ab2fdb8f8829a","name":"maranhaotv","image":{"@type":"ImageObject","inLanguage":"pt-BR","@id":"https:\/\/secure.gravatar.com\/avatar\/8fadbca458d4cb68b1dd399ae9a40618d747bb1af65ac9fad21c89220a143eb4?s=96&d=mm&r=g","url":"https:\/\/secure.gravatar.com\/avatar\/8fadbca458d4cb68b1dd399ae9a40618d747bb1af65ac9fad21c89220a143eb4?s=96&d=mm&r=g","contentUrl":"https:\/\/secure.gravatar.com\/avatar\/8fadbca458d4cb68b1dd399ae9a40618d747bb1af65ac9fad21c89220a143eb4?s=96&d=mm&r=g","caption":"maranhaotv"},"sameAs":["https:\/\/maranhaotv.com.br\/"],"url":"https:\/\/maranhaotv.com.br\/index.php\/author\/maranhaotv\/"}]}},"jetpack_featured_media_url":"","jetpack_sharing_enabled":true,"_links":{"self":[{"href":"https:\/\/maranhaotv.com.br\/index.php\/wp-json\/wp\/v2\/posts\/33292","targetHints":{"allow":["GET"]}}],"collection":[{"href":"https:\/\/maranhaotv.com.br\/index.php\/wp-json\/wp\/v2\/posts"}],"about":[{"href":"https:\/\/maranhaotv.com.br\/index.php\/wp-json\/wp\/v2\/types\/post"}],"author":[{"embeddable":true,"href":"https:\/\/maranhaotv.com.br\/index.php\/wp-json\/wp\/v2\/users\/2"}],"replies":[{"embeddable":true,"href":"https:\/\/maranhaotv.com.br\/index.php\/wp-json\/wp\/v2\/comments?post=33292"}],"version-history":[{"count":0,"href":"https:\/\/maranhaotv.com.br\/index.php\/wp-json\/wp\/v2\/posts\/33292\/revisions"}],"wp:featuredmedia":[{"embeddable":true,"href":"https:\/\/maranhaotv.com.br\/index.php\/wp-json\/"}],"wp:attachment":[{"href":"https:\/\/maranhaotv.com.br\/index.php\/wp-json\/wp\/v2\/media?parent=33292"}],"wp:term":[{"taxonomy":"category","embeddable":true,"href":"https:\/\/maranhaotv.com.br\/index.php\/wp-json\/wp\/v2\/categories?post=33292"},{"taxonomy":"post_tag","embeddable":true,"href":"https:\/\/maranhaotv.com.br\/index.php\/wp-json\/wp\/v2\/tags?post=33292"}],"curies":[{"name":"wp","href":"https:\/\/api.w.org\/{rel}","templated":true}]}}