{"id":33369,"date":"2023-11-06T14:29:25","date_gmt":"2023-11-06T17:29:25","guid":{"rendered":"https:\/\/maranhaotv.com.br\/?p=33369"},"modified":"2023-11-06T14:29:25","modified_gmt":"2023-11-06T17:29:25","slug":"prefeito-eudes-vira-alvo-do-tce-apos-receber-r-5-milhoes-do-fundeb-destinado-as-escolas-de-tempo-integral","status":"publish","type":"post","link":"https:\/\/maranhaotv.com.br\/index.php\/2023\/11\/06\/prefeito-eudes-vira-alvo-do-tce-apos-receber-r-5-milhoes-do-fundeb-destinado-as-escolas-de-tempo-integral\/","title":{"rendered":"Prefeito Eudes vira alvo do TCE ap\u00f3s receber R$ 5 Milh\u00f5es do Fundeb destinado \u00e0s escolas de tempo integral"},"content":{"rendered":"\n<p><br><br>Auditores de Controle do Tribunal de Contas do Estado (TCE-MA), assinaram em agosto de 2023 uma Representa\u00e7\u00e3o contra o prefeito do munic\u00edpio de Raposa, Eudes Barros e a secret\u00e1ria Municipal de Educa\u00e7\u00e3o, Verismar Gomes da Silva.<br>Conforme a representa\u00e7\u00e3o a qual o Blog do Domingos Costa teve acesso, a Corte de Contas realizou trabalhos de fiscaliza\u00e7\u00e3o in loco no Munic\u00edpio no m\u00eas junho de 2023 e constatou elevado n\u00famero de matr\u00edculas em escolas em tempo integral, conforme dados do Censo Escolar 2022. Tudo fantasma! <br>Esse relat\u00f3rio da fiscaliza\u00e7\u00e3o foi divulgado de forma oficial nesta \u00faltima quarta-feira (1\u00ba), feito na modalidade levantamento realizada nas escolas municipais de tempo integral. A atividade fez parte do conjunto de a\u00e7\u00f5es previstas no Plano Bienal de Fiscaliza\u00e7\u00e3o \u2013 PBF 2022\/2023, aprovado pela Decis\u00e3o PL-TCE n\u00ba 729\/2021.<br>De acordo com as informa\u00e7\u00f5es prestadas no censo escolar de 2022, o munic\u00edpio de Raposa informou que possui 4.258 alunos matriculados em regime de tempo integral e disp\u00f5e em sua rede escolar de 15 (quinze) escolas que oferecem essa modalidade de ensino.<br>Contudo, para surpresa dos auditores do TCE-MA, das informa\u00e7\u00f5es levantadas in loco na cidade de Raposa, foi apurado que o Munic\u00edpio possui somente 03 (tr\u00eas) escolas que funcionam em tempo integral e um quantitativo de 1.015 alunos matriculados nessa modalidade de ensino.<br>\u201cO que permite concluir que foram informados 3.243 alunos a mais, que resultou em repasses significativamente superiores ao devido. Portanto, informa\u00e7\u00f5es prestadas ao Censo que n\u00e3o se coadunam com a realidade, com vistas \u00e0 obten\u00e7\u00e3o de valores a mais de recursos, se constitui em grave irregularidade\u201d, escreveram os auditores do Tribunal de Contas. <br>Vale destacar que os dados informados ao Censo Escolar anualmente pelos munic\u00edpios, s\u00e3o utilizados para o c\u00e1lculo dos coeficientes de distribui\u00e7\u00e3o dos recursos por meio do Fundeb no ano seguinte e os munic\u00edpios recebem um incremento de 30% em rela\u00e7\u00e3o ao valor-base por aluno, para cada aluno matriculado na modalidade de ensino integral.<br>Isto \u00e9, se tratando em dinheiro, o aluno de tempo integral \u201cvale\u201d mais que o aluno regular. Na pr\u00e1tica, o valor-base por aluno \u00e9 5.209,92 [ano], o valor para matr\u00edculas na modalidade de ensino integral de 6.772,90 [ano], obt\u00e9m-se uma diferen\u00e7a de 1.562,98 por aluno a cada ano.<br>\u2013 Recebeu R$ 5 milh\u00f5es irregular <br>Ainda conforme a Representa\u00e7\u00e3o, em raz\u00e3o do substancial aumento das matr\u00edculas em tempo integral feito pelo prefeito Eudes Barros e pela secret\u00e1ria de Educa\u00e7\u00e3o, Verismar Gomes, tamb\u00e9m houve um incremento significativo das receitas do Fundeb repassadas ao Munic\u00edpio.<br>O valor que deveria ter recebido era de R$ 30,1 milh\u00f5es, contudo, diante da fraude praticada pelo prefeito, o repasse da Educa\u00e7\u00e3o foi para R$ 35,2 milh\u00f5es, aumentou, portanto, de R$ 5 milh\u00f5es de forma indevida atrav\u00e9s de escolas de tempo integral fantasmas.<br>\u201cFica evidenciado que os valores dos repasses do Fundeb foram superiores aos valores efetivamente devidos, quando se considera o n\u00famero real de alunos que estudam em tempo integral.\u201d Conclui. <br>Com fundamento nos resultados da fiscaliza\u00e7\u00e3o, a equipe t\u00e9cnica do Tribunal de Contas do Estado do Maranh\u00e3o abrir representa\u00e7\u00f5es contra os munic\u00edpios visitados na fiscaliza\u00e7\u00e3o que apresentaram irregularidades.<br><br>Fonte: Domingos Costa<\/p>\n","protected":false},"excerpt":{"rendered":"<p>Auditores de Controle do Tribunal de Contas do Estado (TCE-MA), assinaram em agosto de 2023 uma Representa\u00e7\u00e3o contra o prefeito<\/p>\n","protected":false},"author":2,"featured_media":33368,"comment_status":"open","ping_status":"open","sticky":false,"template":"","format":"standard","meta":{"colormag_page_container_layout":"default_layout","colormag_page_sidebar_layout":"default_layout","_jetpack_memberships_contains_paid_content":false,"footnotes":""},"categories":[2],"tags":[47,73],"class_list":["post-33369","post","type-post","status-publish","format-standard","has-post-thumbnail","hentry","category-noticias","tag-eudes-sampaio","tag-raposa"],"magazineBlocksPostFeaturedMedia":{"thumbnail":false,"medium":false,"medium_large":false,"large":false,"1536x1536":false,"2048x2048":false,"colormag-highlighted-post":false,"colormag-featured-post-medium":false,"colormag-featured-post-small":false,"colormag-featured-image":false,"colormag-default-news":false,"colormag-featured-image-large":false},"magazineBlocksPostAuthor":{"name":"maranhaotv","avatar":"https:\/\/secure.gravatar.com\/avatar\/8fadbca458d4cb68b1dd399ae9a40618d747bb1af65ac9fad21c89220a143eb4?s=96&d=mm&r=g"},"magazineBlocksPostCommentsNumber":"0","magazineBlocksPostExcerpt":"Auditores de Controle do Tribunal de Contas do Estado (TCE-MA), assinaram em agosto de 2023 uma Representa\u00e7\u00e3o contra o prefeito","magazineBlocksPostCategories":["not\u00edcias"],"magazineBlocksPostViewCount":212,"magazineBlocksPostReadTime":3,"magazine_blocks_featured_image_url":{"full":false,"medium":false,"thumbnail":false},"magazine_blocks_author":{"display_name":"maranhaotv","author_link":"https:\/\/maranhaotv.com.br\/index.php\/author\/maranhaotv\/"},"magazine_blocks_comment":0,"magazine_blocks_author_image":"https:\/\/secure.gravatar.com\/avatar\/8fadbca458d4cb68b1dd399ae9a40618d747bb1af65ac9fad21c89220a143eb4?s=96&d=mm&r=g","magazine_blocks_category":"<a href=\"#\" class=\"category-link category-link-2\">not\u00edcias<\/a>","yoast_head":"<!-- This site is optimized with the Yoast SEO plugin v27.4 - https:\/\/yoast.com\/product\/yoast-seo-wordpress\/ -->\n<title>Prefeito Eudes vira alvo do TCE ap\u00f3s receber R$ 5 Milh\u00f5es do Fundeb destinado \u00e0s escolas de tempo integral - NOT\u00cdCIAS EM TEMPO REAL<\/title>\n<meta name=\"robots\" content=\"index, follow, max-snippet:-1, max-image-preview:large, max-video-preview:-1\" \/>\n<link rel=\"canonical\" href=\"https:\/\/maranhaotv.com.br\/index.php\/2023\/11\/06\/prefeito-eudes-vira-alvo-do-tce-apos-receber-r-5-milhoes-do-fundeb-destinado-as-escolas-de-tempo-integral\/\" \/>\n<meta property=\"og:locale\" content=\"pt_BR\" \/>\n<meta property=\"og:type\" content=\"article\" \/>\n<meta property=\"og:title\" content=\"Prefeito Eudes vira alvo do TCE ap\u00f3s receber R$ 5 Milh\u00f5es do Fundeb destinado \u00e0s escolas de tempo integral - NOT\u00cdCIAS EM TEMPO REAL\" \/>\n<meta property=\"og:description\" content=\"Auditores de Controle do Tribunal de Contas do Estado (TCE-MA), assinaram em agosto de 2023 uma Representa\u00e7\u00e3o contra o prefeito\" \/>\n<meta property=\"og:url\" content=\"https:\/\/maranhaotv.com.br\/index.php\/2023\/11\/06\/prefeito-eudes-vira-alvo-do-tce-apos-receber-r-5-milhoes-do-fundeb-destinado-as-escolas-de-tempo-integral\/\" \/>\n<meta property=\"og:site_name\" content=\"NOT\u00cdCIAS EM TEMPO REAL\" \/>\n<meta property=\"article:publisher\" content=\"https:\/\/www.facebook.com\/maiobaotv\" \/>\n<meta property=\"article:published_time\" content=\"2023-11-06T17:29:25+00:00\" \/>\n<meta name=\"author\" content=\"maranhaotv\" \/>\n<meta name=\"twitter:card\" content=\"summary_large_image\" \/>\n<meta name=\"twitter:creator\" content=\"@sitemaranhaotv\" \/>\n<meta name=\"twitter:site\" content=\"@sitemaranhaotv\" \/>\n<meta name=\"twitter:label1\" content=\"Escrito por\" \/>\n\t<meta name=\"twitter:data1\" content=\"maranhaotv\" \/>\n\t<meta name=\"twitter:label2\" content=\"Est. tempo de leitura\" \/>\n\t<meta name=\"twitter:data2\" content=\"3 minutos\" \/>\n<script type=\"application\/ld+json\" class=\"yoast-schema-graph\">{\"@context\":\"https:\\\/\\\/schema.org\",\"@graph\":[{\"@type\":\"Article\",\"@id\":\"https:\\\/\\\/maranhaotv.com.br\\\/index.php\\\/2023\\\/11\\\/06\\\/prefeito-eudes-vira-alvo-do-tce-apos-receber-r-5-milhoes-do-fundeb-destinado-as-escolas-de-tempo-integral\\\/#article\",\"isPartOf\":{\"@id\":\"https:\\\/\\\/maranhaotv.com.br\\\/index.php\\\/2023\\\/11\\\/06\\\/prefeito-eudes-vira-alvo-do-tce-apos-receber-r-5-milhoes-do-fundeb-destinado-as-escolas-de-tempo-integral\\\/\"},\"author\":{\"name\":\"maranhaotv\",\"@id\":\"https:\\\/\\\/maranhaotv.com.br\\\/#\\\/schema\\\/person\\\/3d54238e86b20bb5c89ab2fdb8f8829a\"},\"headline\":\"Prefeito Eudes vira alvo do TCE ap\u00f3s receber R$ 5 Milh\u00f5es do Fundeb destinado \u00e0s escolas de tempo integral\",\"datePublished\":\"2023-11-06T17:29:25+00:00\",\"mainEntityOfPage\":{\"@id\":\"https:\\\/\\\/maranhaotv.com.br\\\/index.php\\\/2023\\\/11\\\/06\\\/prefeito-eudes-vira-alvo-do-tce-apos-receber-r-5-milhoes-do-fundeb-destinado-as-escolas-de-tempo-integral\\\/\"},\"wordCount\":565,\"commentCount\":0,\"publisher\":{\"@id\":\"https:\\\/\\\/maranhaotv.com.br\\\/#organization\"},\"image\":{\"@id\":\"https:\\\/\\\/maranhaotv.com.br\\\/index.php\\\/2023\\\/11\\\/06\\\/prefeito-eudes-vira-alvo-do-tce-apos-receber-r-5-milhoes-do-fundeb-destinado-as-escolas-de-tempo-integral\\\/#primaryimage\"},\"thumbnailUrl\":\"\",\"keywords\":[\"Eudes Sampaio\",\"Raposa\"],\"articleSection\":[\"not\u00edcias\"],\"inLanguage\":\"pt-BR\",\"potentialAction\":[{\"@type\":\"CommentAction\",\"name\":\"Comment\",\"target\":[\"https:\\\/\\\/maranhaotv.com.br\\\/index.php\\\/2023\\\/11\\\/06\\\/prefeito-eudes-vira-alvo-do-tce-apos-receber-r-5-milhoes-do-fundeb-destinado-as-escolas-de-tempo-integral\\\/#respond\"]}]},{\"@type\":\"WebPage\",\"@id\":\"https:\\\/\\\/maranhaotv.com.br\\\/index.php\\\/2023\\\/11\\\/06\\\/prefeito-eudes-vira-alvo-do-tce-apos-receber-r-5-milhoes-do-fundeb-destinado-as-escolas-de-tempo-integral\\\/\",\"url\":\"https:\\\/\\\/maranhaotv.com.br\\\/index.php\\\/2023\\\/11\\\/06\\\/prefeito-eudes-vira-alvo-do-tce-apos-receber-r-5-milhoes-do-fundeb-destinado-as-escolas-de-tempo-integral\\\/\",\"name\":\"Prefeito Eudes vira alvo do TCE ap\u00f3s receber R$ 5 Milh\u00f5es do Fundeb destinado \u00e0s escolas de tempo integral - NOT\u00cdCIAS EM TEMPO REAL\",\"isPartOf\":{\"@id\":\"https:\\\/\\\/maranhaotv.com.br\\\/#website\"},\"primaryImageOfPage\":{\"@id\":\"https:\\\/\\\/maranhaotv.com.br\\\/index.php\\\/2023\\\/11\\\/06\\\/prefeito-eudes-vira-alvo-do-tce-apos-receber-r-5-milhoes-do-fundeb-destinado-as-escolas-de-tempo-integral\\\/#primaryimage\"},\"image\":{\"@id\":\"https:\\\/\\\/maranhaotv.com.br\\\/index.php\\\/2023\\\/11\\\/06\\\/prefeito-eudes-vira-alvo-do-tce-apos-receber-r-5-milhoes-do-fundeb-destinado-as-escolas-de-tempo-integral\\\/#primaryimage\"},\"thumbnailUrl\":\"\",\"datePublished\":\"2023-11-06T17:29:25+00:00\",\"breadcrumb\":{\"@id\":\"https:\\\/\\\/maranhaotv.com.br\\\/index.php\\\/2023\\\/11\\\/06\\\/prefeito-eudes-vira-alvo-do-tce-apos-receber-r-5-milhoes-do-fundeb-destinado-as-escolas-de-tempo-integral\\\/#breadcrumb\"},\"inLanguage\":\"pt-BR\",\"potentialAction\":[{\"@type\":\"ReadAction\",\"target\":[\"https:\\\/\\\/maranhaotv.com.br\\\/index.php\\\/2023\\\/11\\\/06\\\/prefeito-eudes-vira-alvo-do-tce-apos-receber-r-5-milhoes-do-fundeb-destinado-as-escolas-de-tempo-integral\\\/\"]}]},{\"@type\":\"ImageObject\",\"inLanguage\":\"pt-BR\",\"@id\":\"https:\\\/\\\/maranhaotv.com.br\\\/index.php\\\/2023\\\/11\\\/06\\\/prefeito-eudes-vira-alvo-do-tce-apos-receber-r-5-milhoes-do-fundeb-destinado-as-escolas-de-tempo-integral\\\/#primaryimage\",\"url\":\"\",\"contentUrl\":\"\"},{\"@type\":\"BreadcrumbList\",\"@id\":\"https:\\\/\\\/maranhaotv.com.br\\\/index.php\\\/2023\\\/11\\\/06\\\/prefeito-eudes-vira-alvo-do-tce-apos-receber-r-5-milhoes-do-fundeb-destinado-as-escolas-de-tempo-integral\\\/#breadcrumb\",\"itemListElement\":[{\"@type\":\"ListItem\",\"position\":1,\"name\":\"In\u00edcio\",\"item\":\"https:\\\/\\\/maranhaotv.com.br\\\/\"},{\"@type\":\"ListItem\",\"position\":2,\"name\":\"Prefeito Eudes vira alvo do TCE ap\u00f3s receber R$ 5 Milh\u00f5es do Fundeb destinado \u00e0s escolas de tempo integral\"}]},{\"@type\":\"WebSite\",\"@id\":\"https:\\\/\\\/maranhaotv.com.br\\\/#website\",\"url\":\"https:\\\/\\\/maranhaotv.com.br\\\/\",\"name\":\"Maranh\u00e3oTV\",\"description\":\"\",\"publisher\":{\"@id\":\"https:\\\/\\\/maranhaotv.com.br\\\/#organization\"},\"potentialAction\":[{\"@type\":\"SearchAction\",\"target\":{\"@type\":\"EntryPoint\",\"urlTemplate\":\"https:\\\/\\\/maranhaotv.com.br\\\/?s={search_term_string}\"},\"query-input\":{\"@type\":\"PropertyValueSpecification\",\"valueRequired\":true,\"valueName\":\"search_term_string\"}}],\"inLanguage\":\"pt-BR\"},{\"@type\":\"Organization\",\"@id\":\"https:\\\/\\\/maranhaotv.com.br\\\/#organization\",\"name\":\"Portal de Not\u00edcias\",\"url\":\"https:\\\/\\\/maranhaotv.com.br\\\/\",\"logo\":{\"@type\":\"ImageObject\",\"inLanguage\":\"pt-BR\",\"@id\":\"https:\\\/\\\/maranhaotv.com.br\\\/#\\\/schema\\\/logo\\\/image\\\/\",\"url\":\"https:\\\/\\\/maranhaotv.com.br\\\/wp-content\\\/uploads\\\/2024\\\/05\\\/cropped-cropped-avatar-1.png\",\"contentUrl\":\"https:\\\/\\\/maranhaotv.com.br\\\/wp-content\\\/uploads\\\/2024\\\/05\\\/cropped-cropped-avatar-1.png\",\"width\":792,\"height\":428,\"caption\":\"Portal de Not\u00edcias\"},\"image\":{\"@id\":\"https:\\\/\\\/maranhaotv.com.br\\\/#\\\/schema\\\/logo\\\/image\\\/\"},\"sameAs\":[\"https:\\\/\\\/www.facebook.com\\\/maiobaotv\",\"https:\\\/\\\/x.com\\\/sitemaranhaotv\",\"https:\\\/\\\/www.instagram.com\\\/maranhao.tv\",\"https:\\\/\\\/www.threads.net\\\/@maranhao.tv\"]},{\"@type\":\"Person\",\"@id\":\"https:\\\/\\\/maranhaotv.com.br\\\/#\\\/schema\\\/person\\\/3d54238e86b20bb5c89ab2fdb8f8829a\",\"name\":\"maranhaotv\",\"image\":{\"@type\":\"ImageObject\",\"inLanguage\":\"pt-BR\",\"@id\":\"https:\\\/\\\/secure.gravatar.com\\\/avatar\\\/8fadbca458d4cb68b1dd399ae9a40618d747bb1af65ac9fad21c89220a143eb4?s=96&d=mm&r=g\",\"url\":\"https:\\\/\\\/secure.gravatar.com\\\/avatar\\\/8fadbca458d4cb68b1dd399ae9a40618d747bb1af65ac9fad21c89220a143eb4?s=96&d=mm&r=g\",\"contentUrl\":\"https:\\\/\\\/secure.gravatar.com\\\/avatar\\\/8fadbca458d4cb68b1dd399ae9a40618d747bb1af65ac9fad21c89220a143eb4?s=96&d=mm&r=g\",\"caption\":\"maranhaotv\"},\"sameAs\":[\"https:\\\/\\\/maranhaotv.com.br\\\/\"],\"url\":\"https:\\\/\\\/maranhaotv.com.br\\\/index.php\\\/author\\\/maranhaotv\\\/\"}]}<\/script>\n<!-- \/ Yoast SEO plugin. -->","yoast_head_json":{"title":"Prefeito Eudes vira alvo do TCE ap\u00f3s receber R$ 5 Milh\u00f5es do Fundeb destinado \u00e0s escolas de tempo integral - NOT\u00cdCIAS EM TEMPO REAL","robots":{"index":"index","follow":"follow","max-snippet":"max-snippet:-1","max-image-preview":"max-image-preview:large","max-video-preview":"max-video-preview:-1"},"canonical":"https:\/\/maranhaotv.com.br\/index.php\/2023\/11\/06\/prefeito-eudes-vira-alvo-do-tce-apos-receber-r-5-milhoes-do-fundeb-destinado-as-escolas-de-tempo-integral\/","og_locale":"pt_BR","og_type":"article","og_title":"Prefeito Eudes vira alvo do TCE ap\u00f3s receber R$ 5 Milh\u00f5es do Fundeb destinado \u00e0s escolas de tempo integral - NOT\u00cdCIAS EM TEMPO REAL","og_description":"Auditores de Controle do Tribunal de Contas do Estado (TCE-MA), assinaram em agosto de 2023 uma Representa\u00e7\u00e3o contra o prefeito","og_url":"https:\/\/maranhaotv.com.br\/index.php\/2023\/11\/06\/prefeito-eudes-vira-alvo-do-tce-apos-receber-r-5-milhoes-do-fundeb-destinado-as-escolas-de-tempo-integral\/","og_site_name":"NOT\u00cdCIAS EM TEMPO REAL","article_publisher":"https:\/\/www.facebook.com\/maiobaotv","article_published_time":"2023-11-06T17:29:25+00:00","author":"maranhaotv","twitter_card":"summary_large_image","twitter_creator":"@sitemaranhaotv","twitter_site":"@sitemaranhaotv","twitter_misc":{"Escrito por":"maranhaotv","Est. tempo de leitura":"3 minutos"},"schema":{"@context":"https:\/\/schema.org","@graph":[{"@type":"Article","@id":"https:\/\/maranhaotv.com.br\/index.php\/2023\/11\/06\/prefeito-eudes-vira-alvo-do-tce-apos-receber-r-5-milhoes-do-fundeb-destinado-as-escolas-de-tempo-integral\/#article","isPartOf":{"@id":"https:\/\/maranhaotv.com.br\/index.php\/2023\/11\/06\/prefeito-eudes-vira-alvo-do-tce-apos-receber-r-5-milhoes-do-fundeb-destinado-as-escolas-de-tempo-integral\/"},"author":{"name":"maranhaotv","@id":"https:\/\/maranhaotv.com.br\/#\/schema\/person\/3d54238e86b20bb5c89ab2fdb8f8829a"},"headline":"Prefeito Eudes vira alvo do TCE ap\u00f3s receber R$ 5 Milh\u00f5es do Fundeb destinado \u00e0s escolas de tempo integral","datePublished":"2023-11-06T17:29:25+00:00","mainEntityOfPage":{"@id":"https:\/\/maranhaotv.com.br\/index.php\/2023\/11\/06\/prefeito-eudes-vira-alvo-do-tce-apos-receber-r-5-milhoes-do-fundeb-destinado-as-escolas-de-tempo-integral\/"},"wordCount":565,"commentCount":0,"publisher":{"@id":"https:\/\/maranhaotv.com.br\/#organization"},"image":{"@id":"https:\/\/maranhaotv.com.br\/index.php\/2023\/11\/06\/prefeito-eudes-vira-alvo-do-tce-apos-receber-r-5-milhoes-do-fundeb-destinado-as-escolas-de-tempo-integral\/#primaryimage"},"thumbnailUrl":"","keywords":["Eudes Sampaio","Raposa"],"articleSection":["not\u00edcias"],"inLanguage":"pt-BR","potentialAction":[{"@type":"CommentAction","name":"Comment","target":["https:\/\/maranhaotv.com.br\/index.php\/2023\/11\/06\/prefeito-eudes-vira-alvo-do-tce-apos-receber-r-5-milhoes-do-fundeb-destinado-as-escolas-de-tempo-integral\/#respond"]}]},{"@type":"WebPage","@id":"https:\/\/maranhaotv.com.br\/index.php\/2023\/11\/06\/prefeito-eudes-vira-alvo-do-tce-apos-receber-r-5-milhoes-do-fundeb-destinado-as-escolas-de-tempo-integral\/","url":"https:\/\/maranhaotv.com.br\/index.php\/2023\/11\/06\/prefeito-eudes-vira-alvo-do-tce-apos-receber-r-5-milhoes-do-fundeb-destinado-as-escolas-de-tempo-integral\/","name":"Prefeito Eudes vira alvo do TCE ap\u00f3s receber R$ 5 Milh\u00f5es do Fundeb destinado \u00e0s escolas de tempo integral - NOT\u00cdCIAS EM TEMPO REAL","isPartOf":{"@id":"https:\/\/maranhaotv.com.br\/#website"},"primaryImageOfPage":{"@id":"https:\/\/maranhaotv.com.br\/index.php\/2023\/11\/06\/prefeito-eudes-vira-alvo-do-tce-apos-receber-r-5-milhoes-do-fundeb-destinado-as-escolas-de-tempo-integral\/#primaryimage"},"image":{"@id":"https:\/\/maranhaotv.com.br\/index.php\/2023\/11\/06\/prefeito-eudes-vira-alvo-do-tce-apos-receber-r-5-milhoes-do-fundeb-destinado-as-escolas-de-tempo-integral\/#primaryimage"},"thumbnailUrl":"","datePublished":"2023-11-06T17:29:25+00:00","breadcrumb":{"@id":"https:\/\/maranhaotv.com.br\/index.php\/2023\/11\/06\/prefeito-eudes-vira-alvo-do-tce-apos-receber-r-5-milhoes-do-fundeb-destinado-as-escolas-de-tempo-integral\/#breadcrumb"},"inLanguage":"pt-BR","potentialAction":[{"@type":"ReadAction","target":["https:\/\/maranhaotv.com.br\/index.php\/2023\/11\/06\/prefeito-eudes-vira-alvo-do-tce-apos-receber-r-5-milhoes-do-fundeb-destinado-as-escolas-de-tempo-integral\/"]}]},{"@type":"ImageObject","inLanguage":"pt-BR","@id":"https:\/\/maranhaotv.com.br\/index.php\/2023\/11\/06\/prefeito-eudes-vira-alvo-do-tce-apos-receber-r-5-milhoes-do-fundeb-destinado-as-escolas-de-tempo-integral\/#primaryimage","url":"","contentUrl":""},{"@type":"BreadcrumbList","@id":"https:\/\/maranhaotv.com.br\/index.php\/2023\/11\/06\/prefeito-eudes-vira-alvo-do-tce-apos-receber-r-5-milhoes-do-fundeb-destinado-as-escolas-de-tempo-integral\/#breadcrumb","itemListElement":[{"@type":"ListItem","position":1,"name":"In\u00edcio","item":"https:\/\/maranhaotv.com.br\/"},{"@type":"ListItem","position":2,"name":"Prefeito Eudes vira alvo do TCE ap\u00f3s receber R$ 5 Milh\u00f5es do Fundeb destinado \u00e0s escolas de tempo integral"}]},{"@type":"WebSite","@id":"https:\/\/maranhaotv.com.br\/#website","url":"https:\/\/maranhaotv.com.br\/","name":"Maranh\u00e3oTV","description":"","publisher":{"@id":"https:\/\/maranhaotv.com.br\/#organization"},"potentialAction":[{"@type":"SearchAction","target":{"@type":"EntryPoint","urlTemplate":"https:\/\/maranhaotv.com.br\/?s={search_term_string}"},"query-input":{"@type":"PropertyValueSpecification","valueRequired":true,"valueName":"search_term_string"}}],"inLanguage":"pt-BR"},{"@type":"Organization","@id":"https:\/\/maranhaotv.com.br\/#organization","name":"Portal de Not\u00edcias","url":"https:\/\/maranhaotv.com.br\/","logo":{"@type":"ImageObject","inLanguage":"pt-BR","@id":"https:\/\/maranhaotv.com.br\/#\/schema\/logo\/image\/","url":"https:\/\/maranhaotv.com.br\/wp-content\/uploads\/2024\/05\/cropped-cropped-avatar-1.png","contentUrl":"https:\/\/maranhaotv.com.br\/wp-content\/uploads\/2024\/05\/cropped-cropped-avatar-1.png","width":792,"height":428,"caption":"Portal de Not\u00edcias"},"image":{"@id":"https:\/\/maranhaotv.com.br\/#\/schema\/logo\/image\/"},"sameAs":["https:\/\/www.facebook.com\/maiobaotv","https:\/\/x.com\/sitemaranhaotv","https:\/\/www.instagram.com\/maranhao.tv","https:\/\/www.threads.net\/@maranhao.tv"]},{"@type":"Person","@id":"https:\/\/maranhaotv.com.br\/#\/schema\/person\/3d54238e86b20bb5c89ab2fdb8f8829a","name":"maranhaotv","image":{"@type":"ImageObject","inLanguage":"pt-BR","@id":"https:\/\/secure.gravatar.com\/avatar\/8fadbca458d4cb68b1dd399ae9a40618d747bb1af65ac9fad21c89220a143eb4?s=96&d=mm&r=g","url":"https:\/\/secure.gravatar.com\/avatar\/8fadbca458d4cb68b1dd399ae9a40618d747bb1af65ac9fad21c89220a143eb4?s=96&d=mm&r=g","contentUrl":"https:\/\/secure.gravatar.com\/avatar\/8fadbca458d4cb68b1dd399ae9a40618d747bb1af65ac9fad21c89220a143eb4?s=96&d=mm&r=g","caption":"maranhaotv"},"sameAs":["https:\/\/maranhaotv.com.br\/"],"url":"https:\/\/maranhaotv.com.br\/index.php\/author\/maranhaotv\/"}]}},"jetpack_featured_media_url":"","jetpack_sharing_enabled":true,"_links":{"self":[{"href":"https:\/\/maranhaotv.com.br\/index.php\/wp-json\/wp\/v2\/posts\/33369","targetHints":{"allow":["GET"]}}],"collection":[{"href":"https:\/\/maranhaotv.com.br\/index.php\/wp-json\/wp\/v2\/posts"}],"about":[{"href":"https:\/\/maranhaotv.com.br\/index.php\/wp-json\/wp\/v2\/types\/post"}],"author":[{"embeddable":true,"href":"https:\/\/maranhaotv.com.br\/index.php\/wp-json\/wp\/v2\/users\/2"}],"replies":[{"embeddable":true,"href":"https:\/\/maranhaotv.com.br\/index.php\/wp-json\/wp\/v2\/comments?post=33369"}],"version-history":[{"count":0,"href":"https:\/\/maranhaotv.com.br\/index.php\/wp-json\/wp\/v2\/posts\/33369\/revisions"}],"wp:featuredmedia":[{"embeddable":true,"href":"https:\/\/maranhaotv.com.br\/index.php\/wp-json\/"}],"wp:attachment":[{"href":"https:\/\/maranhaotv.com.br\/index.php\/wp-json\/wp\/v2\/media?parent=33369"}],"wp:term":[{"taxonomy":"category","embeddable":true,"href":"https:\/\/maranhaotv.com.br\/index.php\/wp-json\/wp\/v2\/categories?post=33369"},{"taxonomy":"post_tag","embeddable":true,"href":"https:\/\/maranhaotv.com.br\/index.php\/wp-json\/wp\/v2\/tags?post=33369"}],"curies":[{"name":"wp","href":"https:\/\/api.w.org\/{rel}","templated":true}]}}